{"id":643697,"date":"2023-10-10T18:36:10","date_gmt":"2023-10-10T14:36:10","guid":{"rendered":"https:\/\/arantv.az\/?p=643697"},"modified":"2023-10-10T18:36:10","modified_gmt":"2023-10-10T14:36:10","slug":"hakan-fidan-c%c9%99nubi-qafqazda-butun-imkanlari-dayaniqli-sulh-ucun-s%c9%99rf-etm%c9%99yin-vaxtidir","status":"publish","type":"post","link":"https:\/\/arantv.az\/?p=643697","title":{"rendered":"Hakan Fidan: \u201cC\u0259nubi Qafqazda b\u00fct\u00fcn imkanlar\u0131 dayan\u0131ql\u0131 s\u00fclh \u00fc\u00e7\u00fcn s\u0259rf etm\u0259yin vaxt\u0131d\u0131r&#8221;"},"content":{"rendered":"<p>\u201cC\u0259nubi Qafqazda b\u00fct\u00fcn imkanlar\u0131 dayan\u0131ql\u0131 s\u00fclh, sabitlik v\u0259 t\u0259hl\u00fck\u0259sizlik \u00fc\u00e7\u00fcn istifad\u0259 etm\u0259yin vaxt\u0131d\u0131r\u201d.<\/p>\n<p>\u201cReport\u201d x\u0259b\u0259r verir ki, bunu T\u00fcrkiy\u0259nin xarici i\u015fl\u0259r naziri Hakan Fidan \u0130qtisadi \u018fm\u0259kda\u015fl\u0131q T\u0259\u015fkilat\u0131n\u0131n (\u0130\u018fT) Nazirl\u0259r \u015euras\u0131n\u0131n oktyabr\u0131n 10-da \u015eu\u015fada ke\u00e7iril\u0259n 27-ci iclas\u0131nda \u00e7\u0131x\u0131\u015f\u0131 zaman\u0131 deyib.<\/p>\n<p>O, \u015eu\u015fada olmaqdan m\u0259mnunlu\u011funu ifad\u0259 edib:<\/p>\n<p>\u201cToplant\u0131n\u0131n q\u0259dim \u015eu\u015fada t\u0259\u015fkil edilm\u0259si xo\u015fb\u0259xtlik v\u0259 q\u00fcrur m\u0259nb\u0259yidir. Az\u0259rbaycanl\u0131 qarda\u015flar\u0131m\u0131z\u0131 30 illik i\u015f\u011fala son verdikl\u0259ri v\u0259 tarixi \u0259dal\u0259tsizliyi aradan qald\u0131rd\u0131qlar\u0131 \u00fc\u00e7\u00fcn alq\u0131\u015flay\u0131r\u0131q\u201d.<\/p>\n<p>Nazir, h\u0259m\u00e7inin, C\u0259nubi Qafqazda yeni dinamikan\u0131n formala\u015fmas\u0131n\u0131n v\u0259 Z\u0259ng\u0259zur d\u0259hlizinin a\u00e7\u0131lmas\u0131n\u0131n \u0130\u018fT-in b\u00fct\u00fcn \u00fczvl\u0259rinin xeyrin\u0259 oldu\u011funu bildirib.<\/p>\n","protected":false},"excerpt":{"rendered":"<p>\u201cC\u0259nubi Qafqazda b\u00fct\u00fcn imkanlar\u0131 dayan\u0131ql\u0131 s\u00fclh, sabitlik v\u0259 t\u0259hl\u00fck\u0259sizlik \u00fc\u00e7\u00fcn istifad\u0259 etm\u0259yin vaxt\u0131d\u0131r\u201d. \u201cReport\u201d x\u0259b\u0259r verir ki, bunu T\u00fcrkiy\u0259nin xarici i\u015fl\u0259r naziri Hakan Fidan \u0130qtisadi \u018fm\u0259kda\u015fl\u0131q T\u0259\u015fkilat\u0131n\u0131n (\u0130\u018fT) Nazirl\u0259r \u015euras\u0131n\u0131n oktyabr\u0131n 10-da \u015eu\u015fada ke\u00e7iril\u0259n 27-ci iclas\u0131nda \u00e7\u0131x\u0131\u015f\u0131 zaman\u0131 deyib. O, \u015eu\u015fada olmaqdan m\u0259mnunlu\u011funu ifad\u0259 edib: \u201cToplant\u0131n\u0131n q\u0259dim \u015eu\u015fada t\u0259\u015fkil edilm\u0259si xo\u015fb\u0259xtlik v\u0259 q\u00fcrur m\u0259nb\u0259yidir. Az\u0259rbaycanl\u0131 qarda\u015flar\u0131m\u0131z\u0131 30 illik i\u015f\u011fala son verdikl\u0259ri v\u0259 tarixi \u0259dal\u0259tsizliyi aradan qald\u0131rd\u0131qlar\u0131 \u00fc\u00e7\u00fcn alq\u0131\u015flay\u0131r\u0131q\u201d. Nazir, h\u0259m\u00e7inin, C\u0259nubi Qafqazda yeni dinamikan\u0131n formala\u015fmas\u0131n\u0131n v\u0259 Z\u0259ng\u0259zur d\u0259hlizinin a\u00e7\u0131lmas\u0131n\u0131n \u0130\u018fT-in b\u00fct\u00fcn \u00fczvl\u0259rinin xeyrin\u0259 oldu\u011funu bildirib.<\/p>\n","protected":false},"author":2,"featured_media":643699,"comment_status":"closed","ping_status":"closed","sticky":false,"template":"","format":"standard","meta":{"om_disable_all_campaigns":false,"_monsterinsights_skip_tracking":false,"_monsterinsights_sitenote_active":false,"_monsterinsights_sitenote_note":"","_monsterinsights_sitenote_category":0},"categories":[4],"tags":[],"aioseo_notices":[],"gutentor_comment":0,"rttpg_featured_image_url":{"full":["https:\/\/arantv.az\/wp-content\/uploads\/2023\/10\/01547871-bf3f-33a8-a112-ccf7bb419838_850.jpg",620,413,false],"landscape":["https:\/\/arantv.az\/wp-content\/uploads\/2023\/10\/01547871-bf3f-33a8-a112-ccf7bb419838_850.jpg",620,413,false],"portraits":["https:\/\/arantv.az\/wp-content\/uploads\/2023\/10\/01547871-bf3f-33a8-a112-ccf7bb419838_850.jpg",620,413,false],"thumbnail":["https:\/\/arantv.az\/wp-content\/uploads\/2023\/10\/01547871-bf3f-33a8-a112-ccf7bb419838_850-500x280.jpg",500,280,true],"medium":["https:\/\/arantv.az\/wp-content\/uploads\/2023\/10\/01547871-bf3f-33a8-a112-ccf7bb419838_850-548x365.jpg",548,365,true],"large":["https:\/\/arantv.az\/wp-content\/uploads\/2023\/10\/01547871-bf3f-33a8-a112-ccf7bb419838_850.jpg",620,413,false],"1536x1536":["https:\/\/arantv.az\/wp-content\/uploads\/2023\/10\/01547871-bf3f-33a8-a112-ccf7bb419838_850.jpg",620,413,false],"2048x2048":["https:\/\/arantv.az\/wp-content\/uploads\/2023\/10\/01547871-bf3f-33a8-a112-ccf7bb419838_850.jpg",620,413,false],"post-thumbnail":["https:\/\/arantv.az\/wp-content\/uploads\/2023\/10\/01547871-bf3f-33a8-a112-ccf7bb419838_850-240x172.jpg",240,172,true],"advps-thumb-one":["https:\/\/arantv.az\/wp-content\/uploads\/2023\/10\/01547871-bf3f-33a8-a112-ccf7bb419838_850.jpg",620,413,false]},"rttpg_author":{"display_name":"V\u00fcsal Rafiqo\u011flu","author_link":"https:\/\/arantv.az\/?author=2"},"rttpg_comment":0,"rttpg_category":"<a href=\"https:\/\/arantv.az\/?cat=4\" rel=\"category\">Siyas\u0259t<\/a>","rttpg_excerpt":"\u201cC\u0259nubi Qafqazda b\u00fct\u00fcn imkanlar\u0131 dayan\u0131ql\u0131 s\u00fclh, sabitlik v\u0259 t\u0259hl\u00fck\u0259sizlik \u00fc\u00e7\u00fcn istifad\u0259 etm\u0259yin vaxt\u0131d\u0131r\u201d. \u201cReport\u201d x\u0259b\u0259r verir ki, bunu T\u00fcrkiy\u0259nin xarici i\u015fl\u0259r naziri Hakan Fidan \u0130qtisadi \u018fm\u0259kda\u015fl\u0131q T\u0259\u015fkilat\u0131n\u0131n (\u0130\u018fT) Nazirl\u0259r \u015euras\u0131n\u0131n oktyabr\u0131n 10-da \u015eu\u015fada ke\u00e7iril\u0259n 27-ci iclas\u0131nda \u00e7\u0131x\u0131\u015f\u0131 zaman\u0131 deyib. O, \u015eu\u015fada olmaqdan m\u0259mnunlu\u011funu ifad\u0259 edib: \u201cToplant\u0131n\u0131n q\u0259dim \u015eu\u015fada t\u0259\u015fkil edilm\u0259si xo\u015fb\u0259xtlik v\u0259 q\u00fcrur m\u0259nb\u0259yidir. Az\u0259rbaycanl\u0131&hellip;","_links":{"self":[{"href":"https:\/\/arantv.az\/index.php?rest_route=\/wp\/v2\/posts\/643697"}],"collection":[{"href":"https:\/\/arantv.az\/index.php?rest_route=\/wp\/v2\/posts"}],"about":[{"href":"https:\/\/arantv.az\/index.php?rest_route=\/wp\/v2\/types\/post"}],"author":[{"embeddable":true,"href":"https:\/\/arantv.az\/index.php?rest_route=\/wp\/v2\/users\/2"}],"replies":[{"embeddable":true,"href":"https:\/\/arantv.az\/index.php?rest_route=%2Fwp%2Fv2%2Fcomments&post=643697"}],"version-history":[{"count":0,"href":"https:\/\/arantv.az\/index.php?rest_route=\/wp\/v2\/posts\/643697\/revisions"}],"wp:featuredmedia":[{"embeddable":true,"href":"https:\/\/arantv.az\/index.php?rest_route=\/wp\/v2\/media\/643699"}],"wp:attachment":[{"href":"https:\/\/arantv.az\/index.php?rest_route=%2Fwp%2Fv2%2Fmedia&parent=643697"}],"wp:term":[{"taxonomy":"category","embeddable":true,"href":"https:\/\/arantv.az\/index.php?rest_route=%2Fwp%2Fv2%2Fcategories&post=643697"},{"taxonomy":"post_tag","embeddable":true,"href":"https:\/\/arantv.az\/index.php?rest_route=%2Fwp%2Fv2%2Ftags&post=643697"}],"curies":[{"name":"wp","href":"https:\/\/api.w.org\/{rel}","templated":true}]}}