{"id":643704,"date":"2023-10-10T18:37:17","date_gmt":"2023-10-10T14:37:17","guid":{"rendered":"https:\/\/arantv.az\/?p=643704"},"modified":"2023-10-10T18:37:17","modified_gmt":"2023-10-10T14:37:17","slug":"iranin-ali-dini-r%c9%99hb%c9%99ri-xamenei-israil%c9%99-hucumu-f%c9%99l%c9%99stinlil%c9%99r-ozl%c9%99ri-t%c9%99skil-edibl%c9%99r","status":"publish","type":"post","link":"https:\/\/arantv.az\/?p=643704","title":{"rendered":"\u0130ran\u0131n ali dini r\u0259hb\u0259ri Xamenei: \u201c\u0130srail\u0259 h\u00fccumu f\u0259l\u0259stinlil\u0259r \u00f6zl\u0259ri t\u0259\u015fkil edibl\u0259r\u201d"},"content":{"rendered":"<p>\u201cF\u0259l\u0259stinlil\u0259r \u0130srail\u0259 h\u00fccum \u0259m\u0259liyyat\u0131n\u0131 \u00f6zl\u0259ri he\u00e7 kimin k\u00f6m\u0259yi olmadan h\u0259yata ke\u00e7iribl\u0259r\u201d.<\/p>\n<p>Bu bar\u0259d\u0259 \u0130ran\u0131n ali dini r\u0259hb\u0259ri \u018fli Xamenei bildirib.<\/p>\n<p>O, H\u018fMAS-\u0131n h\u00fccumlar\u0131n\u0131 d\u0259st\u0259kl\u0259yib v\u0259 Q\u0259zza \u0259m\u0259liyyat\u0131n\u0131 \u201csionist rejimin k\u0259\u015ffiyyat\u0131n\u0131n d\u00fcz\u0259ldilm\u0259si m\u00fcmk\u00fcn olmayan s\u0259hvi v\u0259 h\u0259rbi u\u011fursuzlu\u011fu\u201d adland\u0131r\u0131b.<\/p>\n<p>\u0130ran\u0131n ali dini lideri ba\u015f ver\u0259nl\u0259r\u0259 g\u00f6r\u0259 \u0130srailin m\u0259suliyy\u0259t da\u015f\u0131d\u0131\u011f\u0131n\u0131 bildirib.<\/p>\n<p>\u201cQ\u0259ddarl\u0131q v\u0259 cinay\u0259t b\u00fct\u00fcn s\u0259rh\u0259dl\u0259ri a\u015fd\u0131qda, f\u0131rt\u0131na g\u00f6zl\u0259m\u0259k laz\u0131md\u0131r. Bu f\u0259lak\u0259ti \u00f6z ba\u015flar\u0131na g\u0259tir\u0259n sionistl\u0259rdir\u201d, &#8211; dey\u0259 Xamenei vur\u011fulay\u0131b.<\/p>\n<p>M\u0259nb\u0259: Interfaks<\/p>\n","protected":false},"excerpt":{"rendered":"<p>\u201cF\u0259l\u0259stinlil\u0259r \u0130srail\u0259 h\u00fccum \u0259m\u0259liyyat\u0131n\u0131 \u00f6zl\u0259ri he\u00e7 kimin k\u00f6m\u0259yi olmadan h\u0259yata ke\u00e7iribl\u0259r\u201d. Bu bar\u0259d\u0259 \u0130ran\u0131n ali dini r\u0259hb\u0259ri \u018fli Xamenei bildirib. O, H\u018fMAS-\u0131n h\u00fccumlar\u0131n\u0131 d\u0259st\u0259kl\u0259yib v\u0259 Q\u0259zza \u0259m\u0259liyyat\u0131n\u0131 \u201csionist rejimin k\u0259\u015ffiyyat\u0131n\u0131n d\u00fcz\u0259ldilm\u0259si m\u00fcmk\u00fcn olmayan s\u0259hvi v\u0259 h\u0259rbi u\u011fursuzlu\u011fu\u201d adland\u0131r\u0131b. \u0130ran\u0131n ali dini lideri ba\u015f ver\u0259nl\u0259r\u0259 g\u00f6r\u0259 \u0130srailin m\u0259suliyy\u0259t da\u015f\u0131d\u0131\u011f\u0131n\u0131 bildirib. \u201cQ\u0259ddarl\u0131q v\u0259 cinay\u0259t b\u00fct\u00fcn s\u0259rh\u0259dl\u0259ri a\u015fd\u0131qda, f\u0131rt\u0131na g\u00f6zl\u0259m\u0259k laz\u0131md\u0131r. Bu f\u0259lak\u0259ti \u00f6z ba\u015flar\u0131na g\u0259tir\u0259n sionistl\u0259rdir\u201d, &#8211; dey\u0259 Xamenei vur\u011fulay\u0131b. M\u0259nb\u0259: Interfaks<\/p>\n","protected":false},"author":2,"featured_media":643706,"comment_status":"closed","ping_status":"closed","sticky":false,"template":"","format":"standard","meta":{"om_disable_all_campaigns":false,"_monsterinsights_skip_tracking":false,"_monsterinsights_sitenote_active":false,"_monsterinsights_sitenote_note":"","_monsterinsights_sitenote_category":0},"categories":[4],"tags":[],"aioseo_notices":[],"gutentor_comment":0,"rttpg_featured_image_url":{"full":["https:\/\/arantv.az\/wp-content\/uploads\/2023\/10\/c87060e902756679f46a78aa7bdade20.jpg",620,413,false],"landscape":["https:\/\/arantv.az\/wp-content\/uploads\/2023\/10\/c87060e902756679f46a78aa7bdade20.jpg",620,413,false],"portraits":["https:\/\/arantv.az\/wp-content\/uploads\/2023\/10\/c87060e902756679f46a78aa7bdade20.jpg",620,413,false],"thumbnail":["https:\/\/arantv.az\/wp-content\/uploads\/2023\/10\/c87060e902756679f46a78aa7bdade20-500x280.jpg",500,280,true],"medium":["https:\/\/arantv.az\/wp-content\/uploads\/2023\/10\/c87060e902756679f46a78aa7bdade20-548x365.jpg",548,365,true],"large":["https:\/\/arantv.az\/wp-content\/uploads\/2023\/10\/c87060e902756679f46a78aa7bdade20.jpg",620,413,false],"1536x1536":["https:\/\/arantv.az\/wp-content\/uploads\/2023\/10\/c87060e902756679f46a78aa7bdade20.jpg",620,413,false],"2048x2048":["https:\/\/arantv.az\/wp-content\/uploads\/2023\/10\/c87060e902756679f46a78aa7bdade20.jpg",620,413,false],"post-thumbnail":["https:\/\/arantv.az\/wp-content\/uploads\/2023\/10\/c87060e902756679f46a78aa7bdade20-240x172.jpg",240,172,true],"advps-thumb-one":["https:\/\/arantv.az\/wp-content\/uploads\/2023\/10\/c87060e902756679f46a78aa7bdade20.jpg",620,413,false]},"rttpg_author":{"display_name":"V\u00fcsal Rafiqo\u011flu","author_link":"https:\/\/arantv.az\/?author=2"},"rttpg_comment":0,"rttpg_category":"<a href=\"https:\/\/arantv.az\/?cat=4\" rel=\"category\">Siyas\u0259t<\/a>","rttpg_excerpt":"\u201cF\u0259l\u0259stinlil\u0259r \u0130srail\u0259 h\u00fccum \u0259m\u0259liyyat\u0131n\u0131 \u00f6zl\u0259ri he\u00e7 kimin k\u00f6m\u0259yi olmadan h\u0259yata ke\u00e7iribl\u0259r\u201d. Bu bar\u0259d\u0259 \u0130ran\u0131n ali dini r\u0259hb\u0259ri \u018fli Xamenei bildirib. O, H\u018fMAS-\u0131n h\u00fccumlar\u0131n\u0131 d\u0259st\u0259kl\u0259yib v\u0259 Q\u0259zza \u0259m\u0259liyyat\u0131n\u0131 \u201csionist rejimin k\u0259\u015ffiyyat\u0131n\u0131n d\u00fcz\u0259ldilm\u0259si m\u00fcmk\u00fcn olmayan s\u0259hvi v\u0259 h\u0259rbi u\u011fursuzlu\u011fu\u201d adland\u0131r\u0131b. \u0130ran\u0131n ali dini lideri ba\u015f ver\u0259nl\u0259r\u0259 g\u00f6r\u0259 \u0130srailin m\u0259suliyy\u0259t da\u015f\u0131d\u0131\u011f\u0131n\u0131 bildirib. \u201cQ\u0259ddarl\u0131q v\u0259 cinay\u0259t b\u00fct\u00fcn s\u0259rh\u0259dl\u0259ri a\u015fd\u0131qda,&hellip;","_links":{"self":[{"href":"https:\/\/arantv.az\/index.php?rest_route=\/wp\/v2\/posts\/643704"}],"collection":[{"href":"https:\/\/arantv.az\/index.php?rest_route=\/wp\/v2\/posts"}],"about":[{"href":"https:\/\/arantv.az\/index.php?rest_route=\/wp\/v2\/types\/post"}],"author":[{"embeddable":true,"href":"https:\/\/arantv.az\/index.php?rest_route=\/wp\/v2\/users\/2"}],"replies":[{"embeddable":true,"href":"https:\/\/arantv.az\/index.php?rest_route=%2Fwp%2Fv2%2Fcomments&post=643704"}],"version-history":[{"count":0,"href":"https:\/\/arantv.az\/index.php?rest_route=\/wp\/v2\/posts\/643704\/revisions"}],"wp:featuredmedia":[{"embeddable":true,"href":"https:\/\/arantv.az\/index.php?rest_route=\/wp\/v2\/media\/643706"}],"wp:attachment":[{"href":"https:\/\/arantv.az\/index.php?rest_route=%2Fwp%2Fv2%2Fmedia&parent=643704"}],"wp:term":[{"taxonomy":"category","embeddable":true,"href":"https:\/\/arantv.az\/index.php?rest_route=%2Fwp%2Fv2%2Fcategories&post=643704"},{"taxonomy":"post_tag","embeddable":true,"href":"https:\/\/arantv.az\/index.php?rest_route=%2Fwp%2Fv2%2Ftags&post=643704"}],"curies":[{"name":"wp","href":"https:\/\/api.w.org\/{rel}","templated":true}]}}