{"id":643714,"date":"2023-10-10T18:39:11","date_gmt":"2023-10-10T14:39:11","guid":{"rendered":"https:\/\/arantv.az\/?p=643714"},"modified":"2023-10-10T18:39:11","modified_gmt":"2023-10-10T14:39:11","slug":"s%c9%99hid-atasi-anar-diplomunu-gorm%c9%99di-amma-onun-q%c9%99hr%c9%99manligini-butun-dunya-gordu","status":"publish","type":"post","link":"https:\/\/arantv.az\/?p=643714","title":{"rendered":"\u015e\u0259hid atas\u0131: \u201cAnar diplomunu g\u00f6rm\u0259di, amma onun q\u0259hr\u0259manl\u0131\u011f\u0131n\u0131 b\u00fct\u00fcn d\u00fcnya g\u00f6rd\u00fc\u201d"},"content":{"rendered":"<article class=\"news\">\n<div class=\"news-inner\">\n<p>\u201c\u0130qtisad Universitetind\u0259 t\u0259hsil almaq Anar\u0131n arzusu idi. Universiteti bitirdi, amma t\u0259\u0259ss\u00fcf ki, diplomunu m\u0259zar\u0131 \u00fcst\u0259 m\u0259n\u0259 t\u0259hvil verdil\u0259r\u201d.<\/p>\n<p>Bunu Baku TV-y\u0259 a\u00e7\u0131qlamas\u0131nda V\u0259t\u0259n m\u00fcharib\u0259si \u015f\u0259hidi Anar Qarayevin atas\u0131 \u00c7ingiz Qarayev deyib.<\/p>\n<p>O qeyd edib ki, Anar \u00f6z diplomunu g\u00f6rm\u0259s\u0259 d\u0259, onun q\u0259hr\u0259manl\u0131\u011f\u0131n\u0131 b\u00fct\u00fcn d\u00fcnya g\u00f6r\u00fcb:<\/p>\n<p>\u201cAnar g\u0259nc n\u0259sl\u0259 \u00f6z t\u0259hsili, davran\u0131\u015f\u0131, v\u0259t\u0259np\u0259rv\u0259rliyi il\u0259 \u00f6rn\u0259k oldu\u201d.<\/p>\n<div><iframe loading=\"lazy\" title=\"YouTube video player\" src=\"https:\/\/www.youtube.com\/embed\/WRmX4oj6R0A?si=fZ062EWpP6Opj4qY\" width=\"560\" height=\"315\" frameborder=\"0\" allowfullscreen=\"allowfullscreen\" data-mce-fragment=\"1\"><\/iframe><\/div>\n<\/div>\n<\/article>\n","protected":false},"excerpt":{"rendered":"<p>\u201c\u0130qtisad Universitetind\u0259 t\u0259hsil almaq Anar\u0131n arzusu idi. Universiteti bitirdi, amma t\u0259\u0259ss\u00fcf ki, diplomunu m\u0259zar\u0131 \u00fcst\u0259 m\u0259n\u0259 t\u0259hvil verdil\u0259r\u201d. Bunu Baku TV-y\u0259 a\u00e7\u0131qlamas\u0131nda V\u0259t\u0259n m\u00fcharib\u0259si \u015f\u0259hidi Anar Qarayevin atas\u0131 \u00c7ingiz Qarayev deyib. O qeyd edib ki, Anar \u00f6z diplomunu g\u00f6rm\u0259s\u0259 d\u0259, onun q\u0259hr\u0259manl\u0131\u011f\u0131n\u0131 b\u00fct\u00fcn d\u00fcnya g\u00f6r\u00fcb: \u201cAnar g\u0259nc n\u0259sl\u0259 \u00f6z t\u0259hsili, davran\u0131\u015f\u0131, v\u0259t\u0259np\u0259rv\u0259rliyi il\u0259 \u00f6rn\u0259k oldu\u201d.<\/p>\n","protected":false},"author":2,"featured_media":643718,"comment_status":"closed","ping_status":"closed","sticky":false,"template":"","format":"standard","meta":{"om_disable_all_campaigns":false,"_monsterinsights_skip_tracking":false,"_monsterinsights_sitenote_active":false,"_monsterinsights_sitenote_note":"","_monsterinsights_sitenote_category":0},"categories":[1],"tags":[],"aioseo_notices":[],"gutentor_comment":0,"rttpg_featured_image_url":{"full":["https:\/\/arantv.az\/wp-content\/uploads\/2023\/10\/FotoJet-6-1.jpg",620,413,false],"landscape":["https:\/\/arantv.az\/wp-content\/uploads\/2023\/10\/FotoJet-6-1.jpg",620,413,false],"portraits":["https:\/\/arantv.az\/wp-content\/uploads\/2023\/10\/FotoJet-6-1.jpg",620,413,false],"thumbnail":["https:\/\/arantv.az\/wp-content\/uploads\/2023\/10\/FotoJet-6-1-500x280.jpg",500,280,true],"medium":["https:\/\/arantv.az\/wp-content\/uploads\/2023\/10\/FotoJet-6-1-548x365.jpg",548,365,true],"large":["https:\/\/arantv.az\/wp-content\/uploads\/2023\/10\/FotoJet-6-1.jpg",620,413,false],"1536x1536":["https:\/\/arantv.az\/wp-content\/uploads\/2023\/10\/FotoJet-6-1.jpg",620,413,false],"2048x2048":["https:\/\/arantv.az\/wp-content\/uploads\/2023\/10\/FotoJet-6-1.jpg",620,413,false],"post-thumbnail":["https:\/\/arantv.az\/wp-content\/uploads\/2023\/10\/FotoJet-6-1-240x172.jpg",240,172,true],"advps-thumb-one":["https:\/\/arantv.az\/wp-content\/uploads\/2023\/10\/FotoJet-6-1.jpg",620,413,false]},"rttpg_author":{"display_name":"V\u00fcsal Rafiqo\u011flu","author_link":"https:\/\/arantv.az\/?author=2"},"rttpg_comment":0,"rttpg_category":"<a href=\"https:\/\/arantv.az\/?cat=1\" rel=\"category\">C\u0259miyy\u0259t<\/a>","rttpg_excerpt":"\u201c\u0130qtisad Universitetind\u0259 t\u0259hsil almaq Anar\u0131n arzusu idi. Universiteti bitirdi, amma t\u0259\u0259ss\u00fcf ki, diplomunu m\u0259zar\u0131 \u00fcst\u0259 m\u0259n\u0259 t\u0259hvil verdil\u0259r\u201d. Bunu Baku TV-y\u0259 a\u00e7\u0131qlamas\u0131nda V\u0259t\u0259n m\u00fcharib\u0259si \u015f\u0259hidi Anar Qarayevin atas\u0131 \u00c7ingiz Qarayev deyib. O qeyd edib ki, Anar \u00f6z diplomunu g\u00f6rm\u0259s\u0259 d\u0259, onun q\u0259hr\u0259manl\u0131\u011f\u0131n\u0131 b\u00fct\u00fcn d\u00fcnya g\u00f6r\u00fcb: \u201cAnar g\u0259nc n\u0259sl\u0259 \u00f6z t\u0259hsili, davran\u0131\u015f\u0131, v\u0259t\u0259np\u0259rv\u0259rliyi il\u0259 \u00f6rn\u0259k oldu\u201d.","_links":{"self":[{"href":"https:\/\/arantv.az\/index.php?rest_route=\/wp\/v2\/posts\/643714"}],"collection":[{"href":"https:\/\/arantv.az\/index.php?rest_route=\/wp\/v2\/posts"}],"about":[{"href":"https:\/\/arantv.az\/index.php?rest_route=\/wp\/v2\/types\/post"}],"author":[{"embeddable":true,"href":"https:\/\/arantv.az\/index.php?rest_route=\/wp\/v2\/users\/2"}],"replies":[{"embeddable":true,"href":"https:\/\/arantv.az\/index.php?rest_route=%2Fwp%2Fv2%2Fcomments&post=643714"}],"version-history":[{"count":0,"href":"https:\/\/arantv.az\/index.php?rest_route=\/wp\/v2\/posts\/643714\/revisions"}],"wp:featuredmedia":[{"embeddable":true,"href":"https:\/\/arantv.az\/index.php?rest_route=\/wp\/v2\/media\/643718"}],"wp:attachment":[{"href":"https:\/\/arantv.az\/index.php?rest_route=%2Fwp%2Fv2%2Fmedia&parent=643714"}],"wp:term":[{"taxonomy":"category","embeddable":true,"href":"https:\/\/arantv.az\/index.php?rest_route=%2Fwp%2Fv2%2Fcategories&post=643714"},{"taxonomy":"post_tag","embeddable":true,"href":"https:\/\/arantv.az\/index.php?rest_route=%2Fwp%2Fv2%2Ftags&post=643714"}],"curies":[{"name":"wp","href":"https:\/\/api.w.org\/{rel}","templated":true}]}}