{"id":643721,"date":"2023-10-10T18:50:54","date_gmt":"2023-10-10T14:50:54","guid":{"rendered":"https:\/\/arantv.az\/?p=643721"},"modified":"2023-10-10T18:50:54","modified_gmt":"2023-10-10T14:50:54","slug":"butun-regionun-inkisafini-t%c9%99min-ed%c9%99n-yeni-dustur-s%c9%99rh","status":"publish","type":"post","link":"https:\/\/arantv.az\/?p=643721","title":{"rendered":"B\u00fct\u00fcn regionun inki\u015faf\u0131n\u0131 t\u0259min ed\u0259n yeni d\u00fcstur &#8211; \u015e\u018fRH"},"content":{"rendered":"<p>Pe\u015f\u0259karl\u0131\u011f\u0131n, o c\u00fcml\u0259d\u0259n siyasi pe\u015f\u0259karl\u0131\u011f\u0131n \u0259sas g\u00f6st\u0259ricil\u0259ri at\u0131lan add\u0131mlar\u0131n q\u0259tiyy\u0259tliliyi, q\u0259bul olunan q\u0259rarlar\u0131n davaml\u0131l\u0131\u011f\u0131, habel\u0259 onlar\u0131n ard\u0131c\u0131ll\u0131\u011f\u0131d\u0131r. T\u0259\u0259ss\u00fcfl\u0259 dey\u0259 bil\u0259rik ki, radikal m\u00fcxalif\u0259t\u00e7ilik b\u00fct\u00fcn d\u00f6vrl\u0259rd\u0259 pe\u015f\u0259karl\u0131q m\u0259fhumundan \u00e7ox uzaq dayan\u0131b. \u00c7\u00fcnki onlar\u0131n f\u0259aliyy\u0259ti istisnas\u0131z olaraq yaln\u0131z q\u0259r\u0259zli t\u0259nqidd\u0259n ibar\u0259tdir. Radikal t\u0259f\u0259kk\u00fcr zahir\u0259n g\u00f6r\u00fcn\u0259n aqressivlikl\u0259 yana\u015f\u0131, h\u0259r zaman m\u0259suliyy\u0259t hissind\u0259n m\u0259hrum olub. Bizi art\u0131q t\u0259\u0259cc\u00fcbl\u0259ndirmir ki, \u00f6t\u0259n ill\u0259r \u0259rzind\u0259 radikallar konkret probleml\u0259rin h\u0259lli v\u0259 ya konkret sah\u0259l\u0259rin inki\u015faf\u0131 il\u0259 ba\u011fl\u0131 \u00fcnvanl\u0131 t\u0259klifl\u0259r paketini bir d\u0259f\u0259 d\u0259 olsun ictimaiyy\u0259tin a\u00e7\u0131q m\u00fczakir\u0259sin\u0259 t\u0259qdim etm\u0259yib. M\u00fcasir ictimai m\u00fcnasib\u0259tl\u0259rd\u0259 he\u00e7 n\u0259 etm\u0259d\u0259n v\u0259 m\u0259suliyy\u0259t da\u015f\u0131madan t\u0259nqid etm\u0259k kimi hallar art\u0131q adil\u0259\u015fib.<\/p>\n<p>Az\u0259rbaycandak\u0131 radikal m\u00fcxalif\u0259tin faci\u0259si is\u0259 ikiqatd\u0131r. Bu b\u0259la-siyas\u0259t\u00e7il\u0259rin pe\u015f\u0259kar kadr resursu yoxdur ki, h\u0259r hans\u0131 intellektual m\u0259hsul haz\u0131rlas\u0131n v\u0259 c\u0259miyy\u0259t\u0259 t\u0259qdim etsin. El\u0259 buna g\u00f6r\u0259 d\u0259 onlar\u0131n \u00f6zf\u0259aliyy\u0259t yarad\u0131c\u0131l\u0131\u011f\u0131 yaln\u0131z amorf demaqogiya il\u0259 m\u0259hdudla\u015f\u0131r. B\u0259z\u0259n analoji m\u0259nz\u0259r\u0259 m\u0259i\u015f\u0259t v\u0259 i\u015f yerl\u0259rind\u0259 d\u0259 m\u00fc\u015fayi\u0259t olunur. \u0130\u015f f\u0259aliyy\u0259ti v\u0259 karyeras\u0131n\u0131 yaln\u0131z h\u0259mkarlar\u0131n\u0131n t\u0259nqidi \u00fcz\u0259rind\u0259 qurmu\u015f \u015f\u0259xsl\u0259r \u00e7al\u0131\u015fd\u0131qlar\u0131 yerd\u0259 he\u00e7 bir zaman sabit v\u0259 sa\u011flam i\u015f m\u00fchitinin b\u0259rq\u0259rar olunmas\u0131n\u0131 ist\u0259m\u0259zl\u0259r.<\/p>\n<p>Bu fikirl\u0259r politoloq Asif Adilin \u201cB\u00fct\u00fcn regionun inki\u015faf\u0131n\u0131 t\u0259min ed\u0259n yeni d\u00fcstur&#8221; s\u0259rl\u00f6vh\u0259li m\u0259qal\u0259sind\u0259 yer al\u0131b.<\/p>\n<p><strong>ARANTV.AZ <\/strong>m\u0259qal\u0259ni t\u0259qdim edir.<\/p>\n<p>Eyni sosial-psixoloji qanunauy\u011funluq beyn\u0259lxalq m\u00fcnasib\u0259tl\u0259r m\u00fcst\u0259visind\u0259 d\u0259 t\u0259tbiq olunur. Birm\u0259nal\u0131 olaraq dey\u0259 bil\u0259rik ki, d\u00fcnyada g\u0259rginlik durmadan art\u0131r v\u0259 bunun \u0259sas s\u0259b\u0259bkarlar\u0131ndan biri m\u0259hz beyn\u0259lxalq t\u0259\u015fkilatlard\u0131r. Art\u0131q ham\u0131n\u0131 bezdirmi\u015f v\u0259 diplomatik ritorikan\u0131n m\u0259nas\u0131z banall\u0131\u011f\u0131na \u00e7evrilmi\u015f \u201cikili standartlar siyas\u0259ti\u201d s\u00f6z birl\u0259\u015fm\u0259si beyn\u0259lxalq t\u0259\u015fkilatlar\u0131n f\u0259aliyy\u0259tini xarakteriz\u0259 ed\u0259n \u0259sas ifad\u0259y\u0259 \u00e7evrilib. S\u00f6z\u00fcged\u0259n ifad\u0259 siyas\u0259t\u00e7il\u0259r t\u0259r\u0259find\u0259n b\u00fct\u00fcn \u015f\u0259rhl\u0259rd\u0259 \u201cfonoqram\u201d kimi istifad\u0259 olunur. \u0130fad\u0259nin arxas\u0131nda ya\u015fanan faci\u0259l\u0259r is\u0259 \u201cp\u0259rd\u0259\u201dnin arxas\u0131ndaca qalmaqda davam edir.<\/p>\n<p>Bu arada beyn\u0259lxalq t\u0259\u015fkilatlar\u0131n ikili yana\u015fmas\u0131na otuz il s\u0259bir etmi\u015f Az\u0259rbaycan\u0131n Q\u0259l\u0259b\u0259si v\u0259 Prezident \u0130lham \u018fliyevin t\u0259\u015f\u0259bb\u00fcsl\u0259ri say\u0259sind\u0259 regionda mahiyy\u0259t etibaril\u0259 titanik d\u0259yi\u015fiklikl\u0259r ba\u015f verir. \u0130stisna olunmur ki, radikallar\u0131n b\u00fct\u00fcn q\u0259r\u0259zli v\u0259 emosional demaqogiyas\u0131n\u0131n m\u0259qs\u0259di m\u0259hz el\u0259 ba\u015f ver\u0259n tarixi hadis\u0259l\u0259rin &#8211; u\u011furlar\u0131n mahiyy\u0259tinin ucuzla\u015fd\u0131r\u0131lmas\u0131d\u0131r.<\/p>\n<p>Etiraf etm\u0259liyik ki, ucuz demaqogiyan\u0131n sosial \u015f\u0259b\u0259k\u0259l\u0259rd\u0259 m\u00fc\u0259yy\u0259n m\u0259nada \u201cpopulyarl\u0131\u011f\u0131\u201d, habel\u0259 publisist analitikan\u0131n q\u0131tl\u0131\u011f\u0131 s\u0259b\u0259bind\u0259n \u00f6lk\u0259nin siyasi ritorikas\u0131, yum\u015faq des\u0259k, dur\u011funluq d\u00f6vr\u00fcn\u00fc ya\u015fay\u0131r. B\u0259sit musiqil\u0259r c\u0259miyy\u0259td\u0259 k\u00fctl\u0259vi z\u00f6vqs\u00fczl\u00fcy\u00fcn formala\u015fmas\u0131na s\u0259b\u0259b oldu\u011fu kimi, pe\u015f\u0259karl\u0131q v\u0259 obyektivlikd\u0259n uzaq olan q\u0259r\u0259zli demaqogiya da \u0259halinin ictimai \u015f\u00fcurunda yanl\u0131\u015f stereotipl\u0259rin formala\u015fmas\u0131n\u0131n \u0259sas s\u0259b\u0259bl\u0259rind\u0259ndir. Bu, kifay\u0259t q\u0259d\u0259r t\u0259hl\u00fck\u0259li tendensiyad\u0131r. \u0130nsanlar\u0131 klassik musiqid\u0259n z\u00f6vq alma\u011fa m\u0259cbur etm\u0259k m\u00fcmk\u00fcns\u00fcz oldu\u011fu kimi, zamanla emosional demaqogiyan\u0131 da obyektiv, pe\u015f\u0259kar v\u0259 rasional siyas\u0259td\u0259n ay\u0131rd etm\u0259k \u00e7\u0259tin olur.<\/p>\n<p>\u00d6lk\u0259mizin t\u0259\u015f\u0259bb\u00fcsl\u0259ri v\u0259 birba\u015fa i\u015ftirak\u0131 say\u0259sind\u0259 regionda dinamik d\u0259yi\u015fiklikl\u0259r ba\u015f verm\u0259kd\u0259dir. D\u0259yi\u015fikl\u0259rin mahiyy\u0259ti s\u00f6z\u00fcn \u0259sl m\u0259nas\u0131nda tarixi \u0259h\u0259miyy\u0259t\u0259 malikdir. Hadis\u0259l\u0259rin dinamikas\u0131, m\u0259zmunu v\u0259 strateji \u0259h\u0259miyy\u0259ti apar\u0131lan informasiya siyas\u0259tind\u0259 k\u0259miyy\u0259td\u0259n keyfiyy\u0259t\u0259 ke\u00e7m\u0259sini t\u0259l\u0259b edir. M\u00fcasir d\u00f6vr\u00fcn x\u00fcsusiyy\u0259tl\u0259ri t\u0259bli\u011fat i\u015find\u0259 informasiyan\u0131n sad\u0259c\u0259 tirajlanmas\u0131 il\u0259 m\u0259hdudla\u015fmamas\u0131n\u0131 t\u0259l\u0259b edir. \u0130nformasiyalar\u0131n h\u0259m d\u0259 m\u00fctl\u0259q olaraq c\u0259miyy\u0259t t\u0259r\u0259find\u0259n rahatl\u0131qla v\u0259 do\u011fru \u015f\u0259kild\u0259 \u201ch\u0259zm\u201d olunacaq s\u0259viyy\u0259d\u0259 t\u0259qdim olunmas\u0131na diqq\u0259t yetirilm\u0259lidir.<\/p>\n<p>Qeyd olunan konteksti inki\u015faf etdir\u0259r\u0259k c\u0259mi bir epizoda diqq\u0259t yetir\u0259k. Prezident \u0130lham \u018fliyev cari il oktyabr\u0131n 8-d\u0259 G\u00fcrc\u00fcstana i\u015fg\u00fczar s\u0259f\u0259ri zaman\u0131 Tbilisid\u0259 m\u0259tbuata b\u0259yanat\u0131nda toxundu\u011fu m\u0259s\u0259l\u0259l\u0259r v\u0259 s\u0259sl\u0259ndirdiyi mesajlar bilavasit\u0259 \u00f6lk\u0259miz t\u0259r\u0259find\u0259n realla\u015fd\u0131r\u0131lan b\u00f6y\u00fck siyas\u0259tin s\u00f6z\u00fcn \u0259sl m\u0259nas\u0131nda t\u0259c\u0259ss\u00fcm\u00fcd\u00fcr. D\u00f6vl\u0259t ba\u015f\u00e7\u0131s\u0131n\u0131n h\u0259yata ke\u00e7irdiyi bu siyas\u0259t \u00f6lk\u0259mizin h\u0259r bir v\u0259t\u0259nda\u015f\u0131n\u0131n q\u00fcrur m\u0259nb\u0259yi v\u0259 f\u0259xr hissl\u0259rinin s\u0259b\u0259bi olmal\u0131d\u0131r. Qalib \u00f6lk\u0259 olan Az\u0259rbaycan d\u00f6vl\u0259ti v\u0259 xalq\u0131 regiona s\u00fclh g\u0259tirmi\u015f v\u0259 b\u00fct\u00fcn b\u00f6lg\u0259nin dayan\u0131ql\u0131 inki\u015faf\u0131n\u0131 t\u0259min ed\u0259c\u0259k yeni t\u0259\u015f\u0259bb\u00fcsl\u0259rl\u0259 \u00e7\u0131x\u0131\u015f edir. Bu g\u00fcn Prezident \u0130lham \u018fliyevin siyas\u0259ti m\u0259hz bu c\u00fcr yana\u015fma il\u0259 bu kontekstd\u0259 xarakteriz\u0259 edil\u0259 bil\u0259r. Bel\u0259 ki, Prezident \u0130lham \u018fliyevin b\u0259yanat\u0131nda yer alan \u201cC\u0259nubi Qafqazda s\u00fclh\u00fcn b\u0259rq\u0259rar olmas\u0131n\u0131n vaxt\u0131 \u00e7at\u0131b\u201d fikri regionun b\u00fct\u00fcn d\u00f6vl\u0259tl\u0259rin\u0259 y\u00f6n\u0259lmi\u015f a\u00e7\u0131q s\u00fclh v\u0259 bar\u0131\u015f mesaj\u0131d\u0131r. Raz\u0131la\u015f\u0131n ki, qalib olmu\u015f t\u0259r\u0259fin s\u00fclh v\u0259 bar\u0131\u015f mesaj\u0131n\u0131n \u00e7\u0259kisi v\u0259 d\u0259y\u0259ri tamamil\u0259 f\u0259rqlidir. G\u00f6st\u0259ril\u0259n kontent m\u00fctl\u0259q g\u0259nc n\u0259slin v\u0259t\u0259np\u0259rv\u0259rlik v\u0259 \u00f6z\u00fcn\u0259inam ruhunda formala\u015fd\u0131rma prosesinin ayr\u0131lmaz ideoloji par\u00e7as\u0131 olmal\u0131d\u0131r.<\/p>\n<p>Prezident \u0130lham \u018fliyevin h\u0259min \u00e7\u0131x\u0131\u015f\u0131ndak\u0131 daha bir \u0259lam\u0259tdar fikr\u0259 diqq\u0259t yetir\u0259k: \u201c\u0130ndi is\u0259 biz Erm\u0259nistanla Az\u0259rbaycan aras\u0131nda imzalanacaq s\u00fclh m\u00fcqavil\u0259si \u00fcz\u0259rind\u0259 f\u0259al \u00e7al\u0131\u015fmal\u0131y\u0131q. \u018fg\u0259r biz buna nail olsaq, &#8211; m\u0259n buna \u00fcmidliy\u0259m, &#8211; o zaman C\u0259nubi Qafqazda tamamil\u0259 yeni bir siyasi v\u0259ziyy\u0259t yaranacaq\u201d. Bel\u0259likl\u0259, Prezident \u0130lham \u018fliyev dolay\u0131s\u0131 il\u0259 ona i\u015far\u0259 edir ki, Az\u0259rbaycan v\u0259 Erm\u0259nistan aras\u0131nda s\u00fclh m\u00fcqavil\u0259sinin imzalanmas\u0131na mane olanlar regionun inki\u015faf\u0131n\u0131 ist\u0259m\u0259y\u0259n \u00f6lk\u0259l\u0259rdir. Burada h\u0259r hans\u0131 \u00fc\u00e7\u00fcnc\u00fc \u00f6lk\u0259nin Az\u0259rbaycana v\u0259 ya Erm\u0259nistana olan f\u0259rdi m\u00fcnasib\u0259tind\u0259n s\u00f6hb\u0259t ged\u0259 bilm\u0259z. S\u00fclh\u0259 mane\u0259 yaradanlar regionun \u00fcmumiyy\u0259tl\u0259 inki\u015faf\u0131n\u0131 ist\u0259m\u0259y\u0259nl\u0259rdir.<\/p>\n<p>Prezident \u0130lham \u018fliyev \u0259slind\u0259 b\u00fct\u00fcn regionun dayan\u0131ql\u0131 inki\u015faf\u0131n\u0131 t\u0259min ed\u0259 bil\u0259c\u0259k vacib m\u0259qamlara i\u015far\u0259 etm\u0259kl\u0259, eyni zamanda, yeni geosiyasi d\u00fcsturu beyn\u0259lxalq ictimaiyy\u0259tin diqq\u0259tin\u0259 t\u0259qdim etmi\u015f olur: \u201cRegionda yerl\u0259\u015f\u0259n \u00f6lk\u0259l\u0259rin balansla\u015fd\u0131r\u0131lm\u0131\u015f inki\u015faf\u0131 b\u00fct\u00fcn regionun dayan\u0131ql\u0131 inki\u015faf\u0131n\u0131n t\u0259minat\u0131d\u0131r\u201d. Bu, olduqca \u0259dal\u0259tli, m\u0259suliyy\u0259tli v\u0259 \u0259sl demokratik yana\u015fman\u0131n t\u0259zah\u00fcr\u00fcd\u00fcr. Az\u0259rbaycan Prezidentinin bu c\u00fcr yana\u015fmas\u0131 v\u0259 s\u00fclh haqq\u0131ndak\u0131 t\u0259s\u0259vv\u00fcrl\u0259ri b\u00fct\u00fcn q\u0259r\u0259zli t\u0259nqidl\u0259ri he\u00e7\u0259 endirir.<\/p>\n","protected":false},"excerpt":{"rendered":"<p>Pe\u015f\u0259karl\u0131\u011f\u0131n, o c\u00fcml\u0259d\u0259n siyasi pe\u015f\u0259karl\u0131\u011f\u0131n \u0259sas g\u00f6st\u0259ricil\u0259ri at\u0131lan add\u0131mlar\u0131n q\u0259tiyy\u0259tliliyi, q\u0259bul olunan q\u0259rarlar\u0131n davaml\u0131l\u0131\u011f\u0131, habel\u0259 onlar\u0131n ard\u0131c\u0131ll\u0131\u011f\u0131d\u0131r. T\u0259\u0259ss\u00fcfl\u0259 dey\u0259 bil\u0259rik ki, radikal m\u00fcxalif\u0259t\u00e7ilik b\u00fct\u00fcn d\u00f6vrl\u0259rd\u0259 pe\u015f\u0259karl\u0131q m\u0259fhumundan \u00e7ox uzaq dayan\u0131b. \u00c7\u00fcnki onlar\u0131n f\u0259aliyy\u0259ti istisnas\u0131z olaraq yaln\u0131z q\u0259r\u0259zli t\u0259nqidd\u0259n ibar\u0259tdir. Radikal t\u0259f\u0259kk\u00fcr zahir\u0259n g\u00f6r\u00fcn\u0259n aqressivlikl\u0259 yana\u015f\u0131, h\u0259r zaman m\u0259suliyy\u0259t hissind\u0259n m\u0259hrum olub. Bizi art\u0131q t\u0259\u0259cc\u00fcbl\u0259ndirmir ki, \u00f6t\u0259n ill\u0259r \u0259rzind\u0259 radikallar konkret probleml\u0259rin h\u0259lli v\u0259 ya konkret sah\u0259l\u0259rin inki\u015faf\u0131 il\u0259 ba\u011fl\u0131 \u00fcnvanl\u0131 t\u0259klifl\u0259r paketini bir d\u0259f\u0259 d\u0259 olsun ictimaiyy\u0259tin a\u00e7\u0131q m\u00fczakir\u0259sin\u0259 t\u0259qdim etm\u0259yib. M\u00fcasir ictimai m\u00fcnasib\u0259tl\u0259rd\u0259 he\u00e7 n\u0259 etm\u0259d\u0259n v\u0259 m\u0259suliyy\u0259t da\u015f\u0131madan&hellip;<\/p>\n","protected":false},"author":2,"featured_media":643725,"comment_status":"closed","ping_status":"closed","sticky":false,"template":"","format":"standard","meta":{"om_disable_all_campaigns":false,"_monsterinsights_skip_tracking":false,"_monsterinsights_sitenote_active":false,"_monsterinsights_sitenote_note":"","_monsterinsights_sitenote_category":0},"categories":[19],"tags":[],"aioseo_notices":[],"gutentor_comment":0,"rttpg_featured_image_url":{"full":["https:\/\/arantv.az\/wp-content\/uploads\/2023\/10\/6e4243f5169694514259244687910987636.jpg",975,540,false],"landscape":["https:\/\/arantv.az\/wp-content\/uploads\/2023\/10\/6e4243f5169694514259244687910987636.jpg",975,540,false],"portraits":["https:\/\/arantv.az\/wp-content\/uploads\/2023\/10\/6e4243f5169694514259244687910987636.jpg",975,540,false],"thumbnail":["https:\/\/arantv.az\/wp-content\/uploads\/2023\/10\/6e4243f5169694514259244687910987636-500x280.jpg",500,280,true],"medium":["https:\/\/arantv.az\/wp-content\/uploads\/2023\/10\/6e4243f5169694514259244687910987636-660x365.jpg",660,365,true],"large":["https:\/\/arantv.az\/wp-content\/uploads\/2023\/10\/6e4243f5169694514259244687910987636-840x465.jpg",640,354,true],"1536x1536":["https:\/\/arantv.az\/wp-content\/uploads\/2023\/10\/6e4243f5169694514259244687910987636.jpg",975,540,false],"2048x2048":["https:\/\/arantv.az\/wp-content\/uploads\/2023\/10\/6e4243f5169694514259244687910987636.jpg",975,540,false],"post-thumbnail":["https:\/\/arantv.az\/wp-content\/uploads\/2023\/10\/6e4243f5169694514259244687910987636-240x172.jpg",240,172,true],"advps-thumb-one":["https:\/\/arantv.az\/wp-content\/uploads\/2023\/10\/6e4243f5169694514259244687910987636.jpg",975,540,false]},"rttpg_author":{"display_name":"V\u00fcsal Rafiqo\u011flu","author_link":"https:\/\/arantv.az\/?author=2"},"rttpg_comment":0,"rttpg_category":"<a href=\"https:\/\/arantv.az\/?cat=19\" rel=\"category\">G\u00fcnd\u0259m<\/a>","rttpg_excerpt":"Pe\u015f\u0259karl\u0131\u011f\u0131n, o c\u00fcml\u0259d\u0259n siyasi pe\u015f\u0259karl\u0131\u011f\u0131n \u0259sas g\u00f6st\u0259ricil\u0259ri at\u0131lan add\u0131mlar\u0131n q\u0259tiyy\u0259tliliyi, q\u0259bul olunan q\u0259rarlar\u0131n davaml\u0131l\u0131\u011f\u0131, habel\u0259 onlar\u0131n ard\u0131c\u0131ll\u0131\u011f\u0131d\u0131r. T\u0259\u0259ss\u00fcfl\u0259 dey\u0259 bil\u0259rik ki, radikal m\u00fcxalif\u0259t\u00e7ilik b\u00fct\u00fcn d\u00f6vrl\u0259rd\u0259 pe\u015f\u0259karl\u0131q m\u0259fhumundan \u00e7ox uzaq dayan\u0131b. \u00c7\u00fcnki onlar\u0131n f\u0259aliyy\u0259ti istisnas\u0131z olaraq yaln\u0131z q\u0259r\u0259zli t\u0259nqidd\u0259n ibar\u0259tdir. Radikal t\u0259f\u0259kk\u00fcr zahir\u0259n g\u00f6r\u00fcn\u0259n aqressivlikl\u0259 yana\u015f\u0131, h\u0259r zaman m\u0259suliyy\u0259t hissind\u0259n m\u0259hrum olub. Bizi art\u0131q t\u0259\u0259cc\u00fcbl\u0259ndirmir ki,&hellip;","_links":{"self":[{"href":"https:\/\/arantv.az\/index.php?rest_route=\/wp\/v2\/posts\/643721"}],"collection":[{"href":"https:\/\/arantv.az\/index.php?rest_route=\/wp\/v2\/posts"}],"about":[{"href":"https:\/\/arantv.az\/index.php?rest_route=\/wp\/v2\/types\/post"}],"author":[{"embeddable":true,"href":"https:\/\/arantv.az\/index.php?rest_route=\/wp\/v2\/users\/2"}],"replies":[{"embeddable":true,"href":"https:\/\/arantv.az\/index.php?rest_route=%2Fwp%2Fv2%2Fcomments&post=643721"}],"version-history":[{"count":0,"href":"https:\/\/arantv.az\/index.php?rest_route=\/wp\/v2\/posts\/643721\/revisions"}],"wp:featuredmedia":[{"embeddable":true,"href":"https:\/\/arantv.az\/index.php?rest_route=\/wp\/v2\/media\/643725"}],"wp:attachment":[{"href":"https:\/\/arantv.az\/index.php?rest_route=%2Fwp%2Fv2%2Fmedia&parent=643721"}],"wp:term":[{"taxonomy":"category","embeddable":true,"href":"https:\/\/arantv.az\/index.php?rest_route=%2Fwp%2Fv2%2Fcategories&post=643721"},{"taxonomy":"post_tag","embeddable":true,"href":"https:\/\/arantv.az\/index.php?rest_route=%2Fwp%2Fv2%2Ftags&post=643721"}],"curies":[{"name":"wp","href":"https:\/\/api.w.org\/{rel}","templated":true}]}}