{"id":643728,"date":"2023-10-10T18:52:19","date_gmt":"2023-10-10T14:52:19","guid":{"rendered":"https:\/\/arantv.az\/?p=643728"},"modified":"2023-10-10T18:52:19","modified_gmt":"2023-10-10T14:52:19","slug":"xarici-qht-l%c9%99r-v%c9%99-ictimai-f%c9%99allar-minadan-azad-dunya-ucun-qlobal-t%c9%99s%c9%99bbus-adli-petisiyaya-baslayib-foto","status":"publish","type":"post","link":"https:\/\/arantv.az\/?p=643728","title":{"rendered":"Xarici QHT-l\u0259r v\u0259 ictimai f\u0259allar \u201cMinadan azad d\u00fcnya \u00fc\u00e7\u00fcn qlobal t\u0259\u015f\u0259bb\u00fcs\u201d adl\u0131 petisiyaya ba\u015flay\u0131b &#8211; FOTO"},"content":{"rendered":"<p>Bir qrup xarici QHT, v\u0259t\u0259nda\u015f c\u0259miyy\u0259ti f\u0259allar\u0131 \u201cMinadan azad d\u00fcnya \u00fc\u00e7\u00fcn qlobal t\u0259\u015f\u0259bb\u00fcs\u201d adl\u0131 petisiyaya ba\u015flay\u0131b.<\/p>\n<p>&#8220;Report&#8221; x\u0259b\u0259r verir ki, petisiya \u201cJotform\u201d beyn\u0259lxalq platformas\u0131nda \u201cD\u00fcnya Qafqazda s\u00fclh \u00fc\u00e7\u00fcn\u201d (\u201cWorld for Peace in Caucasus\u201d) adl\u0131 beyn\u0259lxalq kampaniya \u00e7\u0259r\u00e7iv\u0259sind\u0259 elan olunub.<\/p>\n<p>Petisiyada deyilir ki, minalar v\u0259 partlamam\u0131\u015f h\u0259rbi sursatlar (PHS) m\u00fclki \u0259halinin sa\u011flaml\u0131\u011f\u0131, h\u0259yat\u0131 v\u0259 t\u0259hl\u00fck\u0259sizliyi \u00fc\u00e7\u00fcn ciddi t\u0259hl\u00fck\u0259 yarad\u0131r, m\u00fcnaqi\u015f\u0259l\u0259r bitdikd\u0259n sonra da minalar insanlar\u0131 \u00f6ld\u00fcrm\u0259y\u0259 v\u0259 \u015fik\u0259st etm\u0259y\u0259 davam edir. Minalar \u00f6m\u00fcrl\u00fck \u0259lilliy\u0259 s\u0259b\u0259b olur, ail\u0259l\u0259rin faci\u0259sin\u0259 \u00e7evrilir.<\/p>\n<p>Kampaniya BMT-y\u0259 \u00fcz tutaraq, b\u0259yan edir ki, d\u00fcnyada 60 milyon insan h\u0259l\u0259 d\u0259 mina t\u0259hl\u00fck\u0259si alt\u0131ndad\u0131r. Laos Xalq Demokratik Respublikas\u0131, Anqola, Az\u0259rbaycan, Kamboca, Konqo Demokratik Respublikas\u0131, Vyetnam d\u00fcnyan\u0131n mina il\u0259 \u0259n \u00e7ox \u00e7irkl\u0259nmi\u015f \u00f6lk\u0259l\u0259ri s\u0131ras\u0131ndad\u0131r.<\/p>\n<p>M\u00fcraci\u0259td\u0259 m\u00fcxt\u0259lif \u00f6lk\u0259l\u0259rl\u0259 yana\u015f\u0131, Az\u0259rbaycana da geni\u015f yer ayr\u0131l\u0131b. Bildirilir ki, Az\u0259rbaycan mina problemind\u0259n xeyli \u0259ziyy\u0259t \u00e7\u0259kir. Son 30 ild\u0259 Az\u0259rbaycanda 3 400-d\u0259n \u00e7ox insan mina qurban\u0131 olub. Onlar\u0131n 90 %-i m\u00fclki \u015f\u0259xsl\u0259rdir.<\/p>\n<p>Kampaniya m\u00fc\u0259llifl\u0259ri b\u0259yan edir ki, Erm\u0259nistan Az\u0259rbaycan \u0259razil\u0259rini minalay\u0131b, 2020-ci ild\u0259 44 g\u00fcnl\u00fck m\u00fcharib\u0259d\u0259n sonra da bu proses dayanmay\u0131b. Az\u0259rbaycan yaln\u0131z La\u00e7\u0131n yolunda s\u0259rh\u0259d ke\u00e7id m\u0259nt\u0259q\u0259si qurduqdan sonra v\u0259ziyy\u0259t n\u0259zar\u0259t\u0259 g\u00f6t\u00fcr\u00fcl\u00fcb. M\u00fcraci\u0259t m\u00fc\u0259llifl\u0259ri d\u0259h\u015f\u0259t\u0259 g\u0259lib ki, 19-20 sentyabr 2023-c\u00fc il tarixl\u0259rind\u0259 apar\u0131lan son antiterror t\u0259dbirl\u0259ri n\u0259tic\u0259sind\u0259 Az\u0259rbaycan 480 km-lik x\u0259tt boyunca Erm\u0259nistan silahl\u0131 q\u00fcvv\u0259l\u0259rinin qal\u0131qlar\u0131 t\u0259r\u0259find\u0259n az\u0131 yar\u0131m milyon \u0259lav\u0259 minalar yerl\u0259\u015fdirildiyini a\u015fkarlay\u0131b. M\u00fcraci\u0259t m\u00fc\u0259llifl\u0259ri t\u0259l\u0259b edib ki, Erm\u0259nistan yeni basd\u0131r\u0131lm\u0131\u015f minalar\u0131n da x\u0259rit\u0259l\u0259rini d\u0259rhal Az\u0259rbaycan d\u00f6vl\u0259tin\u0259 t\u0259hvil verm\u0259lidir.<\/p>\n<p>Xarici QHT, v\u0259t\u0259nda\u015f c\u0259miyy\u0259ti f\u0259allar\u0131 Prezident\u00a0<strong>\u0130lham \u018fliyevin<\/strong>\u00a0BMT-nin 18-ci Dayan\u0131ql\u0131 \u0130nki\u015faf M\u0259qs\u0259di kimi \u201cminas\u0131z d\u00fcnya\u201d m\u0259qs\u0259dinin elan edilm\u0259si t\u0259\u015f\u0259bb\u00fcs\u00fcn\u00fc alq\u0131\u015flay\u0131blar. Onlar BMT-y\u0259 \u00e7a\u011f\u0131r\u0131\u015f edibl\u0259r ki, qlobal mina problemin\u0259 diqq\u0259tini art\u0131rs\u0131n.<\/p>\n<p>M\u00fcraci\u0259t ciddi rezonans do\u011furub, yeni elan edilm\u0259sin\u0259 baxmayaraq, art\u0131q 10-a yax\u0131n \u00f6lk\u0259d\u0259n 100-d\u0259n \u00e7ox v\u0259t\u0259nda\u015f c\u0259miyy\u0259ti f\u0259al\u0131 minalara qar\u015f\u0131 qlobal s\u0259f\u0259rb\u0259rlik kampaniyas\u0131na qo\u015fuldu\u011funu b\u0259yan edib, bu problemin qlobal h\u0259llin\u0259 d\u0259st\u0259k veribl\u0259r.<\/p>\n<p>&nbsp;<\/p>\n<div class=\"gallery\">\n<div class=\"gallery-i\"><img src=\"https:\/\/cdn.oxu.az\/uploads\/W1siZiIsIjIwMjMvMTAvMTAvMTgvNDUvMTkvNTEyMmI0YmEtMmYyNy00NzEwLTlkZWItMjFjMDBkY2E1Yzk2L2MwMGE4Mjg2LTM5NGYtMzg4MC05YzliLWI0MDMwY2RjYzhlZS5qcGciXSxbInAiLCJlbmNvZGUiLCJqcGciLCItcXVhbGl0eSA4MCJdLFsicCIsInRodW1iIiwiNTkweDU5MFx1MDAzZSJdXQ?sha=4222be4a2a8a5d47\" alt=\"\" \/><\/div>\n<\/div>\n","protected":false},"excerpt":{"rendered":"<p>Bir qrup xarici QHT, v\u0259t\u0259nda\u015f c\u0259miyy\u0259ti f\u0259allar\u0131 \u201cMinadan azad d\u00fcnya \u00fc\u00e7\u00fcn qlobal t\u0259\u015f\u0259bb\u00fcs\u201d adl\u0131 petisiyaya ba\u015flay\u0131b. &#8220;Report&#8221; x\u0259b\u0259r verir ki, petisiya \u201cJotform\u201d beyn\u0259lxalq platformas\u0131nda \u201cD\u00fcnya Qafqazda s\u00fclh \u00fc\u00e7\u00fcn\u201d (\u201cWorld for Peace in Caucasus\u201d) adl\u0131 beyn\u0259lxalq kampaniya \u00e7\u0259r\u00e7iv\u0259sind\u0259 elan olunub. Petisiyada deyilir ki, minalar v\u0259 partlamam\u0131\u015f h\u0259rbi sursatlar (PHS) m\u00fclki \u0259halinin sa\u011flaml\u0131\u011f\u0131, h\u0259yat\u0131 v\u0259 t\u0259hl\u00fck\u0259sizliyi \u00fc\u00e7\u00fcn ciddi t\u0259hl\u00fck\u0259 yarad\u0131r, m\u00fcnaqi\u015f\u0259l\u0259r bitdikd\u0259n sonra da minalar insanlar\u0131 \u00f6ld\u00fcrm\u0259y\u0259 v\u0259 \u015fik\u0259st etm\u0259y\u0259 davam edir. Minalar \u00f6m\u00fcrl\u00fck \u0259lilliy\u0259 s\u0259b\u0259b olur, ail\u0259l\u0259rin faci\u0259sin\u0259 \u00e7evrilir. Kampaniya BMT-y\u0259 \u00fcz tutaraq, b\u0259yan edir ki, d\u00fcnyada 60 milyon insan h\u0259l\u0259&hellip;<\/p>\n","protected":false},"author":2,"featured_media":643732,"comment_status":"closed","ping_status":"closed","sticky":false,"template":"","format":"standard","meta":{"om_disable_all_campaigns":false,"_monsterinsights_skip_tracking":false,"_monsterinsights_sitenote_active":false,"_monsterinsights_sitenote_note":"","_monsterinsights_sitenote_category":0},"categories":[4],"tags":[],"aioseo_notices":[],"gutentor_comment":0,"rttpg_featured_image_url":{"full":["https:\/\/arantv.az\/wp-content\/uploads\/2023\/10\/d7b38bdc-2024-3fca-9271-c2f52d30f36f_850.jpg",620,413,false],"landscape":["https:\/\/arantv.az\/wp-content\/uploads\/2023\/10\/d7b38bdc-2024-3fca-9271-c2f52d30f36f_850.jpg",620,413,false],"portraits":["https:\/\/arantv.az\/wp-content\/uploads\/2023\/10\/d7b38bdc-2024-3fca-9271-c2f52d30f36f_850.jpg",620,413,false],"thumbnail":["https:\/\/arantv.az\/wp-content\/uploads\/2023\/10\/d7b38bdc-2024-3fca-9271-c2f52d30f36f_850-500x280.jpg",500,280,true],"medium":["https:\/\/arantv.az\/wp-content\/uploads\/2023\/10\/d7b38bdc-2024-3fca-9271-c2f52d30f36f_850-548x365.jpg",548,365,true],"large":["https:\/\/arantv.az\/wp-content\/uploads\/2023\/10\/d7b38bdc-2024-3fca-9271-c2f52d30f36f_850.jpg",620,413,false],"1536x1536":["https:\/\/arantv.az\/wp-content\/uploads\/2023\/10\/d7b38bdc-2024-3fca-9271-c2f52d30f36f_850.jpg",620,413,false],"2048x2048":["https:\/\/arantv.az\/wp-content\/uploads\/2023\/10\/d7b38bdc-2024-3fca-9271-c2f52d30f36f_850.jpg",620,413,false],"post-thumbnail":["https:\/\/arantv.az\/wp-content\/uploads\/2023\/10\/d7b38bdc-2024-3fca-9271-c2f52d30f36f_850-240x172.jpg",240,172,true],"advps-thumb-one":["https:\/\/arantv.az\/wp-content\/uploads\/2023\/10\/d7b38bdc-2024-3fca-9271-c2f52d30f36f_850.jpg",620,413,false]},"rttpg_author":{"display_name":"V\u00fcsal Rafiqo\u011flu","author_link":"https:\/\/arantv.az\/?author=2"},"rttpg_comment":0,"rttpg_category":"<a href=\"https:\/\/arantv.az\/?cat=4\" rel=\"category\">Siyas\u0259t<\/a>","rttpg_excerpt":"Bir qrup xarici QHT, v\u0259t\u0259nda\u015f c\u0259miyy\u0259ti f\u0259allar\u0131 \u201cMinadan azad d\u00fcnya \u00fc\u00e7\u00fcn qlobal t\u0259\u015f\u0259bb\u00fcs\u201d adl\u0131 petisiyaya ba\u015flay\u0131b. &#8220;Report&#8221; x\u0259b\u0259r verir ki, petisiya \u201cJotform\u201d beyn\u0259lxalq platformas\u0131nda \u201cD\u00fcnya Qafqazda s\u00fclh \u00fc\u00e7\u00fcn\u201d (\u201cWorld for Peace in Caucasus\u201d) adl\u0131 beyn\u0259lxalq kampaniya \u00e7\u0259r\u00e7iv\u0259sind\u0259 elan olunub. Petisiyada deyilir ki, minalar v\u0259 partlamam\u0131\u015f h\u0259rbi sursatlar (PHS) m\u00fclki \u0259halinin sa\u011flaml\u0131\u011f\u0131, h\u0259yat\u0131 v\u0259 t\u0259hl\u00fck\u0259sizliyi \u00fc\u00e7\u00fcn&hellip;","_links":{"self":[{"href":"https:\/\/arantv.az\/index.php?rest_route=\/wp\/v2\/posts\/643728"}],"collection":[{"href":"https:\/\/arantv.az\/index.php?rest_route=\/wp\/v2\/posts"}],"about":[{"href":"https:\/\/arantv.az\/index.php?rest_route=\/wp\/v2\/types\/post"}],"author":[{"embeddable":true,"href":"https:\/\/arantv.az\/index.php?rest_route=\/wp\/v2\/users\/2"}],"replies":[{"embeddable":true,"href":"https:\/\/arantv.az\/index.php?rest_route=%2Fwp%2Fv2%2Fcomments&post=643728"}],"version-history":[{"count":0,"href":"https:\/\/arantv.az\/index.php?rest_route=\/wp\/v2\/posts\/643728\/revisions"}],"wp:featuredmedia":[{"embeddable":true,"href":"https:\/\/arantv.az\/index.php?rest_route=\/wp\/v2\/media\/643732"}],"wp:attachment":[{"href":"https:\/\/arantv.az\/index.php?rest_route=%2Fwp%2Fv2%2Fmedia&parent=643728"}],"wp:term":[{"taxonomy":"category","embeddable":true,"href":"https:\/\/arantv.az\/index.php?rest_route=%2Fwp%2Fv2%2Fcategories&post=643728"},{"taxonomy":"post_tag","embeddable":true,"href":"https:\/\/arantv.az\/index.php?rest_route=%2Fwp%2Fv2%2Ftags&post=643728"}],"curies":[{"name":"wp","href":"https:\/\/api.w.org\/{rel}","templated":true}]}}