{"id":643735,"date":"2023-10-10T18:53:33","date_gmt":"2023-10-10T14:53:33","guid":{"rendered":"https:\/\/arantv.az\/?p=643735"},"modified":"2023-10-10T18:53:33","modified_gmt":"2023-10-10T14:53:33","slug":"z%c9%99d%c9%99l%c9%99nmis-pullari-harada-d%c9%99yisdirm%c9%99k-olar-aciqlama-foto","status":"publish","type":"post","link":"https:\/\/arantv.az\/?p=643735","title":{"rendered":"Z\u0259d\u0259l\u0259nmi\u015f pullar\u0131 harada d\u0259yi\u015fdirm\u0259k olar? &#8211; A\u00c7IQLAMA + FOTO"},"content":{"rendered":"<p>\u201cM\u0259rk\u0259zi Bank \u201cNa\u011fd pul ofis\u201dl\u0259rinin f\u0259aliyy\u0259tinin davam etdirilm\u0259si bar\u0259d\u0259 a\u00e7\u0131qlama yay\u0131b. T\u0259\u0259ss\u00fcf ki, v\u0259t\u0259nda\u015flar\u0131m\u0131z\u0131n ham\u0131s\u0131nda bu ofisl\u0259rin f\u0259aliyy\u0259ti bar\u0259d\u0259 m\u0259lumat olmad\u0131\u011f\u0131 \u00fc\u00e7\u00fcn onlar z\u0259d\u0259l\u0259nmi\u015f v\u0259 t\u0259dav\u00fcl\u0259 yarars\u0131z milli pul ni\u015fanlar\u0131n\u0131n d\u0259yi\u015fdirilm\u0259si il\u0259 ba\u011fl\u0131 \u00e7\u0259tinlikl\u0259rl\u0259 \u00fczl\u0259\u015firl\u0259r\u201d.<\/p>\n<p>Bu bar\u0259d\u0259 iqtisad\u00e7\u0131 deputat V\u00fcqar Bayramov sosial \u015f\u0259b\u0259k\u0259 hesab\u0131nda bildirib.<\/p>\n<p>&nbsp;<\/p>\n<div class=\"gallery\">\n<div class=\"gallery-i\"><img src=\"https:\/\/cdn.oxu.az\/uploads\/W1siZiIsIjIwMjMvMTAvMTAvMTcvNTMvMzEvNzMyMjIxMWMtYTdhMi00M2ZmLWEyMzgtYjc4NTMzZGIxNjdjL3NnZmQgKDEpLmpwZyJdLFsicCIsImVuY29kZSIsImpwZyIsIi1xdWFsaXR5IDgwIl0sWyJwIiwidGh1bWIiLCI1OTB4NTkwXHUwMDNlIl1d?sha=583dc758ee01aa08\" alt=\"\" \/><\/p>\n<div class=\"gallery-i-caption\"><\/div>\n<\/div>\n<\/div>\n<p>O bildirib ki, b\u0259zi hallarda v\u0259t\u0259nda\u015flar\u0131m\u0131z yarars\u0131z hala d\u00fc\u015fm\u00fc\u015f pul \u0259skinaslar\u0131n\u0131 daha a\u015fa\u011f\u0131 d\u0259y\u0259rl\u0259 f\u0259rdi \u015f\u0259xsl\u0259r vasit\u0259sil\u0259 d\u0259yi\u015fdirirl\u0259r:<\/p>\n<p>\u201cPulun yarars\u0131z hala d\u00fc\u015fm\u0259si onun tam d\u0259y\u0259rd\u0259 d\u0259yi\u015fdirilm\u0259si \u00fc\u00e7\u00fcn h\u0259r hans\u0131 bir mane\u0259 yaratm\u0131r. \u00a0H\u0259min pullar\u0131 asanl\u0131qla z\u0259d\u0259l\u0259nm\u0259mi\u015f \u0259skinaslar il\u0259 \u0259v\u0259zl\u0259m\u0259k m\u00fcmk\u00fcnd\u00fcr. Qeyd etm\u0259k laz\u0131md\u0131r ki, v\u0259t\u0259nda\u015flar\u0131m\u0131z yarars\u0131z pul ni\u015fanlar\u0131n\u0131 yaln\u0131z Bak\u0131da deyil, h\u0259m\u00e7inin, Nax\u00e7\u0131van, Yevlax, G\u0259nc\u0259, Bil\u0259suvar, Quba \u015f\u0259h\u0259rl\u0259rind\u0259 yerl\u0259\u015f\u0259n \u0259razi idar\u0259l\u0259rin\u0259 m\u00fcraci\u0259t ed\u0259r\u0259k d\u0259yi\u015fdir\u0259 bil\u0259rl\u0259r. Yarars\u0131z pul \u0259skinaslar\u0131n\u0131n d\u0259yi\u015fdirilm\u0259si zaman\u0131 he\u00e7 bir \u00f6d\u0259ni\u015f n\u0259z\u0259rd\u0259 tutulmay\u0131b. Qanunvericiliy\u0259 \u0259sas\u0259n, b\u00fct\u00f6v bir hiss\u0259d\u0259n v\u0259 ya eyni ka\u011f\u0131z pul ni\u015fan\u0131na m\u0259xsus ard\u0131c\u0131l hiss\u0259l\u0259rd\u0259n ibar\u0259t, s\u0259thinin 60 faizind\u0259n az olmayan hiss\u0259sini v\u0259 \u00fcz\u0259rind\u0259ki iki seriya n\u00f6mr\u0259l\u0259rind\u0259n \u0259n az\u0131 birini tam saxlam\u0131\u015f pul ni\u015fan\u0131n\u0131n nominal d\u0259y\u0259ri M\u0259rk\u0259zi Bank t\u0259r\u0259find\u0259n m\u0259hdudiyy\u0259tsiz \u00f6d\u0259nilir.<\/p>\n<p>Dig\u0259r t\u0259r\u0259fd\u0259n, b\u00fct\u00f6v s\u0259thinin \u00fcz\u0259rind\u0259ki t\u0259svir v\u0259 yaz\u0131lar\u0131 onun nominal\u0131n\u0131 m\u00fc\u0259yy\u0259nl\u0259\u015fdirm\u0259y\u0259 imkan ver\u0259n h\u0259cmd\u0259 saxlam\u0131\u015f v\u0259 deformasiyaya m\u0259ruz qalmam\u0131\u015f metal pul ni\u015fan\u0131n\u0131n nominal d\u0259y\u0259ri M\u0259rk\u0259zi Bank t\u0259r\u0259find\u0259n \u00f6d\u0259nilir. Buna g\u00f6r\u0259 d\u0259, yarars\u0131z pul ni\u015fanlar\u0131n\u0131z varsa, onu a\u015fa\u011f\u0131 d\u0259y\u0259r\u0259 d\u0259yi\u015fdirm\u0259yin, qeyd edil\u0259n idar\u0259l\u0259r\u0259 m\u00fcraci\u0259t ed\u0259r\u0259k tam m\u0259bl\u0259\u011fi almaqla onlar\u0131 \u0259v\u0259zl\u0259\u015fdir\u0259 bil\u0259rsiniz\u201d.<\/p>\n","protected":false},"excerpt":{"rendered":"<p>\u201cM\u0259rk\u0259zi Bank \u201cNa\u011fd pul ofis\u201dl\u0259rinin f\u0259aliyy\u0259tinin davam etdirilm\u0259si bar\u0259d\u0259 a\u00e7\u0131qlama yay\u0131b. T\u0259\u0259ss\u00fcf ki, v\u0259t\u0259nda\u015flar\u0131m\u0131z\u0131n ham\u0131s\u0131nda bu ofisl\u0259rin f\u0259aliyy\u0259ti bar\u0259d\u0259 m\u0259lumat olmad\u0131\u011f\u0131 \u00fc\u00e7\u00fcn onlar z\u0259d\u0259l\u0259nmi\u015f v\u0259 t\u0259dav\u00fcl\u0259 yarars\u0131z milli pul ni\u015fanlar\u0131n\u0131n d\u0259yi\u015fdirilm\u0259si il\u0259 ba\u011fl\u0131 \u00e7\u0259tinlikl\u0259rl\u0259 \u00fczl\u0259\u015firl\u0259r\u201d. Bu bar\u0259d\u0259 iqtisad\u00e7\u0131 deputat V\u00fcqar Bayramov sosial \u015f\u0259b\u0259k\u0259 hesab\u0131nda bildirib. &nbsp; O bildirib ki, b\u0259zi hallarda v\u0259t\u0259nda\u015flar\u0131m\u0131z yarars\u0131z hala d\u00fc\u015fm\u00fc\u015f pul \u0259skinaslar\u0131n\u0131 daha a\u015fa\u011f\u0131 d\u0259y\u0259rl\u0259 f\u0259rdi \u015f\u0259xsl\u0259r vasit\u0259sil\u0259 d\u0259yi\u015fdirirl\u0259r: \u201cPulun yarars\u0131z hala d\u00fc\u015fm\u0259si onun tam d\u0259y\u0259rd\u0259 d\u0259yi\u015fdirilm\u0259si \u00fc\u00e7\u00fcn h\u0259r hans\u0131 bir mane\u0259 yaratm\u0131r. \u00a0H\u0259min pullar\u0131 asanl\u0131qla z\u0259d\u0259l\u0259nm\u0259mi\u015f \u0259skinaslar il\u0259 \u0259v\u0259zl\u0259m\u0259k m\u00fcmk\u00fcnd\u00fcr. Qeyd etm\u0259k laz\u0131md\u0131r ki,&hellip;<\/p>\n","protected":false},"author":2,"featured_media":643738,"comment_status":"closed","ping_status":"closed","sticky":false,"template":"","format":"standard","meta":{"om_disable_all_campaigns":false,"_monsterinsights_skip_tracking":false,"_monsterinsights_sitenote_active":false,"_monsterinsights_sitenote_note":"","_monsterinsights_sitenote_category":0},"categories":[19],"tags":[],"aioseo_notices":[],"gutentor_comment":0,"rttpg_featured_image_url":{"full":["https:\/\/arantv.az\/wp-content\/uploads\/2023\/10\/FotoJet-61.jpg",620,413,false],"landscape":["https:\/\/arantv.az\/wp-content\/uploads\/2023\/10\/FotoJet-61.jpg",620,413,false],"portraits":["https:\/\/arantv.az\/wp-content\/uploads\/2023\/10\/FotoJet-61.jpg",620,413,false],"thumbnail":["https:\/\/arantv.az\/wp-content\/uploads\/2023\/10\/FotoJet-61-500x280.jpg",500,280,true],"medium":["https:\/\/arantv.az\/wp-content\/uploads\/2023\/10\/FotoJet-61-548x365.jpg",548,365,true],"large":["https:\/\/arantv.az\/wp-content\/uploads\/2023\/10\/FotoJet-61.jpg",620,413,false],"1536x1536":["https:\/\/arantv.az\/wp-content\/uploads\/2023\/10\/FotoJet-61.jpg",620,413,false],"2048x2048":["https:\/\/arantv.az\/wp-content\/uploads\/2023\/10\/FotoJet-61.jpg",620,413,false],"post-thumbnail":["https:\/\/arantv.az\/wp-content\/uploads\/2023\/10\/FotoJet-61-240x172.jpg",240,172,true],"advps-thumb-one":["https:\/\/arantv.az\/wp-content\/uploads\/2023\/10\/FotoJet-61.jpg",620,413,false]},"rttpg_author":{"display_name":"V\u00fcsal Rafiqo\u011flu","author_link":"https:\/\/arantv.az\/?author=2"},"rttpg_comment":0,"rttpg_category":"<a href=\"https:\/\/arantv.az\/?cat=19\" rel=\"category\">G\u00fcnd\u0259m<\/a>","rttpg_excerpt":"\u201cM\u0259rk\u0259zi Bank \u201cNa\u011fd pul ofis\u201dl\u0259rinin f\u0259aliyy\u0259tinin davam etdirilm\u0259si bar\u0259d\u0259 a\u00e7\u0131qlama yay\u0131b. T\u0259\u0259ss\u00fcf ki, v\u0259t\u0259nda\u015flar\u0131m\u0131z\u0131n ham\u0131s\u0131nda bu ofisl\u0259rin f\u0259aliyy\u0259ti bar\u0259d\u0259 m\u0259lumat olmad\u0131\u011f\u0131 \u00fc\u00e7\u00fcn onlar z\u0259d\u0259l\u0259nmi\u015f v\u0259 t\u0259dav\u00fcl\u0259 yarars\u0131z milli pul ni\u015fanlar\u0131n\u0131n d\u0259yi\u015fdirilm\u0259si il\u0259 ba\u011fl\u0131 \u00e7\u0259tinlikl\u0259rl\u0259 \u00fczl\u0259\u015firl\u0259r\u201d. Bu bar\u0259d\u0259 iqtisad\u00e7\u0131 deputat V\u00fcqar Bayramov sosial \u015f\u0259b\u0259k\u0259 hesab\u0131nda bildirib. &nbsp; O bildirib ki, b\u0259zi hallarda v\u0259t\u0259nda\u015flar\u0131m\u0131z yarars\u0131z hala d\u00fc\u015fm\u00fc\u015f&hellip;","_links":{"self":[{"href":"https:\/\/arantv.az\/index.php?rest_route=\/wp\/v2\/posts\/643735"}],"collection":[{"href":"https:\/\/arantv.az\/index.php?rest_route=\/wp\/v2\/posts"}],"about":[{"href":"https:\/\/arantv.az\/index.php?rest_route=\/wp\/v2\/types\/post"}],"author":[{"embeddable":true,"href":"https:\/\/arantv.az\/index.php?rest_route=\/wp\/v2\/users\/2"}],"replies":[{"embeddable":true,"href":"https:\/\/arantv.az\/index.php?rest_route=%2Fwp%2Fv2%2Fcomments&post=643735"}],"version-history":[{"count":0,"href":"https:\/\/arantv.az\/index.php?rest_route=\/wp\/v2\/posts\/643735\/revisions"}],"wp:featuredmedia":[{"embeddable":true,"href":"https:\/\/arantv.az\/index.php?rest_route=\/wp\/v2\/media\/643738"}],"wp:attachment":[{"href":"https:\/\/arantv.az\/index.php?rest_route=%2Fwp%2Fv2%2Fmedia&parent=643735"}],"wp:term":[{"taxonomy":"category","embeddable":true,"href":"https:\/\/arantv.az\/index.php?rest_route=%2Fwp%2Fv2%2Fcategories&post=643735"},{"taxonomy":"post_tag","embeddable":true,"href":"https:\/\/arantv.az\/index.php?rest_route=%2Fwp%2Fv2%2Ftags&post=643735"}],"curies":[{"name":"wp","href":"https:\/\/api.w.org\/{rel}","templated":true}]}}