{"id":643750,"date":"2023-10-10T20:15:58","date_gmt":"2023-10-10T16:15:58","guid":{"rendered":"https:\/\/arantv.az\/?p=643750"},"modified":"2023-10-10T20:15:58","modified_gmt":"2023-10-10T16:15:58","slug":"q%c9%99rbi-az%c9%99rbaycan-xronikasi-erm%c9%99nil%c9%99rin-olul%c9%99r%c9%99-qarsi-qisas-cinay%c9%99ti-video","status":"publish","type":"post","link":"https:\/\/arantv.az\/?p=643750","title":{"rendered":"Q\u0259rbi Az\u0259rbaycan Xronikas\u0131: \u201cErm\u0259nil\u0259rin \u00f6l\u00fcl\u0259r\u0259 qar\u015f\u0131 qisas cinay\u0259ti\u201d &#8211; V\u0130DEO"},"content":{"rendered":"<article class=\"news\">\n<div class=\"news-inner\">\n<p>Q\u0259rbi Az\u0259rbaycan Xronikas\u0131 layih\u0259si \u00e7\u0259r\u00e7iv\u0259sind\u0259 s\u0259n\u0259t\u015f\u00fcnasl\u0131q \u00fczr\u0259 f\u0259ls\u0259f\u0259 doktoru El\u00e7in \u018flib\u0259ylinin t\u0259qdimat\u0131nda \u201cErm\u0259nil\u0259rin \u00f6l\u00fcl\u0259r\u0259 qar\u015f\u0131 qisas cinay\u0259ti\u201d adl\u0131 verili\u015f efir\u0259 gedib.<\/p>\n<p>Verili\u015fd\u0259 bir ne\u00e7\u0259 beyn\u0259lxalq m\u00fckafata layiq g\u00f6r\u00fcl\u0259n P\u0259mb\u0259k mahal\u0131n\u0131n Qarakils\u0259 \u015f\u0259h\u0259rind\u0259 \u00e7al\u0131\u015fan jurnalist Naira Bulqadaryan\u0131n a1plus sayt\u0131nda Q\u0259rbi Az\u0259rbaycanda olan q\u0259birl\u0259rl\u0259 ba\u011fl\u0131 m\u0259qal\u0259sin\u0259 yer verilir.<\/p>\n<p>O yaz\u0131r ki, 104 ya\u015f\u0131nda d\u00fcnyas\u0131n\u0131 d\u0259yi\u015f\u0259n Anagiz \u018fliyevan\u0131n m\u0259zar\u0131 Erm\u0259nistan\u0131n Lori rayonunun Saral k\u0259ndinin unudulmu\u015f q\u0259biristanl\u0131\u011f\u0131ndad\u0131r:<\/p>\n<p>\u201cQ\u0259bir da\u015f\u0131nda bel\u0259 yaz\u0131lm\u0131\u015fd\u0131r: \u018fliyeva Anagiz M\u0259mm\u0259d Q\u0131z\u0131 1880-1984\u201d. Erm\u0259nistan h\u00f6kum\u0259tinin Az\u0259rbaycan q\u0259biristanl\u0131qlar\u0131n\u0131n b\u0259rpas\u0131 \u00fc\u00e7\u00fcn he\u00e7 bir v\u0259sait ay\u0131rmas\u0131 yoxdur, \u00e7\u00fcnki h\u00f6kum\u0259tin fikrinc\u0259, onlar tarixi v\u0259 m\u0259d\u0259ni d\u0259y\u0259ri t\u0259msil etmir. M\u00fcnaqi\u015f\u0259nin inki\u015faf\u0131 il\u0259 yana\u015f\u0131, h\u0259r iki \u00f6lk\u0259d\u0259 abid\u0259l\u0259r, daha \u00e7ox q\u0259biristanl\u0131qlar z\u0259d\u0259l\u0259nib. Lori rayonunun 20 az\u0259rbaycanl\u0131 k\u0259ndind\u0259n biri olan Saral\u0131n iki az\u0259rbaycanl\u0131 q\u0259biristanl\u0131\u011f\u0131 haz\u0131rda t\u0259rk edilmi\u015f v\u0259 m\u0259zar da\u015flar\u0131n\u0131n \u00e7oxu s\u0131nd\u0131r\u0131l\u0131b. Nor Xa\u00e7akap (Saral) k\u0259ndinin ba\u015f\u00e7\u0131s\u0131 Surik Truzyan xat\u0131rlay\u0131r ki, Erm\u0259nistan\u0131n ba\u015fqa rayonlar\u0131ndan da buraya g\u0259lib, az\u0259rbaycanl\u0131 m\u0259zar da\u015flar\u0131n\u0131 ma\u015f\u0131nlara y\u00fckl\u0259yib emal etm\u0259k v\u0259 ya satmaq \u00fc\u00e7\u00fcn apar\u0131blar\u201d.<\/p>\n<p>Verili\u015fd\u0259 q\u0259bir v\u0259 q\u0259biristanl\u0131\u011f\u0131n b\u00fct\u00f6v bir mill\u0259tin tarixini, ad\u0259ti g\u00f6st\u0259r\u0259n memarl\u0131q n\u00fcmun\u0259si, sivil xalqlar\u0131n ehtiramla yad etdikl\u0259ri, qoruduqlar\u0131 yerl\u0259r kimi t\u0259qdim olunur, Az\u0259rbaycanda m\u00fcxt\u0259lif d\u00f6vrl\u0259r\u0259 v\u0259 m\u00fcxt\u0259lif xalqlara m\u0259xsus q\u0259bir yerl\u0259rinin ehtiramla qorundu\u011fu qeyd edilir.<\/p>\n<p>Bildirilir ki, XX \u0259sr \u0259rzind\u0259 Q\u0259rbi Az\u0259rbaycanda q\u0259tliamlar t\u00f6r\u0259d\u0259n erm\u0259nil\u0259r, bir ne\u00e7\u0259 d\u0259f\u0259 Az\u0259rbaycan t\u00fcrkl\u0259rin\u0259 m\u0259xsus m\u0259scid, t\u00fcrb\u0259l\u0259ri yand\u0131r\u0131b, q\u0259biristanl\u0131qlar\u0131 yerl\u0259 bir edibl\u0259r. \u0130r\u0259van \u015f\u0259h\u0259rind\u0259ki T\u0259p\u0259ba\u015f\u0131 m\u0259h\u0259ll\u0259sind\u0259 v\u0259 ya D\u0259mirbulaqda olan q\u0259birl\u0259r yerl\u0259-yeksan olunmu\u015f izi-tozu qalmay\u0131b:<\/p>\n<p>\u201cToxmaqg\u00f6l q\u0259biristanl\u0131\u011f\u0131 da 1988-ci ild\u0259 buldozerl\u0259rl\u0259 m\u0259hv edilib. D\u0259mirbulaqda olan q\u0259biristanl\u0131\u011fn yerind\u0259 T\u00fcrkiy\u0259d\u0259n k\u00f6\u00e7\u00fcr\u00fcl\u0259n\u00a0 erm\u0259nil\u0259r \u00fc\u00e7\u00fcn evl\u0259r tikilib. Ne\u00e7\u0259-ne\u00e7\u0259 k\u0259nd, \u015f\u0259h\u0259r v\u0259 mahallar boyunca s\u0259p\u0259l\u0259nmi\u015f Az\u0259rbaycan t\u00fcrkl\u0259rinin q\u0259bir yerl\u0259ri yerl\u0259-yeksan edilib. Bu, Erm\u0259nistan\u0131n d\u00f6vl\u0259t s\u0259viyy\u0259sind\u0259 h\u0259yata ke\u00e7irdiyi vandalizm siyas\u0259tidir\u201d.<\/p>\n<p>S\u00fcjetd\u0259 Erm\u0259nistan M\u0259d\u0259niyy\u0259t Nazirliyinin az\u0259rbaycanl\u0131 q\u0259biristanl\u0131qlar\u0131 il\u0259 ba\u011fl\u0131 m\u0259lumatlar\u0131 saxtala\u015fd\u0131rd\u0131\u011f\u0131, son y\u00fcz il \u0259rzind\u0259 erm\u0259ni vandalizmi n\u0259tic\u0259sind\u0259 \u0259n az\u0131 500-d\u0259n \u00e7ox q\u0259biristanl\u0131\u011f\u0131n yer \u00fcz\u00fcnd\u0259n silindiyi diqq\u0259t\u0259 \u00e7atd\u0131r\u0131l\u0131r.<\/p>\n<p>Sonda vur\u011fulan\u0131r ki, Q\u0259rbi Az\u0259rbaycanda min ill\u0259r boyu ya\u015fayan Az\u0259rbaycan t\u00fcrkl\u0259rinin tarixi-m\u0259d\u0259ni izl\u0259ri, abid\u0259l\u0259ri m\u0259zarl\u0131qlar\u0131 k\u00fctl\u0259vi \u015f\u0259kild\u0259 da\u011f\u0131d\u0131l\u0131b, silinib v\u0259 ya saxtala\u015fd\u0131r\u0131l\u0131b: \u201cBu, bir mill\u0259t\u0259 qar\u015f\u0131 y\u00f6n\u0259lmi\u015f m\u0259qs\u0259dli vandalizm \u0259m\u0259lind\u0259n ba\u015fqa bir \u015fey deyil\u201d.<\/p>\n<p>Xat\u0131rladaq ki, Q\u0259rbi Az\u0259rbaycan Xronikas\u0131 layih\u0259sinin m\u0259qs\u0259di tarixi torpaqlar\u0131m\u0131z\u0131n ad\u0131n\u0131n ya\u015fad\u0131lmas\u0131, tan\u0131d\u0131lmas\u0131, h\u0259m\u00e7inin az\u0259rbaycanl\u0131lar\u0131n erm\u0259nil\u0259r t\u0259r\u0259find\u0259n deportasiyaya m\u0259ruz qoyulmas\u0131ndan, h\u0259min \u0259razil\u0259rd\u0259 m\u00f6vcud olmu\u015f, lakin ad\u0131 silin\u0259n toponiml\u0259rin, says\u0131z-hesabs\u0131z yeralt\u0131 v\u0259 yer\u00fcst\u00fc maddi m\u0259d\u0259niyy\u0259t n\u00fcmun\u0259l\u0259ri &#8211;\u00a0q\u0259dim ya\u015fay\u0131\u015f m\u0259sk\u0259nl\u0259ri, nekropollar, kurqanlar, qala, saray v\u0259 istehkam qal\u0131qlar\u0131, karvansaralar, k\u00f6rp\u00fcl\u0259r, q\u0259bir\u00fcst\u00fc s\u0259nduq\u0259l\u0259r, xa\u00e7da\u015flar, at-qo\u00e7 heyk\u0259ll\u0259ri, m\u0259b\u0259d, kils\u0259, m\u0259scid, pir v\u0259 ocaqlar\u0131n \u00fcz\u0259 \u00e7\u0131xar\u0131lmas\u0131, h\u0259min \u0259razinin t\u0259miz o\u011fuz-t\u00fcrk m\u0259sk\u0259nl\u0259ri oldu\u011funu t\u0259sdiq ed\u0259n faktlar\u0131n d\u00fcnya ictimaiyy\u0259tin\u0259 \u00e7atd\u0131r\u0131lmas\u0131d\u0131r.<\/p>\n<p>H\u0259m\u00e7inin Prezident\u00a0<strong>\u0130lham \u018fliyevin<\/strong>\u00a0Q\u0259rbi Az\u0259rbaycanla ba\u011fl\u0131 dediyi \u201cXX \u0259srin \u0259vv\u0259ll\u0259rin\u0259 t\u0259sad\u00fcf ed\u0259n x\u0259rit\u0259 bir daha onu g\u00f6st\u0259rir ki, Q\u0259rbi Az\u0259rbaycan tarixi Az\u0259rbaycan diyar\u0131d\u0131r, \u015f\u0259h\u0259rl\u0259rin, k\u0259ndl\u0259rin adlar\u0131 Az\u0259rbaycan m\u0259n\u015f\u0259lidir v\u0259 biz yax\u015f\u0131 bilirik ki, indiki Erm\u0259nistan \u0259razisind\u0259 tarix boyu Az\u0259rbaycan xalq\u0131 ya\u015fay\u0131b. \u0130ndi \u0259sas v\u0259zif\u0259 ondan ibar\u0259tdir ki, d\u00fcnya ictimaiyy\u0259ti d\u0259 bunu bilsin\u201d, &#8211;\u00a0fikrini \u0259sas tutaraq, Q\u0259rbi Az\u0259rbaycan \u0130cmas\u0131n\u0131n haz\u0131rlad\u0131\u011f\u0131 Qay\u0131d\u0131\u015f Konsepsiyas\u0131ndan ir\u0259li g\u0259l\u0259n v\u0259zif\u0259l\u0259rin t\u0259bli\u011fidir.<\/p>\n<p>Bundan \u0259lav\u0259, Q\u0259rbi Az\u0259rbaycanla ba\u011fl\u0131 tarix\u00e7il\u0259rin, ara\u015fd\u0131rma\u00e7\u0131lar\u0131n d\u00fc\u015f\u00fcnc\u0259l\u0259rini, deportasiyaya m\u0259ruz qalm\u0131\u015f \u015f\u0259xsl\u0259rin h\u0259yat hekay\u0259sini i\u015f\u0131qland\u0131rmaqd\u0131r.<\/p>\n<p>\u018ftrafl\u0131 Baku TV-nin s\u00fcjetind\u0259:<\/p>\n<div><iframe loading=\"lazy\" title=\"YouTube video player\" src=\"https:\/\/www.youtube.com\/embed\/QLRVWsWJuuc?si=eSloeETepSvBAvSO\" width=\"560\" height=\"315\" frameborder=\"0\" allowfullscreen=\"allowfullscreen\" data-mce-fragment=\"1\"><\/iframe><\/div>\n<\/div>\n<\/article>\n","protected":false},"excerpt":{"rendered":"<p>Q\u0259rbi Az\u0259rbaycan Xronikas\u0131 layih\u0259si \u00e7\u0259r\u00e7iv\u0259sind\u0259 s\u0259n\u0259t\u015f\u00fcnasl\u0131q \u00fczr\u0259 f\u0259ls\u0259f\u0259 doktoru El\u00e7in \u018flib\u0259ylinin t\u0259qdimat\u0131nda \u201cErm\u0259nil\u0259rin \u00f6l\u00fcl\u0259r\u0259 qar\u015f\u0131 qisas cinay\u0259ti\u201d adl\u0131 verili\u015f efir\u0259 gedib. Verili\u015fd\u0259 bir ne\u00e7\u0259 beyn\u0259lxalq m\u00fckafata layiq g\u00f6r\u00fcl\u0259n P\u0259mb\u0259k mahal\u0131n\u0131n Qarakils\u0259 \u015f\u0259h\u0259rind\u0259 \u00e7al\u0131\u015fan jurnalist Naira Bulqadaryan\u0131n a1plus sayt\u0131nda Q\u0259rbi Az\u0259rbaycanda olan q\u0259birl\u0259rl\u0259 ba\u011fl\u0131 m\u0259qal\u0259sin\u0259 yer verilir. O yaz\u0131r ki, 104 ya\u015f\u0131nda d\u00fcnyas\u0131n\u0131 d\u0259yi\u015f\u0259n Anagiz \u018fliyevan\u0131n m\u0259zar\u0131 Erm\u0259nistan\u0131n Lori rayonunun Saral k\u0259ndinin unudulmu\u015f q\u0259biristanl\u0131\u011f\u0131ndad\u0131r: \u201cQ\u0259bir da\u015f\u0131nda bel\u0259 yaz\u0131lm\u0131\u015fd\u0131r: \u018fliyeva Anagiz M\u0259mm\u0259d Q\u0131z\u0131 1880-1984\u201d. Erm\u0259nistan h\u00f6kum\u0259tinin Az\u0259rbaycan q\u0259biristanl\u0131qlar\u0131n\u0131n b\u0259rpas\u0131 \u00fc\u00e7\u00fcn he\u00e7 bir v\u0259sait ay\u0131rmas\u0131 yoxdur, \u00e7\u00fcnki h\u00f6kum\u0259tin fikrinc\u0259, onlar tarixi v\u0259 m\u0259d\u0259ni&hellip;<\/p>\n","protected":false},"author":2,"featured_media":643752,"comment_status":"closed","ping_status":"closed","sticky":false,"template":"","format":"standard","meta":{"om_disable_all_campaigns":false,"_monsterinsights_skip_tracking":false,"_monsterinsights_sitenote_active":false,"_monsterinsights_sitenote_note":"","_monsterinsights_sitenote_category":0},"categories":[4],"tags":[],"aioseo_notices":[],"gutentor_comment":0,"rttpg_featured_image_url":{"full":["https:\/\/arantv.az\/wp-content\/uploads\/2023\/10\/380205803_1538573013563208_4659521477066096215_n.jpg",620,413,false],"landscape":["https:\/\/arantv.az\/wp-content\/uploads\/2023\/10\/380205803_1538573013563208_4659521477066096215_n.jpg",620,413,false],"portraits":["https:\/\/arantv.az\/wp-content\/uploads\/2023\/10\/380205803_1538573013563208_4659521477066096215_n.jpg",620,413,false],"thumbnail":["https:\/\/arantv.az\/wp-content\/uploads\/2023\/10\/380205803_1538573013563208_4659521477066096215_n-500x280.jpg",500,280,true],"medium":["https:\/\/arantv.az\/wp-content\/uploads\/2023\/10\/380205803_1538573013563208_4659521477066096215_n-548x365.jpg",548,365,true],"large":["https:\/\/arantv.az\/wp-content\/uploads\/2023\/10\/380205803_1538573013563208_4659521477066096215_n.jpg",620,413,false],"1536x1536":["https:\/\/arantv.az\/wp-content\/uploads\/2023\/10\/380205803_1538573013563208_4659521477066096215_n.jpg",620,413,false],"2048x2048":["https:\/\/arantv.az\/wp-content\/uploads\/2023\/10\/380205803_1538573013563208_4659521477066096215_n.jpg",620,413,false],"post-thumbnail":["https:\/\/arantv.az\/wp-content\/uploads\/2023\/10\/380205803_1538573013563208_4659521477066096215_n-240x172.jpg",240,172,true],"advps-thumb-one":["https:\/\/arantv.az\/wp-content\/uploads\/2023\/10\/380205803_1538573013563208_4659521477066096215_n.jpg",620,413,false]},"rttpg_author":{"display_name":"V\u00fcsal Rafiqo\u011flu","author_link":"https:\/\/arantv.az\/?author=2"},"rttpg_comment":0,"rttpg_category":"<a href=\"https:\/\/arantv.az\/?cat=4\" rel=\"category\">Siyas\u0259t<\/a>","rttpg_excerpt":"Q\u0259rbi Az\u0259rbaycan Xronikas\u0131 layih\u0259si \u00e7\u0259r\u00e7iv\u0259sind\u0259 s\u0259n\u0259t\u015f\u00fcnasl\u0131q \u00fczr\u0259 f\u0259ls\u0259f\u0259 doktoru El\u00e7in \u018flib\u0259ylinin t\u0259qdimat\u0131nda \u201cErm\u0259nil\u0259rin \u00f6l\u00fcl\u0259r\u0259 qar\u015f\u0131 qisas cinay\u0259ti\u201d adl\u0131 verili\u015f efir\u0259 gedib. Verili\u015fd\u0259 bir ne\u00e7\u0259 beyn\u0259lxalq m\u00fckafata layiq g\u00f6r\u00fcl\u0259n P\u0259mb\u0259k mahal\u0131n\u0131n Qarakils\u0259 \u015f\u0259h\u0259rind\u0259 \u00e7al\u0131\u015fan jurnalist Naira Bulqadaryan\u0131n a1plus sayt\u0131nda Q\u0259rbi Az\u0259rbaycanda olan q\u0259birl\u0259rl\u0259 ba\u011fl\u0131 m\u0259qal\u0259sin\u0259 yer verilir. O yaz\u0131r ki, 104 ya\u015f\u0131nda d\u00fcnyas\u0131n\u0131 d\u0259yi\u015f\u0259n Anagiz \u018fliyevan\u0131n&hellip;","_links":{"self":[{"href":"https:\/\/arantv.az\/index.php?rest_route=\/wp\/v2\/posts\/643750"}],"collection":[{"href":"https:\/\/arantv.az\/index.php?rest_route=\/wp\/v2\/posts"}],"about":[{"href":"https:\/\/arantv.az\/index.php?rest_route=\/wp\/v2\/types\/post"}],"author":[{"embeddable":true,"href":"https:\/\/arantv.az\/index.php?rest_route=\/wp\/v2\/users\/2"}],"replies":[{"embeddable":true,"href":"https:\/\/arantv.az\/index.php?rest_route=%2Fwp%2Fv2%2Fcomments&post=643750"}],"version-history":[{"count":0,"href":"https:\/\/arantv.az\/index.php?rest_route=\/wp\/v2\/posts\/643750\/revisions"}],"wp:featuredmedia":[{"embeddable":true,"href":"https:\/\/arantv.az\/index.php?rest_route=\/wp\/v2\/media\/643752"}],"wp:attachment":[{"href":"https:\/\/arantv.az\/index.php?rest_route=%2Fwp%2Fv2%2Fmedia&parent=643750"}],"wp:term":[{"taxonomy":"category","embeddable":true,"href":"https:\/\/arantv.az\/index.php?rest_route=%2Fwp%2Fv2%2Fcategories&post=643750"},{"taxonomy":"post_tag","embeddable":true,"href":"https:\/\/arantv.az\/index.php?rest_route=%2Fwp%2Fv2%2Ftags&post=643750"}],"curies":[{"name":"wp","href":"https:\/\/api.w.org\/{rel}","templated":true}]}}