{"id":643756,"date":"2023-10-10T20:17:07","date_gmt":"2023-10-10T16:17:07","guid":{"rendered":"https:\/\/arantv.az\/?p=643756"},"modified":"2023-10-10T20:17:07","modified_gmt":"2023-10-10T16:17:07","slug":"pasinyan-erm%c9%99nistan-33-formatinda-gorusl%c9%99r-kecirm%c9%99y%c9%99-hazirdir","status":"publish","type":"post","link":"https:\/\/arantv.az\/?p=643756","title":{"rendered":"Pa\u015finyan: \u201cErm\u0259nistan \u201c3+3\u201d format\u0131nda g\u00f6r\u00fc\u015fl\u0259r ke\u00e7irm\u0259y\u0259 haz\u0131rd\u0131r\u201d"},"content":{"rendered":"<p>Erm\u0259nistan \u201c3+3\u201d format\u0131nda regional \u0259m\u0259kda\u015fl\u0131q platformas\u0131n\u0131n iclaslar\u0131nda i\u015ftirak etm\u0259y\u0259 haz\u0131rd\u0131r.<\/p>\n<p>Bunu respublikan\u0131n ba\u015f naziri Nikol Pa\u015finyan \u00f6lk\u0259sinin \u0130ctimai Televiziya kanal\u0131na m\u00fcsahib\u0259sind\u0259 deyib.<\/p>\n<p>\u201c\u018flb\u0259tt\u0259, biz haz\u0131r\u0131q. Vaxtil\u0259 3+3 format\u0131nda n\u00f6vb\u0259ti g\u00f6r\u00fc\u015f\u00fcn Tehranda ke\u00e7irilm\u0259si il\u0259 ba\u011fl\u0131 raz\u0131l\u0131q \u0259ld\u0259 olunmu\u015fdu\u201d, &#8211; o qeyd edib.<\/p>\n<p>M\u0259nb\u0259: TASS<\/p>\n","protected":false},"excerpt":{"rendered":"<p>Erm\u0259nistan \u201c3+3\u201d format\u0131nda regional \u0259m\u0259kda\u015fl\u0131q platformas\u0131n\u0131n iclaslar\u0131nda i\u015ftirak etm\u0259y\u0259 haz\u0131rd\u0131r. Bunu respublikan\u0131n ba\u015f naziri Nikol Pa\u015finyan \u00f6lk\u0259sinin \u0130ctimai Televiziya kanal\u0131na m\u00fcsahib\u0259sind\u0259 deyib. \u201c\u018flb\u0259tt\u0259, biz haz\u0131r\u0131q. Vaxtil\u0259 3+3 format\u0131nda n\u00f6vb\u0259ti g\u00f6r\u00fc\u015f\u00fcn Tehranda ke\u00e7irilm\u0259si il\u0259 ba\u011fl\u0131 raz\u0131l\u0131q \u0259ld\u0259 olunmu\u015fdu\u201d, &#8211; o qeyd edib. M\u0259nb\u0259: TASS<\/p>\n","protected":false},"author":2,"featured_media":643758,"comment_status":"closed","ping_status":"closed","sticky":false,"template":"","format":"standard","meta":{"om_disable_all_campaigns":false,"_monsterinsights_skip_tracking":false,"_monsterinsights_sitenote_active":false,"_monsterinsights_sitenote_note":"","_monsterinsights_sitenote_category":0},"categories":[7],"tags":[],"aioseo_notices":[],"gutentor_comment":0,"rttpg_featured_image_url":{"full":["https:\/\/arantv.az\/wp-content\/uploads\/2023\/10\/588ae4d6-b375-454e-ab4e-7fd8635b7f8e.jpg",620,413,false],"landscape":["https:\/\/arantv.az\/wp-content\/uploads\/2023\/10\/588ae4d6-b375-454e-ab4e-7fd8635b7f8e.jpg",620,413,false],"portraits":["https:\/\/arantv.az\/wp-content\/uploads\/2023\/10\/588ae4d6-b375-454e-ab4e-7fd8635b7f8e.jpg",620,413,false],"thumbnail":["https:\/\/arantv.az\/wp-content\/uploads\/2023\/10\/588ae4d6-b375-454e-ab4e-7fd8635b7f8e-500x280.jpg",500,280,true],"medium":["https:\/\/arantv.az\/wp-content\/uploads\/2023\/10\/588ae4d6-b375-454e-ab4e-7fd8635b7f8e-548x365.jpg",548,365,true],"large":["https:\/\/arantv.az\/wp-content\/uploads\/2023\/10\/588ae4d6-b375-454e-ab4e-7fd8635b7f8e.jpg",620,413,false],"1536x1536":["https:\/\/arantv.az\/wp-content\/uploads\/2023\/10\/588ae4d6-b375-454e-ab4e-7fd8635b7f8e.jpg",620,413,false],"2048x2048":["https:\/\/arantv.az\/wp-content\/uploads\/2023\/10\/588ae4d6-b375-454e-ab4e-7fd8635b7f8e.jpg",620,413,false],"post-thumbnail":["https:\/\/arantv.az\/wp-content\/uploads\/2023\/10\/588ae4d6-b375-454e-ab4e-7fd8635b7f8e-240x172.jpg",240,172,true],"advps-thumb-one":["https:\/\/arantv.az\/wp-content\/uploads\/2023\/10\/588ae4d6-b375-454e-ab4e-7fd8635b7f8e.jpg",620,413,false]},"rttpg_author":{"display_name":"V\u00fcsal Rafiqo\u011flu","author_link":"https:\/\/arantv.az\/?author=2"},"rttpg_comment":0,"rttpg_category":"<a href=\"https:\/\/arantv.az\/?cat=7\" rel=\"category\">D\u00fcnya<\/a>","rttpg_excerpt":"Erm\u0259nistan \u201c3+3\u201d format\u0131nda regional \u0259m\u0259kda\u015fl\u0131q platformas\u0131n\u0131n iclaslar\u0131nda i\u015ftirak etm\u0259y\u0259 haz\u0131rd\u0131r. Bunu respublikan\u0131n ba\u015f naziri Nikol Pa\u015finyan \u00f6lk\u0259sinin \u0130ctimai Televiziya kanal\u0131na m\u00fcsahib\u0259sind\u0259 deyib. \u201c\u018flb\u0259tt\u0259, biz haz\u0131r\u0131q. Vaxtil\u0259 3+3 format\u0131nda n\u00f6vb\u0259ti g\u00f6r\u00fc\u015f\u00fcn Tehranda ke\u00e7irilm\u0259si il\u0259 ba\u011fl\u0131 raz\u0131l\u0131q \u0259ld\u0259 olunmu\u015fdu\u201d, &#8211; o qeyd edib. M\u0259nb\u0259: TASS","_links":{"self":[{"href":"https:\/\/arantv.az\/index.php?rest_route=\/wp\/v2\/posts\/643756"}],"collection":[{"href":"https:\/\/arantv.az\/index.php?rest_route=\/wp\/v2\/posts"}],"about":[{"href":"https:\/\/arantv.az\/index.php?rest_route=\/wp\/v2\/types\/post"}],"author":[{"embeddable":true,"href":"https:\/\/arantv.az\/index.php?rest_route=\/wp\/v2\/users\/2"}],"replies":[{"embeddable":true,"href":"https:\/\/arantv.az\/index.php?rest_route=%2Fwp%2Fv2%2Fcomments&post=643756"}],"version-history":[{"count":0,"href":"https:\/\/arantv.az\/index.php?rest_route=\/wp\/v2\/posts\/643756\/revisions"}],"wp:featuredmedia":[{"embeddable":true,"href":"https:\/\/arantv.az\/index.php?rest_route=\/wp\/v2\/media\/643758"}],"wp:attachment":[{"href":"https:\/\/arantv.az\/index.php?rest_route=%2Fwp%2Fv2%2Fmedia&parent=643756"}],"wp:term":[{"taxonomy":"category","embeddable":true,"href":"https:\/\/arantv.az\/index.php?rest_route=%2Fwp%2Fv2%2Fcategories&post=643756"},{"taxonomy":"post_tag","embeddable":true,"href":"https:\/\/arantv.az\/index.php?rest_route=%2Fwp%2Fv2%2Ftags&post=643756"}],"curies":[{"name":"wp","href":"https:\/\/api.w.org\/{rel}","templated":true}]}}