{"id":643790,"date":"2023-10-10T21:14:29","date_gmt":"2023-10-10T17:14:29","guid":{"rendered":"https:\/\/arantv.az\/?p=643790"},"modified":"2023-10-10T21:14:29","modified_gmt":"2023-10-10T17:14:29","slug":"hakan-fidan-susaya-avtomobili-ozu-surub","status":"publish","type":"post","link":"https:\/\/arantv.az\/?p=643790","title":{"rendered":"Hakan Fidan \u015eu\u015faya avtomobili \u00f6z\u00fc s\u00fcr\u00fcb"},"content":{"rendered":"<p>T\u00fcrkiy\u0259nin xarici i\u015fl\u0259r naziri Hakan Fidan \u015eu\u015faya avtomobili \u00f6z\u00fc s\u00fcr\u00fcb.<\/p>\n<p>\u201cQafqazinfo\u201dnun m\u0259lumat\u0131na g\u00f6r\u0259, t\u00fcrkiy\u0259li nazir F\u00fczuli hava liman\u0131na g\u0259ldikd\u0259n sonra \u015eu\u015faya avtomobili \u00f6z\u00fc idar\u0259 ed\u0259r\u0259k gedib.<\/p>\n<p>Onun idar\u0259 etdiyi avtomobild\u0259 az\u0259rbaycanl\u0131 h\u0259mkar\u0131 Ceyhun Bayramov da \u0259yl\u0259\u015fib.<\/p>\n<p>Qeyd ed\u0259k ki,\u00a0Hakan Fidan \u015eu\u015fada t\u0259\u015fkil olunan \u0130qtisadi \u018fm\u0259kda\u015fl\u0131q T\u0259\u015fkilat\u0131na (\u0130\u018fT) \u00fczv \u00f6lk\u0259l\u0259rin Xarici \u0130\u015fl\u0259r Nazirl\u0259rinin 27-ci Toplant\u0131s\u0131nda i\u015ftirak etm\u0259k \u00fc\u00e7\u00fcn Az\u0259rbaycana g\u0259lib.<\/p>\n","protected":false},"excerpt":{"rendered":"<p>T\u00fcrkiy\u0259nin xarici i\u015fl\u0259r naziri Hakan Fidan \u015eu\u015faya avtomobili \u00f6z\u00fc s\u00fcr\u00fcb. \u201cQafqazinfo\u201dnun m\u0259lumat\u0131na g\u00f6r\u0259, t\u00fcrkiy\u0259li nazir F\u00fczuli hava liman\u0131na g\u0259ldikd\u0259n sonra \u015eu\u015faya avtomobili \u00f6z\u00fc idar\u0259 ed\u0259r\u0259k gedib. Onun idar\u0259 etdiyi avtomobild\u0259 az\u0259rbaycanl\u0131 h\u0259mkar\u0131 Ceyhun Bayramov da \u0259yl\u0259\u015fib. Qeyd ed\u0259k ki,\u00a0Hakan Fidan \u015eu\u015fada t\u0259\u015fkil olunan \u0130qtisadi \u018fm\u0259kda\u015fl\u0131q T\u0259\u015fkilat\u0131na (\u0130\u018fT) \u00fczv \u00f6lk\u0259l\u0259rin Xarici \u0130\u015fl\u0259r Nazirl\u0259rinin 27-ci Toplant\u0131s\u0131nda i\u015ftirak etm\u0259k \u00fc\u00e7\u00fcn Az\u0259rbaycana g\u0259lib.<\/p>\n","protected":false},"author":2,"featured_media":643796,"comment_status":"closed","ping_status":"closed","sticky":false,"template":"","format":"standard","meta":{"om_disable_all_campaigns":false,"_monsterinsights_skip_tracking":false,"_monsterinsights_sitenote_active":false,"_monsterinsights_sitenote_note":"","_monsterinsights_sitenote_category":0},"categories":[4],"tags":[],"aioseo_notices":[],"gutentor_comment":0,"rttpg_featured_image_url":{"full":["https:\/\/arantv.az\/wp-content\/uploads\/2023\/10\/hakan-fidan-aa-2121708__1_.jpg",620,413,false],"landscape":["https:\/\/arantv.az\/wp-content\/uploads\/2023\/10\/hakan-fidan-aa-2121708__1_.jpg",620,413,false],"portraits":["https:\/\/arantv.az\/wp-content\/uploads\/2023\/10\/hakan-fidan-aa-2121708__1_.jpg",620,413,false],"thumbnail":["https:\/\/arantv.az\/wp-content\/uploads\/2023\/10\/hakan-fidan-aa-2121708__1_-500x280.jpg",500,280,true],"medium":["https:\/\/arantv.az\/wp-content\/uploads\/2023\/10\/hakan-fidan-aa-2121708__1_-548x365.jpg",548,365,true],"large":["https:\/\/arantv.az\/wp-content\/uploads\/2023\/10\/hakan-fidan-aa-2121708__1_.jpg",620,413,false],"1536x1536":["https:\/\/arantv.az\/wp-content\/uploads\/2023\/10\/hakan-fidan-aa-2121708__1_.jpg",620,413,false],"2048x2048":["https:\/\/arantv.az\/wp-content\/uploads\/2023\/10\/hakan-fidan-aa-2121708__1_.jpg",620,413,false],"post-thumbnail":["https:\/\/arantv.az\/wp-content\/uploads\/2023\/10\/hakan-fidan-aa-2121708__1_-240x172.jpg",240,172,true],"advps-thumb-one":["https:\/\/arantv.az\/wp-content\/uploads\/2023\/10\/hakan-fidan-aa-2121708__1_.jpg",620,413,false]},"rttpg_author":{"display_name":"V\u00fcsal Rafiqo\u011flu","author_link":"https:\/\/arantv.az\/?author=2"},"rttpg_comment":0,"rttpg_category":"<a href=\"https:\/\/arantv.az\/?cat=4\" rel=\"category\">Siyas\u0259t<\/a>","rttpg_excerpt":"T\u00fcrkiy\u0259nin xarici i\u015fl\u0259r naziri Hakan Fidan \u015eu\u015faya avtomobili \u00f6z\u00fc s\u00fcr\u00fcb. \u201cQafqazinfo\u201dnun m\u0259lumat\u0131na g\u00f6r\u0259, t\u00fcrkiy\u0259li nazir F\u00fczuli hava liman\u0131na g\u0259ldikd\u0259n sonra \u015eu\u015faya avtomobili \u00f6z\u00fc idar\u0259 ed\u0259r\u0259k gedib. Onun idar\u0259 etdiyi avtomobild\u0259 az\u0259rbaycanl\u0131 h\u0259mkar\u0131 Ceyhun Bayramov da \u0259yl\u0259\u015fib. Qeyd ed\u0259k ki,\u00a0Hakan Fidan \u015eu\u015fada t\u0259\u015fkil olunan \u0130qtisadi \u018fm\u0259kda\u015fl\u0131q T\u0259\u015fkilat\u0131na (\u0130\u018fT) \u00fczv \u00f6lk\u0259l\u0259rin Xarici \u0130\u015fl\u0259r Nazirl\u0259rinin 27-ci Toplant\u0131s\u0131nda i\u015ftirak&hellip;","_links":{"self":[{"href":"https:\/\/arantv.az\/index.php?rest_route=\/wp\/v2\/posts\/643790"}],"collection":[{"href":"https:\/\/arantv.az\/index.php?rest_route=\/wp\/v2\/posts"}],"about":[{"href":"https:\/\/arantv.az\/index.php?rest_route=\/wp\/v2\/types\/post"}],"author":[{"embeddable":true,"href":"https:\/\/arantv.az\/index.php?rest_route=\/wp\/v2\/users\/2"}],"replies":[{"embeddable":true,"href":"https:\/\/arantv.az\/index.php?rest_route=%2Fwp%2Fv2%2Fcomments&post=643790"}],"version-history":[{"count":0,"href":"https:\/\/arantv.az\/index.php?rest_route=\/wp\/v2\/posts\/643790\/revisions"}],"wp:featuredmedia":[{"embeddable":true,"href":"https:\/\/arantv.az\/index.php?rest_route=\/wp\/v2\/media\/643796"}],"wp:attachment":[{"href":"https:\/\/arantv.az\/index.php?rest_route=%2Fwp%2Fv2%2Fmedia&parent=643790"}],"wp:term":[{"taxonomy":"category","embeddable":true,"href":"https:\/\/arantv.az\/index.php?rest_route=%2Fwp%2Fv2%2Fcategories&post=643790"},{"taxonomy":"post_tag","embeddable":true,"href":"https:\/\/arantv.az\/index.php?rest_route=%2Fwp%2Fv2%2Ftags&post=643790"}],"curies":[{"name":"wp","href":"https:\/\/api.w.org\/{rel}","templated":true}]}}