{"id":643801,"date":"2023-10-10T21:16:23","date_gmt":"2023-10-10T17:16:23","guid":{"rendered":"https:\/\/arantv.az\/?p=643801"},"modified":"2023-10-10T21:16:23","modified_gmt":"2023-10-10T17:16:23","slug":"prezident-ilham-%c9%99liyev-rusiya-t%c9%99hluk%c9%99sizlik-surasinin-katibini-q%c9%99bul-edib-yenil%c9%99nib","status":"publish","type":"post","link":"https:\/\/arantv.az\/?p=643801","title":{"rendered":"Prezident \u0130lham \u018fliyev Rusiya T\u0259hl\u00fck\u0259sizlik \u015euras\u0131n\u0131n katibini q\u0259bul edib &#8211; YEN\u0130L\u018fN\u0130B"},"content":{"rendered":"<p>Az\u0259rbaycan Respublikas\u0131n\u0131n Prezidenti\u00a0<strong>\u0130lham \u018fliyev<\/strong>\u00a0oktyabr\u0131n 10-da Rusiya Federasiyas\u0131 T\u0259hl\u00fck\u0259sizlik \u015euras\u0131n\u0131n katibi Nikolay Patru\u015fevi q\u0259bul edib.<\/p>\n<p><a href=\"https:\/\/azertag.az\/xeber\/azerbaycan_prezidenti_ilham_eliyev_rusiya_federasiyasi_tehlukesizlik_surasinin_katibini_qebul_edib-2782174?fbclid=IwAR0bfD5cJ1NbYUKNUPX5D9Ua5mt_qsjM3NdReooC7kmDDrC68mHIzC8Hz6Y\" target=\"_blank\" rel=\"noopener\">AZ\u018fRTAC<\/a>\u00a0x\u0259b\u0259r verir ki, d\u00f6vl\u0259timizin ba\u015f\u00e7\u0131s\u0131 \u00f6lk\u0259l\u0259rimiz aras\u0131nda m\u00fcnasib\u0259tl\u0259rin g\u00fcnd\u0259liyind\u0259ki m\u0259s\u0259l\u0259l\u0259rin \u00e7ox geni\u015f oldu\u011funu bildirdi. Prezident \u0130lham \u018fliyev Az\u0259rbaycan Respublikas\u0131 il\u0259 Rusiya Federasiyas\u0131 aras\u0131nda m\u00fctt\u0259fiqlik qar\u015f\u0131l\u0131ql\u0131 f\u0259aliyy\u0259ti haqq\u0131nda B\u0259yannam\u0259nin imzalanmas\u0131ndan ke\u00e7\u0259n d\u00f6vr \u0259rzind\u0259 ikit\u0259r\u0259fli m\u00fcnasib\u0259tl\u0259rimizin h\u0259qiq\u0259t\u0259n m\u00fctt\u0259fiqlik xarakteri da\u015f\u0131d\u0131\u011f\u0131n\u0131 n\u00fcmayi\u015f etdirdiyini dedi v\u0259 bunun b\u00fct\u00fcn sah\u0259l\u0259rd\u0259 \u00f6z\u00fcn\u00fc g\u00f6st\u0259rdiyini vur\u011fulad\u0131.<\/p>\n<p>Az\u0259rbaycan Prezidenti regional t\u0259hl\u00fck\u0259sizlik, iqtisadi \u0259laq\u0259l\u0259r, n\u0259qliyyat v\u0259 dig\u0259r sah\u0259l\u0259rl\u0259 ba\u011fl\u0131 \u0259m\u0259kda\u015fl\u0131\u011f\u0131m\u0131z\u0131n bundan sonra da m\u00f6hk\u0259ml\u0259n\u0259c\u0259yin\u0259 \u0259minliyini bildirdi.<\/p>\n<p>Nikolay Patru\u015fev, ilk n\u00f6vb\u0259d\u0259, Rusiya Federasiyas\u0131n\u0131n Prezidenti Vladimir Putinin salamlar\u0131n\u0131 v\u0259 \u0259n xo\u015f arzular\u0131n\u0131 d\u00f6vl\u0259timizin ba\u015f\u00e7\u0131s\u0131na \u00e7atd\u0131rd\u0131.<\/p>\n<p>Prezident \u0130lham \u018fliyev salamlara g\u00f6r\u0259 minn\u0259tdarl\u0131\u011f\u0131n\u0131 bildirdi, onun da salamlar\u0131n\u0131 Vladimir Putin\u0259 \u00e7atd\u0131rma\u011f\u0131 xahi\u015f etdi.<\/p>\n<p>Rusiya Federasiyas\u0131 T\u0259hl\u00fck\u0259sizlik \u015euras\u0131n\u0131n katibi Ulu \u00d6nd\u0259r Heyd\u0259r \u018fliyevin anadan olmas\u0131n\u0131n 100 illiyi il\u0259 ba\u011fl\u0131 \u00dcmummilli Liderin \u0259ziz xatir\u0259sini ehtiramla yad etdi.<\/p>\n<p>D\u00f6vl\u0259timizin ba\u015f\u00e7\u0131s\u0131 Ulu \u00d6nd\u0259rin anadan olmas\u0131n\u0131n 100 illiyi m\u00fcnasib\u0259til\u0259 \u00dcmummilli Liderin xatir\u0259sin\u0259 ehtiram \u0259lam\u0259ti olaraq Rusiyada d\u00f6vl\u0259t s\u0259viyy\u0259sind\u0259 t\u0259dbirl\u0259rin ke\u00e7irilm\u0259sin\u0259 g\u00f6r\u0259 minn\u0259tdarl\u0131\u011f\u0131n\u0131 bildirdi.<\/p>\n<p>Qonaq Az\u0259rbaycan Respublikas\u0131 il\u0259 Rusiya Federasiyas\u0131 aras\u0131nda m\u00fctt\u0259fiqlik qar\u015f\u0131l\u0131ql\u0131 f\u0259aliyy\u0259ti haqq\u0131nda B\u0259yannam\u0259nin imzalanmas\u0131ndan sonra \u0259laq\u0259l\u0259rimizin daha da geni\u015fl\u0259ndiyini m\u0259mnunluqla vur\u011fulad\u0131.<\/p>\n<p>G\u00f6r\u00fc\u015fd\u0259 qlobal v\u0259 regional m\u0259s\u0259l\u0259l\u0259r, h\u0259m\u00e7inin beyn\u0259lxalq t\u0259\u015fkilatlar \u00e7\u0259r\u00e7iv\u0259sind\u0259 \u0259m\u0259kda\u015fl\u0131qla ba\u011fl\u0131 fikir m\u00fcbadil\u0259si apar\u0131ld\u0131, regional \u0259m\u0259kda\u015fl\u0131q m\u0259s\u0259l\u0259l\u0259ri m\u00fczakir\u0259 olundu.<\/p>\n<p>D\u00f6vl\u0259timizin ba\u015f\u00e7\u0131s\u0131 regional m\u0259s\u0259l\u0259l\u0259rin 3+3 format\u0131nda region \u00f6lk\u0259l\u0259rinin i\u015ftirak\u0131 il\u0259 h\u0259ll edilm\u0259sinin vacibliyini vur\u011fulad\u0131, bu formatda m\u00fcvafiq s\u0259viyy\u0259l\u0259rd\u0259 g\u00f6r\u00fc\u015fl\u0259rin ke\u00e7irilm\u0259sini qeyd etdi.<\/p>\n<p>S\u00f6hb\u0259t zaman\u0131 \u015eimal-C\u0259nub N\u0259qliyyat D\u0259hlizinin inki\u015faf etdirilm\u0259si istiqam\u0259tind\u0259 Az\u0259rbaycan-Rusiya-\u0130ran aras\u0131ndak\u0131 \u0259m\u0259kda\u015fl\u0131qla ba\u011fl\u0131 fikir m\u00fcbadil\u0259si apar\u0131ld\u0131.<\/p>\n<p><strong>19:34<\/strong><\/p>\n<p>Az\u0259rbaycan Respublikas\u0131n\u0131n Prezidenti\u00a0<strong>\u0130lham \u018fliyev<\/strong>\u00a0oktyabr\u0131n 10-da Rusiya Federasiyas\u0131 T\u0259hl\u00fck\u0259sizlik \u015euras\u0131n\u0131n katibi Nikolay Patru\u015fevi q\u0259bul edib.<\/p>\n<p>Bu bar\u0259d\u0259\u00a0<a href=\"https:\/\/azertag.az\/xeber\/azerbaycan_prezidenti_ilham_eliyev_rusiya_federasiyasi_tehlukesizlik_surasinin_katibini_qebul_edib-2782174?fbclid=IwAR0bfD5cJ1NbYUKNUPX5D9Ua5mt_qsjM3NdReooC7kmDDrC68mHIzC8Hz6Y\" target=\"_blank\" rel=\"noopener\">AZ\u018fRTAC<\/a>\u00a0m\u0259lumat yay\u0131b.<\/p>\n","protected":false},"excerpt":{"rendered":"<p>Az\u0259rbaycan Respublikas\u0131n\u0131n Prezidenti\u00a0\u0130lham \u018fliyev\u00a0oktyabr\u0131n 10-da Rusiya Federasiyas\u0131 T\u0259hl\u00fck\u0259sizlik \u015euras\u0131n\u0131n katibi Nikolay Patru\u015fevi q\u0259bul edib. AZ\u018fRTAC\u00a0x\u0259b\u0259r verir ki, d\u00f6vl\u0259timizin ba\u015f\u00e7\u0131s\u0131 \u00f6lk\u0259l\u0259rimiz aras\u0131nda m\u00fcnasib\u0259tl\u0259rin g\u00fcnd\u0259liyind\u0259ki m\u0259s\u0259l\u0259l\u0259rin \u00e7ox geni\u015f oldu\u011funu bildirdi. Prezident \u0130lham \u018fliyev Az\u0259rbaycan Respublikas\u0131 il\u0259 Rusiya Federasiyas\u0131 aras\u0131nda m\u00fctt\u0259fiqlik qar\u015f\u0131l\u0131ql\u0131 f\u0259aliyy\u0259ti haqq\u0131nda B\u0259yannam\u0259nin imzalanmas\u0131ndan ke\u00e7\u0259n d\u00f6vr \u0259rzind\u0259 ikit\u0259r\u0259fli m\u00fcnasib\u0259tl\u0259rimizin h\u0259qiq\u0259t\u0259n m\u00fctt\u0259fiqlik xarakteri da\u015f\u0131d\u0131\u011f\u0131n\u0131 n\u00fcmayi\u015f etdirdiyini dedi v\u0259 bunun b\u00fct\u00fcn sah\u0259l\u0259rd\u0259 \u00f6z\u00fcn\u00fc g\u00f6st\u0259rdiyini vur\u011fulad\u0131. Az\u0259rbaycan Prezidenti regional t\u0259hl\u00fck\u0259sizlik, iqtisadi \u0259laq\u0259l\u0259r, n\u0259qliyyat v\u0259 dig\u0259r sah\u0259l\u0259rl\u0259 ba\u011fl\u0131 \u0259m\u0259kda\u015fl\u0131\u011f\u0131m\u0131z\u0131n bundan sonra da m\u00f6hk\u0259ml\u0259n\u0259c\u0259yin\u0259 \u0259minliyini bildirdi. Nikolay Patru\u015fev, ilk n\u00f6vb\u0259d\u0259, Rusiya Federasiyas\u0131n\u0131n Prezidenti Vladimir Putinin salamlar\u0131n\u0131&hellip;<\/p>\n","protected":false},"author":2,"featured_media":643757,"comment_status":"closed","ping_status":"closed","sticky":false,"template":"","format":"standard","meta":{"om_disable_all_campaigns":false,"_monsterinsights_skip_tracking":false,"_monsterinsights_sitenote_active":false,"_monsterinsights_sitenote_note":"","_monsterinsights_sitenote_category":0},"categories":[4],"tags":[],"aioseo_notices":[],"gutentor_comment":0,"rttpg_featured_image_url":{"full":["https:\/\/arantv.az\/wp-content\/uploads\/2023\/10\/FotoJet-2023-10-10T083700.024.jpg",620,413,false],"landscape":["https:\/\/arantv.az\/wp-content\/uploads\/2023\/10\/FotoJet-2023-10-10T083700.024.jpg",620,413,false],"portraits":["https:\/\/arantv.az\/wp-content\/uploads\/2023\/10\/FotoJet-2023-10-10T083700.024.jpg",620,413,false],"thumbnail":["https:\/\/arantv.az\/wp-content\/uploads\/2023\/10\/FotoJet-2023-10-10T083700.024-500x280.jpg",500,280,true],"medium":["https:\/\/arantv.az\/wp-content\/uploads\/2023\/10\/FotoJet-2023-10-10T083700.024-548x365.jpg",548,365,true],"large":["https:\/\/arantv.az\/wp-content\/uploads\/2023\/10\/FotoJet-2023-10-10T083700.024.jpg",620,413,false],"1536x1536":["https:\/\/arantv.az\/wp-content\/uploads\/2023\/10\/FotoJet-2023-10-10T083700.024.jpg",620,413,false],"2048x2048":["https:\/\/arantv.az\/wp-content\/uploads\/2023\/10\/FotoJet-2023-10-10T083700.024.jpg",620,413,false],"post-thumbnail":["https:\/\/arantv.az\/wp-content\/uploads\/2023\/10\/FotoJet-2023-10-10T083700.024-240x172.jpg",240,172,true],"advps-thumb-one":["https:\/\/arantv.az\/wp-content\/uploads\/2023\/10\/FotoJet-2023-10-10T083700.024.jpg",620,413,false]},"rttpg_author":{"display_name":"V\u00fcsal Rafiqo\u011flu","author_link":"https:\/\/arantv.az\/?author=2"},"rttpg_comment":0,"rttpg_category":"<a href=\"https:\/\/arantv.az\/?cat=4\" rel=\"category\">Siyas\u0259t<\/a>","rttpg_excerpt":"Az\u0259rbaycan Respublikas\u0131n\u0131n Prezidenti\u00a0\u0130lham \u018fliyev\u00a0oktyabr\u0131n 10-da Rusiya Federasiyas\u0131 T\u0259hl\u00fck\u0259sizlik \u015euras\u0131n\u0131n katibi Nikolay Patru\u015fevi q\u0259bul edib. AZ\u018fRTAC\u00a0x\u0259b\u0259r verir ki, d\u00f6vl\u0259timizin ba\u015f\u00e7\u0131s\u0131 \u00f6lk\u0259l\u0259rimiz aras\u0131nda m\u00fcnasib\u0259tl\u0259rin g\u00fcnd\u0259liyind\u0259ki m\u0259s\u0259l\u0259l\u0259rin \u00e7ox geni\u015f oldu\u011funu bildirdi. Prezident \u0130lham \u018fliyev Az\u0259rbaycan Respublikas\u0131 il\u0259 Rusiya Federasiyas\u0131 aras\u0131nda m\u00fctt\u0259fiqlik qar\u015f\u0131l\u0131ql\u0131 f\u0259aliyy\u0259ti haqq\u0131nda B\u0259yannam\u0259nin imzalanmas\u0131ndan ke\u00e7\u0259n d\u00f6vr \u0259rzind\u0259 ikit\u0259r\u0259fli m\u00fcnasib\u0259tl\u0259rimizin h\u0259qiq\u0259t\u0259n m\u00fctt\u0259fiqlik xarakteri da\u015f\u0131d\u0131\u011f\u0131n\u0131 n\u00fcmayi\u015f etdirdiyini dedi&hellip;","_links":{"self":[{"href":"https:\/\/arantv.az\/index.php?rest_route=\/wp\/v2\/posts\/643801"}],"collection":[{"href":"https:\/\/arantv.az\/index.php?rest_route=\/wp\/v2\/posts"}],"about":[{"href":"https:\/\/arantv.az\/index.php?rest_route=\/wp\/v2\/types\/post"}],"author":[{"embeddable":true,"href":"https:\/\/arantv.az\/index.php?rest_route=\/wp\/v2\/users\/2"}],"replies":[{"embeddable":true,"href":"https:\/\/arantv.az\/index.php?rest_route=%2Fwp%2Fv2%2Fcomments&post=643801"}],"version-history":[{"count":0,"href":"https:\/\/arantv.az\/index.php?rest_route=\/wp\/v2\/posts\/643801\/revisions"}],"wp:featuredmedia":[{"embeddable":true,"href":"https:\/\/arantv.az\/index.php?rest_route=\/wp\/v2\/media\/643757"}],"wp:attachment":[{"href":"https:\/\/arantv.az\/index.php?rest_route=%2Fwp%2Fv2%2Fmedia&parent=643801"}],"wp:term":[{"taxonomy":"category","embeddable":true,"href":"https:\/\/arantv.az\/index.php?rest_route=%2Fwp%2Fv2%2Fcategories&post=643801"},{"taxonomy":"post_tag","embeddable":true,"href":"https:\/\/arantv.az\/index.php?rest_route=%2Fwp%2Fv2%2Ftags&post=643801"}],"curies":[{"name":"wp","href":"https:\/\/api.w.org\/{rel}","templated":true}]}}