{"id":643804,"date":"2023-10-10T21:17:07","date_gmt":"2023-10-10T17:17:07","guid":{"rendered":"https:\/\/arantv.az\/?p=643804"},"modified":"2023-10-10T21:17:07","modified_gmt":"2023-10-10T17:17:07","slug":"%c9%99rdogan-putinl%c9%99-f%c9%99l%c9%99stin-israil-munaqis%c9%99sini-muzakir%c9%99-ed%c9%99c%c9%99k","status":"publish","type":"post","link":"https:\/\/arantv.az\/?p=643804","title":{"rendered":"\u018frdo\u011fan Putinl\u0259 F\u0259l\u0259stin-\u0130srail m\u00fcnaqi\u015f\u0259sini m\u00fczakir\u0259 ed\u0259c\u0259k"},"content":{"rendered":"<p>T\u00fcrkiy\u0259 Prezidenti R\u0259c\u0259b Tayyib \u018frdo\u011fan rusiyal\u0131 h\u0259mkar\u0131 Vladimir Putinl\u0259 F\u0259l\u0259stin-\u0130srail m\u00fcnaqi\u015f\u0259si zonas\u0131ndak\u0131 v\u0259ziyy\u0259ti m\u00fczakir\u0259 ed\u0259c\u0259k.<\/p>\n<p>Bu bar\u0259d\u0259 \u018frdo\u011fan Avstriya kansleri Karl Nehammerl\u0259 birg\u0259 m\u0259tbuat konfrans\u0131nda dan\u0131\u015f\u0131b.<\/p>\n<p>D\u00f6vl\u0259t ba\u015f\u00e7\u0131s\u0131 Avstriyaya terrorla m\u00fcbariz\u0259d\u0259 T\u00fcrkiy\u0259y\u0259 verdiyi d\u0259st\u0259y\u0259 g\u00f6r\u0259 t\u0259\u015f\u0259kk\u00fcr edib. Lakin o, eyni yana\u015fman\u0131 b\u00fct\u00f6vl\u00fckd\u0259n Avropadan g\u00f6r\u0259 bilm\u0259dikl\u0259rini qeyd edib.<\/p>\n<p>\u201cBiz region liderl\u0259ri il\u0259 son v\u0259ziyy\u0259ti m\u00fczakir\u0259 etdik. Bu g\u00fcn m\u0259n Putinl\u0259 dan\u0131\u015faca\u011fam, Quterre\u015fl\u0259 d\u0259 g\u00f6r\u00fc\u015f\u0259c\u0259y\u0259m. \u018fdal\u0259tli s\u00fclh\u00fcn m\u0259\u011flub t\u0259r\u0259fi yoxdur \u015f\u00fcar\u0131 il\u0259 b\u00fct\u00fcn n\u00fcfuzlu aktorlar\u0131 m\u0259suliyy\u0259ti \u00f6z \u00fcz\u0259rin\u0259 g\u00f6t\u00fcrm\u0259y\u0259 \u00e7a\u011f\u0131r\u0131r\u0131q\u201d, &#8211; dey\u0259 t\u00fcrkiy\u0259 Prezidenti b\u0259yan edib.<\/p>\n<p>M\u0259nb\u0259: Haber Global<\/p>\n","protected":false},"excerpt":{"rendered":"<p>T\u00fcrkiy\u0259 Prezidenti R\u0259c\u0259b Tayyib \u018frdo\u011fan rusiyal\u0131 h\u0259mkar\u0131 Vladimir Putinl\u0259 F\u0259l\u0259stin-\u0130srail m\u00fcnaqi\u015f\u0259si zonas\u0131ndak\u0131 v\u0259ziyy\u0259ti m\u00fczakir\u0259 ed\u0259c\u0259k. Bu bar\u0259d\u0259 \u018frdo\u011fan Avstriya kansleri Karl Nehammerl\u0259 birg\u0259 m\u0259tbuat konfrans\u0131nda dan\u0131\u015f\u0131b. D\u00f6vl\u0259t ba\u015f\u00e7\u0131s\u0131 Avstriyaya terrorla m\u00fcbariz\u0259d\u0259 T\u00fcrkiy\u0259y\u0259 verdiyi d\u0259st\u0259y\u0259 g\u00f6r\u0259 t\u0259\u015f\u0259kk\u00fcr edib. Lakin o, eyni yana\u015fman\u0131 b\u00fct\u00f6vl\u00fckd\u0259n Avropadan g\u00f6r\u0259 bilm\u0259dikl\u0259rini qeyd edib. \u201cBiz region liderl\u0259ri il\u0259 son v\u0259ziyy\u0259ti m\u00fczakir\u0259 etdik. Bu g\u00fcn m\u0259n Putinl\u0259 dan\u0131\u015faca\u011fam, Quterre\u015fl\u0259 d\u0259 g\u00f6r\u00fc\u015f\u0259c\u0259y\u0259m. \u018fdal\u0259tli s\u00fclh\u00fcn m\u0259\u011flub t\u0259r\u0259fi yoxdur \u015f\u00fcar\u0131 il\u0259 b\u00fct\u00fcn n\u00fcfuzlu aktorlar\u0131 m\u0259suliyy\u0259ti \u00f6z \u00fcz\u0259rin\u0259 g\u00f6t\u00fcrm\u0259y\u0259 \u00e7a\u011f\u0131r\u0131r\u0131q\u201d, &#8211; dey\u0259 t\u00fcrkiy\u0259 Prezidenti b\u0259yan edib. M\u0259nb\u0259: Haber Global<\/p>\n","protected":false},"author":2,"featured_media":643807,"comment_status":"closed","ping_status":"closed","sticky":false,"template":"","format":"standard","meta":{"om_disable_all_campaigns":false,"_monsterinsights_skip_tracking":false,"_monsterinsights_sitenote_active":false,"_monsterinsights_sitenote_note":"","_monsterinsights_sitenote_category":0},"categories":[7],"tags":[],"aioseo_notices":[],"gutentor_comment":0,"rttpg_featured_image_url":{"full":["https:\/\/arantv.az\/wp-content\/uploads\/2023\/10\/15784963143883.jpg",620,413,false],"landscape":["https:\/\/arantv.az\/wp-content\/uploads\/2023\/10\/15784963143883.jpg",620,413,false],"portraits":["https:\/\/arantv.az\/wp-content\/uploads\/2023\/10\/15784963143883.jpg",620,413,false],"thumbnail":["https:\/\/arantv.az\/wp-content\/uploads\/2023\/10\/15784963143883-500x280.jpg",500,280,true],"medium":["https:\/\/arantv.az\/wp-content\/uploads\/2023\/10\/15784963143883-548x365.jpg",548,365,true],"large":["https:\/\/arantv.az\/wp-content\/uploads\/2023\/10\/15784963143883.jpg",620,413,false],"1536x1536":["https:\/\/arantv.az\/wp-content\/uploads\/2023\/10\/15784963143883.jpg",620,413,false],"2048x2048":["https:\/\/arantv.az\/wp-content\/uploads\/2023\/10\/15784963143883.jpg",620,413,false],"post-thumbnail":["https:\/\/arantv.az\/wp-content\/uploads\/2023\/10\/15784963143883-240x172.jpg",240,172,true],"advps-thumb-one":["https:\/\/arantv.az\/wp-content\/uploads\/2023\/10\/15784963143883.jpg",620,413,false]},"rttpg_author":{"display_name":"V\u00fcsal Rafiqo\u011flu","author_link":"https:\/\/arantv.az\/?author=2"},"rttpg_comment":0,"rttpg_category":"<a href=\"https:\/\/arantv.az\/?cat=7\" rel=\"category\">D\u00fcnya<\/a>","rttpg_excerpt":"T\u00fcrkiy\u0259 Prezidenti R\u0259c\u0259b Tayyib \u018frdo\u011fan rusiyal\u0131 h\u0259mkar\u0131 Vladimir Putinl\u0259 F\u0259l\u0259stin-\u0130srail m\u00fcnaqi\u015f\u0259si zonas\u0131ndak\u0131 v\u0259ziyy\u0259ti m\u00fczakir\u0259 ed\u0259c\u0259k. Bu bar\u0259d\u0259 \u018frdo\u011fan Avstriya kansleri Karl Nehammerl\u0259 birg\u0259 m\u0259tbuat konfrans\u0131nda dan\u0131\u015f\u0131b. D\u00f6vl\u0259t ba\u015f\u00e7\u0131s\u0131 Avstriyaya terrorla m\u00fcbariz\u0259d\u0259 T\u00fcrkiy\u0259y\u0259 verdiyi d\u0259st\u0259y\u0259 g\u00f6r\u0259 t\u0259\u015f\u0259kk\u00fcr edib. Lakin o, eyni yana\u015fman\u0131 b\u00fct\u00f6vl\u00fckd\u0259n Avropadan g\u00f6r\u0259 bilm\u0259dikl\u0259rini qeyd edib. \u201cBiz region liderl\u0259ri il\u0259 son v\u0259ziyy\u0259ti m\u00fczakir\u0259 etdik.&hellip;","_links":{"self":[{"href":"https:\/\/arantv.az\/index.php?rest_route=\/wp\/v2\/posts\/643804"}],"collection":[{"href":"https:\/\/arantv.az\/index.php?rest_route=\/wp\/v2\/posts"}],"about":[{"href":"https:\/\/arantv.az\/index.php?rest_route=\/wp\/v2\/types\/post"}],"author":[{"embeddable":true,"href":"https:\/\/arantv.az\/index.php?rest_route=\/wp\/v2\/users\/2"}],"replies":[{"embeddable":true,"href":"https:\/\/arantv.az\/index.php?rest_route=%2Fwp%2Fv2%2Fcomments&post=643804"}],"version-history":[{"count":0,"href":"https:\/\/arantv.az\/index.php?rest_route=\/wp\/v2\/posts\/643804\/revisions"}],"wp:featuredmedia":[{"embeddable":true,"href":"https:\/\/arantv.az\/index.php?rest_route=\/wp\/v2\/media\/643807"}],"wp:attachment":[{"href":"https:\/\/arantv.az\/index.php?rest_route=%2Fwp%2Fv2%2Fmedia&parent=643804"}],"wp:term":[{"taxonomy":"category","embeddable":true,"href":"https:\/\/arantv.az\/index.php?rest_route=%2Fwp%2Fv2%2Fcategories&post=643804"},{"taxonomy":"post_tag","embeddable":true,"href":"https:\/\/arantv.az\/index.php?rest_route=%2Fwp%2Fv2%2Ftags&post=643804"}],"curies":[{"name":"wp","href":"https:\/\/api.w.org\/{rel}","templated":true}]}}