{"id":643806,"date":"2023-10-10T21:18:39","date_gmt":"2023-10-10T17:18:39","guid":{"rendered":"https:\/\/arantv.az\/?p=643806"},"modified":"2023-10-10T21:18:39","modified_gmt":"2023-10-10T17:18:39","slug":"az%c9%99rbaycan-prezidenti-regional-m%c9%99s%c9%99l%c9%99l%c9%99rin-33-formatinda-h%c9%99ll-edilm%c9%99si-vacibdir","status":"publish","type":"post","link":"https:\/\/arantv.az\/?p=643806","title":{"rendered":"Az\u0259rbaycan Prezidenti: Regional m\u0259s\u0259l\u0259l\u0259rin 3+3 format\u0131nda h\u0259ll edilm\u0259si vacibdir"},"content":{"rendered":"<p>Regional m\u0259s\u0259l\u0259l\u0259rin 3+3 format\u0131nda h\u0259ll edilm\u0259si vacibdir.<\/p>\n<p><strong>ARANTV.AZ\u00a0 x\u0259b\u0259r verir ki,<\/strong>\u00a0bu bar\u0259d\u0259 Az\u0259rbaycan Prezidenti \u0130lham \u018fliyev Rusiya Federasiyas\u0131 T\u0259hl\u00fck\u0259sizlik \u015euras\u0131n\u0131n katibini q\u0259bul ed\u0259rk\u0259n deyib.<\/p>\n<p>D\u00f6vl\u0259timizin ba\u015f\u00e7\u0131s\u0131 regional m\u0259s\u0259l\u0259l\u0259rin 3+3 format\u0131nda region \u00f6lk\u0259l\u0259rinin i\u015ftirak\u0131 il\u0259 h\u0259ll edilm\u0259sinin vacibliyini vur\u011fulad\u0131, bu formatda m\u00fcvafiq s\u0259viyy\u0259l\u0259rd\u0259 g\u00f6r\u00fc\u015fl\u0259rin ke\u00e7irilm\u0259sini qeyd etdi.<\/p>\n<p>S\u00f6hb\u0259t zaman\u0131 \u015eimal-C\u0259nub N\u0259qliyyat D\u0259hlizinin inki\u015faf etdirilm\u0259si istiqam\u0259tind\u0259 Az\u0259rbaycan-Rusiya-\u0130ran aras\u0131ndak\u0131 \u0259m\u0259kda\u015fl\u0131qla ba\u011fl\u0131 fikir m\u00fcbadil\u0259si apar\u0131ld\u0131.<\/p>\n","protected":false},"excerpt":{"rendered":"<p>Regional m\u0259s\u0259l\u0259l\u0259rin 3+3 format\u0131nda h\u0259ll edilm\u0259si vacibdir. ARANTV.AZ\u00a0 x\u0259b\u0259r verir ki,\u00a0bu bar\u0259d\u0259 Az\u0259rbaycan Prezidenti \u0130lham \u018fliyev Rusiya Federasiyas\u0131 T\u0259hl\u00fck\u0259sizlik \u015euras\u0131n\u0131n katibini q\u0259bul ed\u0259rk\u0259n deyib. D\u00f6vl\u0259timizin ba\u015f\u00e7\u0131s\u0131 regional m\u0259s\u0259l\u0259l\u0259rin 3+3 format\u0131nda region \u00f6lk\u0259l\u0259rinin i\u015ftirak\u0131 il\u0259 h\u0259ll edilm\u0259sinin vacibliyini vur\u011fulad\u0131, bu formatda m\u00fcvafiq s\u0259viyy\u0259l\u0259rd\u0259 g\u00f6r\u00fc\u015fl\u0259rin ke\u00e7irilm\u0259sini qeyd etdi. S\u00f6hb\u0259t zaman\u0131 \u015eimal-C\u0259nub N\u0259qliyyat D\u0259hlizinin inki\u015faf etdirilm\u0259si istiqam\u0259tind\u0259 Az\u0259rbaycan-Rusiya-\u0130ran aras\u0131ndak\u0131 \u0259m\u0259kda\u015fl\u0131qla ba\u011fl\u0131 fikir m\u00fcbadil\u0259si apar\u0131ld\u0131.<\/p>\n","protected":false},"author":2,"featured_media":643811,"comment_status":"closed","ping_status":"closed","sticky":false,"template":"","format":"standard","meta":{"om_disable_all_campaigns":false,"_monsterinsights_skip_tracking":false,"_monsterinsights_sitenote_active":false,"_monsterinsights_sitenote_note":"","_monsterinsights_sitenote_category":0},"categories":[4],"tags":[],"aioseo_notices":[],"gutentor_comment":0,"rttpg_featured_image_url":{"full":["https:\/\/arantv.az\/wp-content\/uploads\/2023\/10\/7ee6f2b3169695590550006549010718149.jpg",975,540,false],"landscape":["https:\/\/arantv.az\/wp-content\/uploads\/2023\/10\/7ee6f2b3169695590550006549010718149.jpg",975,540,false],"portraits":["https:\/\/arantv.az\/wp-content\/uploads\/2023\/10\/7ee6f2b3169695590550006549010718149.jpg",975,540,false],"thumbnail":["https:\/\/arantv.az\/wp-content\/uploads\/2023\/10\/7ee6f2b3169695590550006549010718149-500x280.jpg",500,280,true],"medium":["https:\/\/arantv.az\/wp-content\/uploads\/2023\/10\/7ee6f2b3169695590550006549010718149-660x365.jpg",660,365,true],"large":["https:\/\/arantv.az\/wp-content\/uploads\/2023\/10\/7ee6f2b3169695590550006549010718149-840x465.jpg",640,354,true],"1536x1536":["https:\/\/arantv.az\/wp-content\/uploads\/2023\/10\/7ee6f2b3169695590550006549010718149.jpg",975,540,false],"2048x2048":["https:\/\/arantv.az\/wp-content\/uploads\/2023\/10\/7ee6f2b3169695590550006549010718149.jpg",975,540,false],"post-thumbnail":["https:\/\/arantv.az\/wp-content\/uploads\/2023\/10\/7ee6f2b3169695590550006549010718149-240x172.jpg",240,172,true],"advps-thumb-one":["https:\/\/arantv.az\/wp-content\/uploads\/2023\/10\/7ee6f2b3169695590550006549010718149.jpg",975,540,false]},"rttpg_author":{"display_name":"V\u00fcsal Rafiqo\u011flu","author_link":"https:\/\/arantv.az\/?author=2"},"rttpg_comment":0,"rttpg_category":"<a href=\"https:\/\/arantv.az\/?cat=4\" rel=\"category\">Siyas\u0259t<\/a>","rttpg_excerpt":"Regional m\u0259s\u0259l\u0259l\u0259rin 3+3 format\u0131nda h\u0259ll edilm\u0259si vacibdir. ARANTV.AZ\u00a0 x\u0259b\u0259r verir ki,\u00a0bu bar\u0259d\u0259 Az\u0259rbaycan Prezidenti \u0130lham \u018fliyev Rusiya Federasiyas\u0131 T\u0259hl\u00fck\u0259sizlik \u015euras\u0131n\u0131n katibini q\u0259bul ed\u0259rk\u0259n deyib. D\u00f6vl\u0259timizin ba\u015f\u00e7\u0131s\u0131 regional m\u0259s\u0259l\u0259l\u0259rin 3+3 format\u0131nda region \u00f6lk\u0259l\u0259rinin i\u015ftirak\u0131 il\u0259 h\u0259ll edilm\u0259sinin vacibliyini vur\u011fulad\u0131, bu formatda m\u00fcvafiq s\u0259viyy\u0259l\u0259rd\u0259 g\u00f6r\u00fc\u015fl\u0259rin ke\u00e7irilm\u0259sini qeyd etdi. S\u00f6hb\u0259t zaman\u0131 \u015eimal-C\u0259nub N\u0259qliyyat D\u0259hlizinin inki\u015faf etdirilm\u0259si istiqam\u0259tind\u0259 Az\u0259rbaycan-Rusiya-\u0130ran&hellip;","_links":{"self":[{"href":"https:\/\/arantv.az\/index.php?rest_route=\/wp\/v2\/posts\/643806"}],"collection":[{"href":"https:\/\/arantv.az\/index.php?rest_route=\/wp\/v2\/posts"}],"about":[{"href":"https:\/\/arantv.az\/index.php?rest_route=\/wp\/v2\/types\/post"}],"author":[{"embeddable":true,"href":"https:\/\/arantv.az\/index.php?rest_route=\/wp\/v2\/users\/2"}],"replies":[{"embeddable":true,"href":"https:\/\/arantv.az\/index.php?rest_route=%2Fwp%2Fv2%2Fcomments&post=643806"}],"version-history":[{"count":0,"href":"https:\/\/arantv.az\/index.php?rest_route=\/wp\/v2\/posts\/643806\/revisions"}],"wp:featuredmedia":[{"embeddable":true,"href":"https:\/\/arantv.az\/index.php?rest_route=\/wp\/v2\/media\/643811"}],"wp:attachment":[{"href":"https:\/\/arantv.az\/index.php?rest_route=%2Fwp%2Fv2%2Fmedia&parent=643806"}],"wp:term":[{"taxonomy":"category","embeddable":true,"href":"https:\/\/arantv.az\/index.php?rest_route=%2Fwp%2Fv2%2Fcategories&post=643806"},{"taxonomy":"post_tag","embeddable":true,"href":"https:\/\/arantv.az\/index.php?rest_route=%2Fwp%2Fv2%2Ftags&post=643806"}],"curies":[{"name":"wp","href":"https:\/\/api.w.org\/{rel}","templated":true}]}}