{"id":643818,"date":"2023-10-10T21:21:45","date_gmt":"2023-10-10T17:21:45","guid":{"rendered":"https:\/\/arantv.az\/?p=643818"},"modified":"2023-10-10T21:21:45","modified_gmt":"2023-10-10T17:21:45","slug":"h%c9%99mas-in-arxasindaki-iran-video","status":"publish","type":"post","link":"https:\/\/arantv.az\/?p=643818","title":{"rendered":"H\u018fMAS-\u0131n arxas\u0131ndak\u0131 \u0130ran &#8211; V\u0130DEO"},"content":{"rendered":"<article class=\"news\">\n<div class=\"news-inner\">\n<p>H\u018fMAS qrupla\u015fmas\u0131n\u0131n \u0130srail\u0259 son qanl\u0131 h\u00fccumu zaman\u0131 beyn\u0259lxalq siyas\u0259tl\u0259 az-\u00e7ox maraqlanan h\u0259r k\u0259sin a\u011fl\u0131na bir \u00f6lk\u0259nin ad\u0131 g\u0259ldi &#8211;\u00a0\u0130ran.<\/p>\n<p>Do\u011frudur, AB\u015e r\u0259smil\u0259ri, o c\u00fcml\u0259d\u0259n D\u00f6vl\u0259t katibi Entoni Blinken H\u018fMAS-\u0131n \u0130srail\u0259 qar\u015f\u0131 h\u0259yata ke\u00e7irdiyi \u0259m\u0259liyyatda \u0130ran\u0131n i\u015ftirak\u0131n\u0131 t\u0259sdiq ed\u0259n h\u0259r hans\u0131 s\u00fcbutun olmad\u0131\u011f\u0131n\u0131 b\u0259yan etdi, lakin \u0130ran\u0131n H\u018fMAS t\u0259\u015fkilat\u0131 il\u0259 \u0259laq\u0259l\u0259ri v\u0259 ona g\u00f6st\u0259rdiyi h\u0259rt\u0259r\u0259fli d\u0259st\u0259k o q\u0259d\u0259r ayd\u0131n v\u0259 a\u015fkard\u0131r ki, burada hans\u0131sa x\u00fcsusi s\u00fcbut axtarma\u011fa ehtiyac da yoxdur.<\/p>\n<p>Bununla ba\u011fl\u0131 ortada \u00e7oxsayl\u0131 faktlar, o c\u00fcml\u0259d\u0259n H\u018fMAS r\u0259hb\u0259rl\u0259rinin \u0130randan ald\u0131qlar\u0131 yard\u0131mlar bar\u0259d\u0259 m\u00fcxt\u0259lif a\u00e7\u0131qlamalar\u0131 v\u0259 etiraflar\u0131 vard\u0131r.<\/p>\n<p>Onlardan biri x\u00fcsusi diqq\u0259t \u00e7\u0259kir v\u0259 vaxtil\u0259 geni\u015f rezonans do\u011furub.<\/p>\n<p>H\u018fMAS-\u0131n liderl\u0259rind\u0259n biri v\u0259 t\u0259\u015fkilat\u0131n beyn\u0259lxalq \u0259laq\u0259l\u0259r \u00fczr\u0259 sabiq t\u0259msil\u00e7isi Mahmud \u0259z-Z\u0259har 2020-ci ilin sonlar\u0131nda \u201c\u018fl-Al\u0259m\u201d televiziya kanal\u0131na verdiyi m\u00fcsahib\u0259d\u0259 2006-c\u0131 ild\u0259 Tehrana s\u0259f\u0259rl\u0259rind\u0259n v\u0259 \u201cSepah\u201d\u0131n \u201cQ\u00fcds\u201d q\u00fcvv\u0259l\u0259rinin o zamank\u0131 komandan\u0131 general Qas\u0131m S\u00fcleymani il\u0259 g\u00f6r\u00fc\u015fl\u0259rind\u0259n dan\u0131\u015fark\u0259n deyib:<\/p>\n<p>\u201cQas\u0131m S\u00fcleymani il\u0259 g\u00f6r\u00fc\u015fd\u0259 \u0259sas \u00e7\u0259tinliyimizin i\u015f\u00e7il\u0259rin \u0259m\u0259k haqq\u0131n\u0131n \u00f6d\u0259nilm\u0259si oldu\u011funu bildirdik, Q\u0259zz\u0259 \u0259halisin\u0259 ictimai xidm\u0259tl\u0259r v\u0259 dig\u0259r yard\u0131mlar sah\u0259sind\u0259 probleml\u0259rd\u0259n s\u00f6z a\u00e7d\u0131q. Qas\u0131m S\u00fcleymani bizim ist\u0259yimiz\u0259 d\u0259rhal reaksiya verdi: bel\u0259 ki, ert\u0259si g\u00fcn s\u0259f\u0259rimiz ba\u015fa \u00e7atd\u0131\u011f\u0131 \u00fc\u00e7\u00fcn Tehran aeroportuna g\u0259l\u0259nd\u0259 \u00e7amadanlarda 22 milyon dollar\u0131n oldu\u011funu g\u00f6rd\u00fcm\u201d.<\/p>\n<p>\u018fz-Z\u0259har daha sonra \u0259lav\u0259 edib: \u201cO biz\u0259 daha b\u00f6y\u00fck m\u0259bl\u0259\u011f verm\u0259k ist\u0259yirdi, amma H\u018fMAS n\u00fcmay\u0259nd\u0259 hey\u0259ti c\u0259mi 9 n\u0259f\u0259rd\u0259n ibar\u0259t oldu\u011fu \u00fc\u00e7\u00fcn bundan art\u0131\u011f\u0131n\u0131 da\u015f\u0131ya bilm\u0259zdik, \u00e7\u00fcnki h\u0259r \u00e7amadan\u0131n tutumu 40 kiloqram idi\u201d.<\/p>\n<p>\u018ftrafl\u0131\u00a0\u201cAzad \u0130ran\u201d\u00a0\u201cYoutube\u201d kanal\u0131n\u0131n s\u00fcjetind\u0259:<\/p>\n<div><iframe loading=\"lazy\" title=\"YouTube video player\" src=\"https:\/\/www.youtube.com\/embed\/Fi6fgb-AaQc?si=Mv0TDg3zL0x1uCYR\" width=\"560\" height=\"315\" frameborder=\"0\" allowfullscreen=\"allowfullscreen\" data-mce-fragment=\"1\"><\/iframe><\/div>\n<\/div>\n<\/article>\n","protected":false},"excerpt":{"rendered":"<p>H\u018fMAS qrupla\u015fmas\u0131n\u0131n \u0130srail\u0259 son qanl\u0131 h\u00fccumu zaman\u0131 beyn\u0259lxalq siyas\u0259tl\u0259 az-\u00e7ox maraqlanan h\u0259r k\u0259sin a\u011fl\u0131na bir \u00f6lk\u0259nin ad\u0131 g\u0259ldi &#8211;\u00a0\u0130ran. Do\u011frudur, AB\u015e r\u0259smil\u0259ri, o c\u00fcml\u0259d\u0259n D\u00f6vl\u0259t katibi Entoni Blinken H\u018fMAS-\u0131n \u0130srail\u0259 qar\u015f\u0131 h\u0259yata ke\u00e7irdiyi \u0259m\u0259liyyatda \u0130ran\u0131n i\u015ftirak\u0131n\u0131 t\u0259sdiq ed\u0259n h\u0259r hans\u0131 s\u00fcbutun olmad\u0131\u011f\u0131n\u0131 b\u0259yan etdi, lakin \u0130ran\u0131n H\u018fMAS t\u0259\u015fkilat\u0131 il\u0259 \u0259laq\u0259l\u0259ri v\u0259 ona g\u00f6st\u0259rdiyi h\u0259rt\u0259r\u0259fli d\u0259st\u0259k o q\u0259d\u0259r ayd\u0131n v\u0259 a\u015fkard\u0131r ki, burada hans\u0131sa x\u00fcsusi s\u00fcbut axtarma\u011fa ehtiyac da yoxdur. Bununla ba\u011fl\u0131 ortada \u00e7oxsayl\u0131 faktlar, o c\u00fcml\u0259d\u0259n H\u018fMAS r\u0259hb\u0259rl\u0259rinin \u0130randan ald\u0131qlar\u0131 yard\u0131mlar bar\u0259d\u0259 m\u00fcxt\u0259lif a\u00e7\u0131qlamalar\u0131 v\u0259 etiraflar\u0131 vard\u0131r. Onlardan biri x\u00fcsusi&hellip;<\/p>\n","protected":false},"author":2,"featured_media":643821,"comment_status":"closed","ping_status":"closed","sticky":false,"template":"","format":"standard","meta":{"om_disable_all_campaigns":false,"_monsterinsights_skip_tracking":false,"_monsterinsights_sitenote_active":false,"_monsterinsights_sitenote_note":"","_monsterinsights_sitenote_category":0},"categories":[4],"tags":[],"aioseo_notices":[],"gutentor_comment":0,"rttpg_featured_image_url":{"full":["https:\/\/arantv.az\/wp-content\/uploads\/2023\/10\/Screenshot-2023-10-10-210321.jpg",620,413,false],"landscape":["https:\/\/arantv.az\/wp-content\/uploads\/2023\/10\/Screenshot-2023-10-10-210321.jpg",620,413,false],"portraits":["https:\/\/arantv.az\/wp-content\/uploads\/2023\/10\/Screenshot-2023-10-10-210321.jpg",620,413,false],"thumbnail":["https:\/\/arantv.az\/wp-content\/uploads\/2023\/10\/Screenshot-2023-10-10-210321-500x280.jpg",500,280,true],"medium":["https:\/\/arantv.az\/wp-content\/uploads\/2023\/10\/Screenshot-2023-10-10-210321-548x365.jpg",548,365,true],"large":["https:\/\/arantv.az\/wp-content\/uploads\/2023\/10\/Screenshot-2023-10-10-210321.jpg",620,413,false],"1536x1536":["https:\/\/arantv.az\/wp-content\/uploads\/2023\/10\/Screenshot-2023-10-10-210321.jpg",620,413,false],"2048x2048":["https:\/\/arantv.az\/wp-content\/uploads\/2023\/10\/Screenshot-2023-10-10-210321.jpg",620,413,false],"post-thumbnail":["https:\/\/arantv.az\/wp-content\/uploads\/2023\/10\/Screenshot-2023-10-10-210321-240x172.jpg",240,172,true],"advps-thumb-one":["https:\/\/arantv.az\/wp-content\/uploads\/2023\/10\/Screenshot-2023-10-10-210321.jpg",620,413,false]},"rttpg_author":{"display_name":"V\u00fcsal Rafiqo\u011flu","author_link":"https:\/\/arantv.az\/?author=2"},"rttpg_comment":0,"rttpg_category":"<a href=\"https:\/\/arantv.az\/?cat=4\" rel=\"category\">Siyas\u0259t<\/a>","rttpg_excerpt":"H\u018fMAS qrupla\u015fmas\u0131n\u0131n \u0130srail\u0259 son qanl\u0131 h\u00fccumu zaman\u0131 beyn\u0259lxalq siyas\u0259tl\u0259 az-\u00e7ox maraqlanan h\u0259r k\u0259sin a\u011fl\u0131na bir \u00f6lk\u0259nin ad\u0131 g\u0259ldi &#8211;\u00a0\u0130ran. Do\u011frudur, AB\u015e r\u0259smil\u0259ri, o c\u00fcml\u0259d\u0259n D\u00f6vl\u0259t katibi Entoni Blinken H\u018fMAS-\u0131n \u0130srail\u0259 qar\u015f\u0131 h\u0259yata ke\u00e7irdiyi \u0259m\u0259liyyatda \u0130ran\u0131n i\u015ftirak\u0131n\u0131 t\u0259sdiq ed\u0259n h\u0259r hans\u0131 s\u00fcbutun olmad\u0131\u011f\u0131n\u0131 b\u0259yan etdi, lakin \u0130ran\u0131n H\u018fMAS t\u0259\u015fkilat\u0131 il\u0259 \u0259laq\u0259l\u0259ri v\u0259 ona g\u00f6st\u0259rdiyi h\u0259rt\u0259r\u0259fli d\u0259st\u0259k&hellip;","_links":{"self":[{"href":"https:\/\/arantv.az\/index.php?rest_route=\/wp\/v2\/posts\/643818"}],"collection":[{"href":"https:\/\/arantv.az\/index.php?rest_route=\/wp\/v2\/posts"}],"about":[{"href":"https:\/\/arantv.az\/index.php?rest_route=\/wp\/v2\/types\/post"}],"author":[{"embeddable":true,"href":"https:\/\/arantv.az\/index.php?rest_route=\/wp\/v2\/users\/2"}],"replies":[{"embeddable":true,"href":"https:\/\/arantv.az\/index.php?rest_route=%2Fwp%2Fv2%2Fcomments&post=643818"}],"version-history":[{"count":0,"href":"https:\/\/arantv.az\/index.php?rest_route=\/wp\/v2\/posts\/643818\/revisions"}],"wp:featuredmedia":[{"embeddable":true,"href":"https:\/\/arantv.az\/index.php?rest_route=\/wp\/v2\/media\/643821"}],"wp:attachment":[{"href":"https:\/\/arantv.az\/index.php?rest_route=%2Fwp%2Fv2%2Fmedia&parent=643818"}],"wp:term":[{"taxonomy":"category","embeddable":true,"href":"https:\/\/arantv.az\/index.php?rest_route=%2Fwp%2Fv2%2Fcategories&post=643818"},{"taxonomy":"post_tag","embeddable":true,"href":"https:\/\/arantv.az\/index.php?rest_route=%2Fwp%2Fv2%2Ftags&post=643818"}],"curies":[{"name":"wp","href":"https:\/\/api.w.org\/{rel}","templated":true}]}}