{"id":643834,"date":"2023-10-11T08:52:27","date_gmt":"2023-10-11T04:52:27","guid":{"rendered":"https:\/\/arantv.az\/?p=643834"},"modified":"2023-10-11T08:52:27","modified_gmt":"2023-10-11T04:52:27","slug":"astanada-dunya-v%c9%99-%c9%99n%c9%99n%c9%99vi-din-liderl%c9%99rinin-qurultayinin-katibliyinin-iclasi-kecirilir-foto","status":"publish","type":"post","link":"https:\/\/arantv.az\/?p=643834","title":{"rendered":"Astanada D\u00fcnya v\u0259 \u0259n\u0259n\u0259vi din liderl\u0259rinin Qurultay\u0131n\u0131n Katibliyinin iclas\u0131 ke\u00e7irilir &#8211; FOTO"},"content":{"rendered":"<p>Oktyabr\u0131n 11-d\u0259 Astanada S\u00fclh v\u0259 Harmoniya Saray\u0131nda D\u00fcnya v\u0259 \u0259n\u0259n\u0259vi din liderl\u0259rinin Qurultay\u0131n\u0131n Katibliyinin XXI sessiyas\u0131 \u00f6z i\u015fin\u0259 ba\u015flay\u0131b.<\/p>\n<p>\u201cReport\u201dun Astanaya ezam olunmu\u015f m\u00fcxbiri x\u0259b\u0259r verir ki, iclasa Qazax\u0131stan Parlamenti Senat\u0131n\u0131n s\u0259dri, Qurultay Katibliyinin r\u0259hb\u0259ri Maulen A\u015f\u0131mbayev s\u0259drlik edir.<\/p>\n<p>\u0130clasda Az\u0259rbaycan\u0131 Qafqaz M\u00fcs\u0259lmanlar\u0131 \u0130dar\u0259sinin (QM\u0130) s\u0259dri \u015feyx\u00fclislam Allah\u015f\u00fck\u00fcr Pa\u015fazad\u0259 t\u0259msil edir.<\/p>\n<p>M.A\u015f\u0131mbayev a\u00e7\u0131l\u0131\u015fda bildirib ki, bu iclas yax\u015f\u0131 \u0259n\u0259n\u0259y\u0259 \u00e7evrilib v\u0259 indi beyn\u0259lxalq ictimaiyy\u0259t qurultay\u0131n t\u0259\u015f\u0259bb\u00fcsl\u0259rin\u0259 x\u00fcsusi d\u0259st\u0259k verir: \u201cBizim g\u00f6r\u00fc\u015fl\u0259rimiz h\u0259mi\u015f\u0259 prinsipl\u0259r v\u0259 etimad \u0259sas\u0131nda ke\u00e7irilir. Ham\u0131n\u0131z\u0131 bu otaqda g\u00f6rm\u0259y\u0259 \u015fad\u0131q\u201d.<\/p>\n<p>Onun s\u00f6zl\u0259rin\u0259 g\u00f6r\u0259, bu dialoq m\u00fcasir qlobal \u00e7a\u011f\u0131r\u0131\u015flar kontekstind\u0259 x\u00fcsusil\u0259 vacibdir.<\/p>\n<p>\u0130clasda i\u015ftirak etm\u0259k \u00fc\u00e7\u00fcn Astanaya 24 \u00f6lk\u0259d\u0259n 30-dan \u00e7ox n\u00fcmay\u0259nd\u0259 hey\u0259ti g\u0259lib.<\/p>\n<p>Katibliyin iclas\u0131 \u00e7\u0259r\u00e7iv\u0259sind\u0259 toplant\u0131 i\u015ftirak\u00e7\u0131lar\u0131 \u00f6t\u0259n ilin sentyabr\u0131nda Astanada ke\u00e7irilmi\u015f D\u00fcnya v\u0259 \u0259n\u0259n\u0259vi din liderl\u0259rinin VII Qurultay\u0131n\u0131n yekunlar\u0131na dair fikir m\u00fcbadil\u0259si aparacaq, h\u0259m\u00e7inin Qazax\u0131stan Prezidenti Kas\u0131m-Jomart Tokayev t\u0259r\u0259find\u0259n ir\u0259li s\u00fcr\u00fcl\u0259n \u201c2023-2033-c\u00fc ill\u0259r \u00fc\u00e7\u00fcn D\u00fcnya v\u0259 \u0259n\u0259n\u0259vi din liderl\u0259rinin inki\u015faf Konsepsiyas\u0131\u201dn\u0131 m\u00fczakir\u0259\u00a0v\u0259 q\u0259bul ed\u0259c\u0259kl\u0259r.<\/p>\n<p>Qurultay\u0131n Katibliyinin XXI sessiyas\u0131nda AB\u015e, Vatikan, B\u00f6y\u00fck Britaniya, C\u0259nubi Koreya, Misir, Az\u0259rbaycan, T\u00fcrkiy\u0259, Pakistan, \u0130ran, Q\u0131r\u011f\u0131z\u0131stan, \u00d6zb\u0259kistan, \u0130srail, \u00c7in, Monqolustan, Yaponiya, Hindistan, Rusiya, Tailand v\u0259 B\u018f\u018f-d\u0259n islam, xristianl\u0131q, buddizm, y\u0259hudilik, hinduizm, taoizm, \u015fintoizm kimi d\u00fcnya v\u0259 \u0259n\u0259n\u0259vi dinl\u0259rin liderl\u0259ri i\u015ftirak edirl\u0259r.<\/p>\n<p>&nbsp;<\/p>\n<div class=\"gallery\">\n<div class=\"gallery-i\"><img src=\"https:\/\/cdn.oxu.az\/uploads\/W1siZiIsIjIwMjMvMTAvMTEvMDgvNDMvMzgvZmIyNjIwZDYtYWIzMC00NzYyLThlNTUtMTU3ZGZjNjg5NTEzL2EzNTljOWIxLTgwYTMtM2ZiMy1iOGQxLWMzNmM0YjE4ZmZjZS5qcGVnIl0sWyJwIiwiZW5jb2RlIiwianBnIiwiLXF1YWxpdHkgODAiXSxbInAiLCJ0aHVtYiIsIjU5MHg1OTBcdTAwM2UiXV0?sha=5bb75d95553d7838\" alt=\"\" \/><\/p>\n<div class=\"gallery-i-caption\"><\/div>\n<\/div>\n<div class=\"gallery-i\"><img src=\"https:\/\/cdn.oxu.az\/uploads\/W1siZiIsIjIwMjMvMTAvMTEvMDgvNDMvMzgvZWUyODEwZjgtNjQ3YS00MmY2LWFjN2UtYmZlZjc4YmFmZDBlL2ZlNWJhZDI5LWY5YzgtMzQwNS04ZWJhLWYzZmI1Njg1YTkzNC5qcGVnIl0sWyJwIiwiZW5jb2RlIiwianBnIiwiLXF1YWxpdHkgODAiXSxbInAiLCJ0aHVtYiIsIjU5MHg1OTBcdTAwM2UiXV0?sha=5a9b323e9a16a8e0\" alt=\"\" \/><\/p>\n<div class=\"gallery-i-caption\"><\/div>\n<\/div>\n<div class=\"gallery-i\"><img src=\"https:\/\/cdn.oxu.az\/uploads\/W1siZiIsIjIwMjMvMTAvMTEvMDgvNDMvMzgvNTVhOGMzZjQtNzViMS00MTQ3LTk3NjYtNWNkN2I3ZDg2YTIxLzE3YzhmMDUxLTUzNjItM2ZiNi04Y2Q4LWY2MzQwNTg0NDQ4Yi5qcGVnIl0sWyJwIiwiZW5jb2RlIiwianBnIiwiLXF1YWxpdHkgODAiXSxbInAiLCJ0aHVtYiIsIjU5MHg1OTBcdTAwM2UiXV0?sha=cb75ed33ba205855\" alt=\"\" \/><\/div>\n<\/div>\n","protected":false},"excerpt":{"rendered":"<p>Oktyabr\u0131n 11-d\u0259 Astanada S\u00fclh v\u0259 Harmoniya Saray\u0131nda D\u00fcnya v\u0259 \u0259n\u0259n\u0259vi din liderl\u0259rinin Qurultay\u0131n\u0131n Katibliyinin XXI sessiyas\u0131 \u00f6z i\u015fin\u0259 ba\u015flay\u0131b. \u201cReport\u201dun Astanaya ezam olunmu\u015f m\u00fcxbiri x\u0259b\u0259r verir ki, iclasa Qazax\u0131stan Parlamenti Senat\u0131n\u0131n s\u0259dri, Qurultay Katibliyinin r\u0259hb\u0259ri Maulen A\u015f\u0131mbayev s\u0259drlik edir. \u0130clasda Az\u0259rbaycan\u0131 Qafqaz M\u00fcs\u0259lmanlar\u0131 \u0130dar\u0259sinin (QM\u0130) s\u0259dri \u015feyx\u00fclislam Allah\u015f\u00fck\u00fcr Pa\u015fazad\u0259 t\u0259msil edir. M.A\u015f\u0131mbayev a\u00e7\u0131l\u0131\u015fda bildirib ki, bu iclas yax\u015f\u0131 \u0259n\u0259n\u0259y\u0259 \u00e7evrilib v\u0259 indi beyn\u0259lxalq ictimaiyy\u0259t qurultay\u0131n t\u0259\u015f\u0259bb\u00fcsl\u0259rin\u0259 x\u00fcsusi d\u0259st\u0259k verir: \u201cBizim g\u00f6r\u00fc\u015fl\u0259rimiz h\u0259mi\u015f\u0259 prinsipl\u0259r v\u0259 etimad \u0259sas\u0131nda ke\u00e7irilir. Ham\u0131n\u0131z\u0131 bu otaqda g\u00f6rm\u0259y\u0259 \u015fad\u0131q\u201d. Onun s\u00f6zl\u0259rin\u0259 g\u00f6r\u0259, bu dialoq m\u00fcasir qlobal \u00e7a\u011f\u0131r\u0131\u015flar&hellip;<\/p>\n","protected":false},"author":2,"featured_media":643836,"comment_status":"closed","ping_status":"closed","sticky":false,"template":"","format":"standard","meta":{"om_disable_all_campaigns":false,"_monsterinsights_skip_tracking":false,"_monsterinsights_sitenote_active":false,"_monsterinsights_sitenote_note":"","_monsterinsights_sitenote_category":0},"categories":[4],"tags":[],"aioseo_notices":[],"gutentor_comment":0,"rttpg_featured_image_url":{"full":["https:\/\/arantv.az\/wp-content\/uploads\/2023\/10\/b134f7b8-1caf-38e9-93b9-33d4a25afe28_850.jpg",620,413,false],"landscape":["https:\/\/arantv.az\/wp-content\/uploads\/2023\/10\/b134f7b8-1caf-38e9-93b9-33d4a25afe28_850.jpg",620,413,false],"portraits":["https:\/\/arantv.az\/wp-content\/uploads\/2023\/10\/b134f7b8-1caf-38e9-93b9-33d4a25afe28_850.jpg",620,413,false],"thumbnail":["https:\/\/arantv.az\/wp-content\/uploads\/2023\/10\/b134f7b8-1caf-38e9-93b9-33d4a25afe28_850-500x280.jpg",500,280,true],"medium":["https:\/\/arantv.az\/wp-content\/uploads\/2023\/10\/b134f7b8-1caf-38e9-93b9-33d4a25afe28_850-548x365.jpg",548,365,true],"large":["https:\/\/arantv.az\/wp-content\/uploads\/2023\/10\/b134f7b8-1caf-38e9-93b9-33d4a25afe28_850.jpg",620,413,false],"1536x1536":["https:\/\/arantv.az\/wp-content\/uploads\/2023\/10\/b134f7b8-1caf-38e9-93b9-33d4a25afe28_850.jpg",620,413,false],"2048x2048":["https:\/\/arantv.az\/wp-content\/uploads\/2023\/10\/b134f7b8-1caf-38e9-93b9-33d4a25afe28_850.jpg",620,413,false],"post-thumbnail":["https:\/\/arantv.az\/wp-content\/uploads\/2023\/10\/b134f7b8-1caf-38e9-93b9-33d4a25afe28_850-240x172.jpg",240,172,true],"advps-thumb-one":["https:\/\/arantv.az\/wp-content\/uploads\/2023\/10\/b134f7b8-1caf-38e9-93b9-33d4a25afe28_850.jpg",620,413,false]},"rttpg_author":{"display_name":"V\u00fcsal Rafiqo\u011flu","author_link":"https:\/\/arantv.az\/?author=2"},"rttpg_comment":0,"rttpg_category":"<a href=\"https:\/\/arantv.az\/?cat=4\" rel=\"category\">Siyas\u0259t<\/a>","rttpg_excerpt":"Oktyabr\u0131n 11-d\u0259 Astanada S\u00fclh v\u0259 Harmoniya Saray\u0131nda D\u00fcnya v\u0259 \u0259n\u0259n\u0259vi din liderl\u0259rinin Qurultay\u0131n\u0131n Katibliyinin XXI sessiyas\u0131 \u00f6z i\u015fin\u0259 ba\u015flay\u0131b. \u201cReport\u201dun Astanaya ezam olunmu\u015f m\u00fcxbiri x\u0259b\u0259r verir ki, iclasa Qazax\u0131stan Parlamenti Senat\u0131n\u0131n s\u0259dri, Qurultay Katibliyinin r\u0259hb\u0259ri Maulen A\u015f\u0131mbayev s\u0259drlik edir. \u0130clasda Az\u0259rbaycan\u0131 Qafqaz M\u00fcs\u0259lmanlar\u0131 \u0130dar\u0259sinin (QM\u0130) s\u0259dri \u015feyx\u00fclislam Allah\u015f\u00fck\u00fcr Pa\u015fazad\u0259 t\u0259msil edir. M.A\u015f\u0131mbayev a\u00e7\u0131l\u0131\u015fda bildirib ki,&hellip;","_links":{"self":[{"href":"https:\/\/arantv.az\/index.php?rest_route=\/wp\/v2\/posts\/643834"}],"collection":[{"href":"https:\/\/arantv.az\/index.php?rest_route=\/wp\/v2\/posts"}],"about":[{"href":"https:\/\/arantv.az\/index.php?rest_route=\/wp\/v2\/types\/post"}],"author":[{"embeddable":true,"href":"https:\/\/arantv.az\/index.php?rest_route=\/wp\/v2\/users\/2"}],"replies":[{"embeddable":true,"href":"https:\/\/arantv.az\/index.php?rest_route=%2Fwp%2Fv2%2Fcomments&post=643834"}],"version-history":[{"count":0,"href":"https:\/\/arantv.az\/index.php?rest_route=\/wp\/v2\/posts\/643834\/revisions"}],"wp:featuredmedia":[{"embeddable":true,"href":"https:\/\/arantv.az\/index.php?rest_route=\/wp\/v2\/media\/643836"}],"wp:attachment":[{"href":"https:\/\/arantv.az\/index.php?rest_route=%2Fwp%2Fv2%2Fmedia&parent=643834"}],"wp:term":[{"taxonomy":"category","embeddable":true,"href":"https:\/\/arantv.az\/index.php?rest_route=%2Fwp%2Fv2%2Fcategories&post=643834"},{"taxonomy":"post_tag","embeddable":true,"href":"https:\/\/arantv.az\/index.php?rest_route=%2Fwp%2Fv2%2Ftags&post=643834"}],"curies":[{"name":"wp","href":"https:\/\/api.w.org\/{rel}","templated":true}]}}