{"id":643850,"date":"2023-10-11T08:59:05","date_gmt":"2023-10-11T04:59:05","guid":{"rendered":"https:\/\/arantv.az\/?p=643850"},"modified":"2023-10-11T08:59:05","modified_gmt":"2023-10-11T04:59:05","slug":"c%c9%99nubi-qafqazin-h%c9%99r-uc-olk%c9%99si-regional-m%c9%99s%c9%99l%c9%99l%c9%99ri-ozl%c9%99ri-h%c9%99ll-etm%c9%99lidirl%c9%99r","status":"publish","type":"post","link":"https:\/\/arantv.az\/?p=643850","title":{"rendered":"C\u0259nubi Qafqaz\u0131n h\u0259r \u00fc\u00e7 \u00f6lk\u0259si regional m\u0259s\u0259l\u0259l\u0259ri \u00f6zl\u0259ri h\u0259ll etm\u0259lidirl\u0259r"},"content":{"rendered":"<p>Prezident \u0130lham \u018fliyev\u00a0 G\u00fcrc\u00fcstana i\u015fg\u00fczar s\u0259f\u0259ri zaman\u0131 s\u00f6yl\u0259diyi &#8220;Ancaq m\u0259nim fikrimc\u0259, \u0259n d\u00fczg\u00fcn se\u00e7im h\u0259m tarixi \u0259laq\u0259l\u0259ri, h\u0259m co\u011frafi amili n\u0259z\u0259r\u0259 alaraq, \u0259lb\u0259tt\u0259 ki, bu sah\u0259d\u0259 G\u00fcrc\u00fcstan ola bil\u0259rdi&#8221;\u00a0\u00e7a\u011f\u0131r\u0131\u015f\u0131 il\u0259 Az\u0259rbaycanla Erm\u0259nistan aras\u0131nda\u00a0\u00a0 s\u00fclh sazi\u015finin imzalanmas\u0131na xarici m\u00fcdaxil\u0259l\u0259ri\u00a0 yolverilm\u0259z hesab edir<\/p>\n<p>Xarici siyas\u0259tinin \u0259sas\u0131n\u0131 b\u00fct\u00fcn d\u00f6vl\u0259tl\u0259rl\u0259 qar\u015f\u0131l\u0131ql\u0131 h\u00f6rm\u0259t\u00a0 v\u0259 etimad prinsipl\u0259ri \u0259sas\u0131nda quran, \u0259sas\u0131 \u00a0Ulu \u00d6nd\u0259r Heyd\u0259r \u018fliyev t\u0259r\u0259find\u0259n qoyulan Az\u0259rbaycan\u0131n qon\u015fu G\u00fcrc\u00fcstanla strateji \u0259m\u0259kda\u015fl\u0131\u011f\u0131 b\u00f6lg\u0259d\u0259 sabitliyin t\u0259minat\u0131na \u0259n\u00a0 etibarl\u0131 t\u00f6hf\u0259dir. \u00a0Respublikam\u0131z\u0131n \u00a0\u00a0enerji resurslar\u0131n\u0131n d\u00fcnya bazarlar\u0131na \u00e7\u0131xar\u0131lmas\u0131nda, \u015e\u0259rq-Q\u0259rb d\u0259hlizi \u00fczr\u0259 y\u00fckl\u0259rin da\u015f\u0131nmas\u0131nda \u00a0\u0259n \u00f6n\u0259mli\u00a0 t\u0259r\u0259fda\u015f, tranzit b\u00f6lg\u0259 kimi, x\u00fcsusi \u0259h\u0259miyy\u0259t da\u015f\u0131yan h\u0259r iki \u00f6lk\u0259nin tarixi k\u00f6kl\u0259r\u0259, z\u0259ngin \u0259n\u0259n\u0259l\u0259r\u0259\u00a0 malik\u00a0 \u0259laq\u0259l\u0259ri daha da t\u0259kmill\u0259\u015fir.\u00a0 R\u0259smi Bak\u0131 il\u0259 Tbilisinin birg\u0259 s\u0259yi il\u0259 realla\u015fan beyn\u0259lxalq \u0259h\u0259miyy\u0259tli\u00a0 Bak\u0131-Tbilisi-Ceyhan neft, Bak\u0131-Tbilisi-\u018frzurum qaz boru k\u0259m\u0259rl\u0259ri, Bak\u0131-Tbilisi-Qars d\u0259mir yolunun istifad\u0259y\u0259 verilm\u0259sind\u0259n sonra daha da\u00a0 intensivl\u0259\u015f\u0259n\u00a0 sa\u011flam m\u00fcnasib\u0259tl\u0259r,\u00a0 \u00abya\u015f\u0131l enerji\u00bb layih\u0259sinin realla\u015fmas\u0131\u00a0 d\u00fcnyan\u0131n diqq\u0259t \u00a0m\u0259rk\u0259zind\u0259 olan C\u0259nubi Qafqazda sabitliyin yaranmas\u0131na\u00a0 etimad\u0131 art\u0131racaq.<br \/>\nPrezident \u0130lham \u018fliyevin Tbilisiy\u0259 s\u0259f\u0259ri\u00a0 zaman\u0131 diqq\u0259t\u00e7\u0259k\u0259n s\u0259mimiyy\u0259t tam \u00a0\u0259minlik yarad\u0131r ki, regionda\u00a0\u00a0 s\u00fclh\u00fcn v\u0259 sabitliyin qorunmas\u0131nda maraql\u0131 olan Az\u0259rbaycanla G\u00fcrc\u00fcstan\u0131n birg\u0259 s\u0259yl\u0259ri il\u0259 \u00a0\u00a0C\u0259nubi Qafqaz d\u00fcnyan\u0131n yeni co\u011frafiyas\u0131n\u0131n \u00a0m\u0259rk\u0259zin\u0259 \u00e7evril\u0259c\u0259k. R\u0259smi \u0130r\u0259van\u0131n Az\u0259rbaycanla G\u00fcrc\u00fcstan liderl\u0259rinin s\u00fclh \u00e7a\u011f\u0131r\u0131\u015flar\u0131na qo\u015fulmas\u0131 il\u0259 T\u00fcrkiy\u0259 Prezidenti R\u0259c\u0259b Tayyib \u018frdo\u011fan\u0131n t\u0259klif etdiyi 3+3 format\u0131n\u0131n t\u0259m\u0259li qoyula bil\u0259r.<\/p>\n<p>Prezident \u0130lham \u018fliyevin 8 oktyabr 2023-cu il tarixind\u0259\u00a0 qon\u015fu \u00f6lk\u0259y\u0259\u00a0 \u00a0on birinci\u00a0 i\u015fg\u00fczar s\u0259f\u0259ri Az\u0259rbaycanla G\u00fcrc\u00fcstan aras\u0131ndak\u0131 \u00a0\u0259laq\u0259l\u0259rin y\u00fcks\u0259k s\u0259viyy\u0259d\u0259 olmas\u0131n\u0131n g\u00f6st\u0259ricisidir. D\u00f6vl\u0259t\u00a0 ba\u015f\u00e7\u0131m\u0131z \u0130lham \u018fliyevin vur\u011fulad\u0131\u011f\u0131 kimi, m\u00f6hk\u0259m t\u0259m\u0259ll\u0259r\u0259 \u0259saslanan, zamanla daha da inki\u015faf ed\u0259n d\u00f6vl\u0259tl\u0259raras\u0131 m\u00fcnasib\u0259tl\u0259r XXI \u0259srin \u0259n qlobal enerji v\u0259 n\u0259qliyyat layih\u0259l\u0259rinin realla\u015fmas\u0131na\u00a0 m\u00fcnbit \u015f\u0259rait yarad\u0131b. \u00a0H\u0259r iki \u00f6lk\u0259nin milli\u00a0 maraqlar\u0131na, d\u00f6vl\u0259t\u00e7ilik m\u0259nafeyin\u0259\u00a0 uy\u011fun \u00a0siyasi, iqtisadi, sosial m\u0259s\u0259l\u0259l\u0259rin, imzalanan s\u0259n\u0259dl\u0259rd\u0259 g\u00f6st\u0259ril\u0259n prioritetl\u0259rin icras\u0131nda g\u00f6st\u0259ril\u0259n birg\u0259 s\u0259yl\u0259r \u00a0m\u00fcnasib\u0259tl\u0259ri daha da m\u00f6hk\u0259ml\u0259ndirib. D\u00fcnyan\u0131n\u00a0 \u00a0siyasi arenas\u0131nda geosiyasi v\u0259\u00a0 geostrateji \u0259h\u0259miyy\u0259ti il\u0259 aktuall\u0131\u011f\u0131n\u0131 qoruyan\u00a0 C\u0259nubi Qafqaz\u0131n\u00a0 bu iki d\u00f6vl\u0259tinin \u0130p\u0259k Yolunun \u00fcz\u0259rind\u0259 yerl\u0259\u015fm\u0259si, Orta D\u0259hliz layih\u0259sinin \u0259sas\u0131n\u0131 t\u0259\u015fkil ed\u0259n irimiqyasl\u0131 enerji v\u0259 n\u0259qliyyat layih\u0259l\u0259rinin \u00a0yeni keyfiyy\u0259t bax\u0131m\u0131ndan \u00a0icras\u0131ndak\u0131 i\u015ftirak\u0131 b\u00f6lg\u0259nin apar\u0131c\u0131 d\u00f6vl\u0259tl\u0259ri olan Az\u0259rbaycanla G\u00fcrc\u00fcstana\u00a0 mara\u011f\u0131 art\u0131r\u0131r.<\/p>\n<p>S\u0259f\u0259r \u00e7\u0259r\u00e7iv\u0259sind\u0259 m\u0259tbuata b\u0259yanat\u0131nda\u00a0 b\u00f6lg\u0259d\u0259 daimi s\u00fclh\u00fcn b\u0259rq\u0259rar olmas\u0131 \u00fc\u00e7\u00fcn Bak\u0131 il\u0259 \u00a0\u0130r\u0259van aras\u0131nda s\u00fclh sazi\u015finin imzalanmas\u0131n\u0131n \u0259h\u0259miyy\u0259tini, region \u00f6lk\u0259l\u0259rinin \u00fc\u00e7t\u0259r\u0259fli formatda \u0259m\u0259kda\u015fl\u0131\u011fa ba\u015flamaq imkanlar\u0131n\u0131n artaca\u011f\u0131na \u0259minliyini bildir\u0259n Prezident \u0130lham \u018fliyev iki \u00f6lk\u0259nin iqtisadi inki\u015faf\u0131na t\u0259sir ed\u0259c\u0259k, d\u00f6vr\u00fcn \u00f6n\u0259mli layih\u0259l\u0259rind\u0259n olan \u00abya\u015f\u0131l enerji\u00bb d\u0259hlizi\u201dnin \u0259h\u0259miyy\u0259tini \u00a0x\u00fcsusil\u0259 diqq\u0259t\u0259 \u00e7atd\u0131rd\u0131. \u0130ki \u00f6lk\u0259 aras\u0131ndak\u0131\u00a0 \u0259n\u0259n\u0259vi \u00a0\u00a0g\u00f6r\u00fc\u015fl\u0259rin tarixind\u0259n s\u00f6z a\u00e7an \u00a0Prezident \u0130lham \u018fliyev bildirdi ki, m\u0259qs\u0259dimiz budur ki, \u00f6lk\u0259l\u0259rimiz sa\u011flam m\u00fcnasib\u0259tl\u0259r \u0259sas\u0131nda davam etsin, xalqlar\u0131m\u0131z bir-birin\u0259 daha yax\u0131n olsunlar. \u00a0Ulu \u00d6nd\u0259r Heyd\u0259r \u018fliyevl\u0259 G\u00fcrc\u00fcstan\u0131n sabiq Prezidenti Eduard \u015eevardnadze aras\u0131ndak\u0131\u00a0 dostlu\u011fu \u00a0\u00abBu iki parlaq \u015f\u0259xsiyy\u0259t sovet d\u00f6vr\u00fcnd\u0259 d\u0259 \u00f6z istedad\u0131, \u00f6z c\u0259sar\u0259ti v\u0259 \u00f6z xalqlar\u0131na olan ba\u011fl\u0131l\u0131\u011f\u0131 il\u0259 f\u0259rql\u0259nirdi. Tale el\u0259 g\u0259tirdi ki, onlar t\u0259xmin\u0259n eyni vaxtda m\u00fcst\u0259qil G\u00fcrc\u00fcstana v\u0259 m\u00fcst\u0259qil Az\u0259rbaycana r\u0259hb\u0259rlik etm\u0259y\u0259 ba\u015flad\u0131lar. Xalqlar\u0131m\u0131z \u00fc\u00e7\u00fcn \u0259n a\u011f\u0131r d\u00f6vrd\u0259, &#8211; o ac\u0131 v\u0259 a\u011fr\u0131l\u0131 g\u00fcnl\u0259ri biz xat\u0131rlay\u0131r\u0131q, &#8211; m\u0259hz onlar\u0131n liderliyi say\u0259sind\u0259 h\u0259m G\u00fcrc\u00fcstan, h\u0259m Az\u0259rbaycan inamla m\u00fcst\u0259qilliy\u0259 do\u011fru add\u0131mlama\u011fa ba\u015flam\u0131\u015fd\u0131r. M\u0259hz onlar\u0131n f\u0259aliyy\u0259ti n\u0259tic\u0259sind\u0259 m\u00fcst\u0259qil G\u00fcrc\u00fcstan, m\u00fcst\u0259qil Az\u0259rbaycan inki\u015faf etm\u0259y\u0259 ba\u015flam\u0131\u015fd\u0131r\u00bb s\u00f6zl\u0259ri il\u0259 d\u0259y\u0259rl\u0259ndir\u0259n d\u00f6vl\u0259t ba\u015f\u00e7\u0131m\u0131z \u0130lham \u018fliyev bu tarixi \u015f\u0259xsiyy\u0259tl\u0259ri h\u0259r iki\u00a0 xalq \u00fc\u00e7\u00fcn \u0259v\u0259zedilm\u0259z lider adland\u0131rd\u0131.<\/p>\n<p>Bildirildi ki, bu \u00f6lk\u0259l\u0259rin \u00a0birg\u0259 s\u0259yi il\u0259 \u00a0h\u0259yata ke\u00e7iril\u0259n enerji v\u0259 n\u0259qliyyat layih\u0259l\u0259ri \u00a0Avropa d\u00f6vl\u0259tl\u0259rinin \u00a0\u00a0bu sah\u0259d\u0259 t\u0259hl\u00fck\u0259sizliyin\u0259 xidm\u0259t g\u00f6st\u0259rir. Anakliya liman\u0131n\u0131n in\u015fas\u0131, Az\u0259rbaycan\u0131n G\u00fcrc\u00fcstan\u0131n Qara d\u0259niz sahilind\u0259ki Kulevi liman\u0131n\u0131n geni\u015fl\u0259ndirilm\u0259si \u00a0il\u0259 \u00a0\u0259m\u0259kda\u015fl\u0131q daha da g\u00fccl\u0259ndiril\u0259c\u0259k. T\u0259bii ki, Bak\u0131-Tbilisi-Qars d\u0259mir yolunun a\u015f\u0131rma qabiliyy\u0259tinin 5 d\u0259f\u0259d\u0259n \u00e7ox art\u0131r\u0131lmas\u0131 \u00a0Orta D\u0259hlizin co\u011frafi imkanlar\u0131n\u0131 daha da \u00e7oxaldacaq. Energetika sah\u0259sind\u0259 \u0259n\u0259n\u0259vi sah\u0259l\u0259rd\u0259n ba\u015fqa \u00a0h\u0259r iki \u00f6lk\u0259nin maraqlar\u0131na xidm\u0259t ed\u0259c\u0259k \u00abya\u015f\u0131l enerji\u00bb\u00a0 layih\u0259sinin realla\u015fmas\u0131 il\u0259 \u00a0Az\u0259rbaycanla G\u00fcrc\u00fcstan\u0131n birg\u0259 s\u0259yl\u0259ri t\u0259l\u0259bata uy\u011fun intensivl\u0259\u015f\u0259c\u0259k. H\u0259r iki qarda\u015f \u00f6lk\u0259nin Avropa d\u00f6vl\u0259tl\u0259ri il\u0259 s\u0131x \u0259m\u0259kda\u015fl\u0131\u011f\u0131\u00a0 qlobal enerji v\u0259 n\u0259qliyyat layih\u0259l\u0259rinin co\u011frafiyas\u0131n\u0131 geni\u015fl\u0259ndir\u0259c\u0259k. B\u00f6y\u00fck s\u0259rmay\u0259 qoyulu\u015fu n\u0259z\u0259rd\u0259 tutulan \u00abya\u015f\u0131l enerji\u00bb d\u0259hlizi t\u0259r\u0259fda\u015f \u00f6lk\u0259l\u0259rin enerji t\u0259hl\u00fck\u0259sizliyini g\u00fccl\u0259ndir\u0259c\u0259k.<\/p>\n<p>Tam \u0259minlikl\u0259 dem\u0259k olar ki, \u00a0iki dost \u00f6lk\u0259nin \u00a0b\u00f6y\u00fck m\u0259na da\u015f\u0131yan, birlikd\u0259\u00a0 icra etdikl\u0259ri layih\u0259l\u0259r t\u0259kc\u0259 C\u0259nubi Qafqaz regionu \u00fc\u00e7\u00fcn deyil, b\u00f6y\u00fck m\u0259nada Avrasiya \u00fc\u00e7\u00fcn g\u0259r\u0259klidir. \u00abBizd\u0259 h\u0259m g\u00fccl\u00fc siyasi irad\u0259 var, art\u0131q yarad\u0131lm\u0131\u015f g\u00fccl\u00fc infrastruktur var. \u018fn \u0259sas amil is\u0259 G\u00fcrc\u00fcstan-Az\u0259rbaycan dostlu\u011fu v\u0259 strateji t\u0259r\u0259fda\u015fl\u0131\u011f\u0131d\u0131r\u00bb s\u00f6yl\u0259y\u0259n\u00a0 Prezident \u0130lham \u018fliyev\u00a0 bunun \u00fc\u00e7\u00fcn C\u0259nubi Qafqazda s\u00fclh\u00fcn b\u0259rq\u0259rar olmas\u0131n\u0131n vaxt\u0131n\u0131n \u00e7atd\u0131\u011f\u0131n\u0131 bildirdi. Qeyd olundu ki,\u00a0\u00a0 \u00a044 g\u00fcn davam ed\u0259n \u0130kinci Qaraba\u011f m\u00fcharib\u0259sind\u0259 i\u015f\u011fal\u00e7\u0131 Erm\u0259nistan \u00fcz\u0259rind\u0259 \u00a0\u00a0\u00a0Q\u0259l\u0259b\u0259 qazanan Az\u0259rbaycan\u0131n \u00a0C\u0259nubi Qafqazda tamamil\u0259 yeni bir siyasi v\u0259ziyy\u0259t yaradaca\u011f\u0131 \u015f\u0259ksizdir. \u00abC\u0259nubi Qafqaz \u00f6lk\u0259l\u0259ri \u0259m\u0259kda\u015fl\u0131\u011fa \u00fc\u00e7t\u0259r\u0259fli formatda ba\u015flaya bil\u0259rl\u0259r v\u0259 bir \u00e7ox sah\u0259l\u0259r \u00fczr\u0259 \u0259m\u0259kda\u015fl\u0131q \u00e7ox u\u011furlu ola bil\u0259r, n\u0259qliyyat, enerji t\u0259hl\u00fck\u0259sizliyi, ticar\u0259t, qar\u015f\u0131l\u0131ql\u0131 s\u0259rmay\u0259 qoyulu\u015fu, b\u00fct\u00fcn bunlar, m\u00fcmk\u00fcnd\u00fcr\u00bb s\u00f6yl\u0259y\u0259n Prezident \u0130lham \u018fliyev\u00a0 Az\u0259rbaycanla Erm\u0259nistan aras\u0131nda s\u00fclh m\u00fcqavil\u0259sinin imzalanmas\u0131n\u0131 b\u00f6lg\u0259d\u0259ki g\u0259rginliyin normalla\u015fmaya do\u011fru\u00a0 add\u0131mlar\u00a0 kimi d\u0259y\u0259rl\u0259ndirdi. Bildirildi ki bu v\u0259ziyy\u0259tin sa\u011flam d\u00fc\u015f\u00fcnc\u0259, he\u00e7 kimin t\u0259siri v\u0259 t\u0259zyiqi olmadan h\u0259llinin m\u0259qam\u0131 \u00e7at\u0131b. Bu \u015fans\u0131 \u0259ld\u0259n verm\u0259k is\u0259 b\u00f6y\u00fck s\u0259hv olar. \u00c7\u00fcnki bir ne\u00e7\u0259 \u00f6lk\u0259 v\u0259 eyni zamanda, b\u0259zi beyn\u0259lxalq t\u0259\u015fkilatlar Erm\u0259nistanla Az\u0259rbaycan aras\u0131nda ged\u0259n normalla\u015fma prosesind\u0259 \u00f6z d\u0259st\u0259yini g\u00f6st\u0259rm\u0259y\u0259 \u00e7al\u0131\u015f\u0131rlar. Birt\u0259r\u0259fli v\u0259 q\u0259r\u0259zsiz ist\u0259nil\u0259n vasit\u0259\u00e7ilik\u00a0 q\u0259bul edil\u0259ndir. \u00abAncaq m\u0259nim fikrimc\u0259, \u0259n d\u00fczg\u00fcn se\u00e7im h\u0259m tarixi \u0259laq\u0259l\u0259ri, h\u0259m co\u011frafi amili n\u0259z\u0259r\u0259 alaraq, \u0259lb\u0259tt\u0259 ki, bu sah\u0259d\u0259 G\u00fcrc\u00fcstan ola bil\u0259rdi\u00bb \u00a0s\u00f6yl\u0259y\u0259n Prezident \u0130lham \u018fliyev\u00a0 C\u0259nubi Qafqaz \u00f6lk\u0259l\u0259ri aras\u0131ndak\u0131\u00a0 m\u00fcnasib\u0259tl\u0259rin normalla\u015fmas\u0131n\u0131n h\u0259lli istiqam\u0259tl\u0259rini d\u0259 m\u00fc\u0259yy\u0259nl\u0259\u015fdirir.<\/p>\n<p>Prezident \u0130lham \u018fliyevin v\u0259 G\u00fcrc\u00fcstan\u0131n Ba\u015f naziri \u0130rakli Qariba\u015fvilinin m\u0259tbuata\u00a0 birg\u0259 b\u0259yanatlar\u0131nda aktual m\u0259s\u0259l\u0259l\u0259r\u0259, enerji, n\u0259qliyyat layih\u0259l\u0259rin\u0259\u00a0 eyni m\u00f6vqed\u0259n m\u00fcnasib\u0259t bildirm\u0259l\u0259ri, Orta D\u0259hliz layih\u0259si il\u0259 ba\u011fl\u0131 a\u00e7\u0131qlamalar\u0131 x\u00fcsusil\u0259 diqq\u0259ti c\u0259lb edib.<br \/>\nG\u00fcrc\u00fcstan\u0131n Ba\u015f nazirinin \u00abBuraya d\u0259mir yollar\u0131n\u0131n m\u00fcasirl\u0259\u015fdirilm\u0259si, limanlar\u0131n in\u015fas\u0131 v\u0259 geni\u015fl\u0259ndirilm\u0259si, avtomobil yollar\u0131n\u0131n inki\u015faf\u0131 v\u0259 m\u00fcasirl\u0259\u015fdirilm\u0259si daxildir. Bilir\u0259m ki, Az\u0259rbaycan da bu istiqam\u0259td\u0259 geni\u015fmiqyasl\u0131 i\u015fl\u0259r\u0259 ba\u015flay\u0131b. Biz G\u00fcrc\u00fcstanda d\u0259mir yollar\u0131n\u0131n m\u00fcasirl\u0259\u015fdirilm\u0259sin\u0259 ba\u015flam\u0131\u015f\u0131q. Bu i\u015f 2024-c\u00fc ilin sonunad\u0259k ba\u015fa \u00e7atd\u0131r\u0131lacaq v\u0259 onun y\u00fckda\u015f\u0131ma qabiliyy\u0259ti iki d\u0259f\u0259 art\u0131r\u0131lacaq\u00bb s\u00f6zl\u0259rind\u0259n d\u0259 ayd\u0131n olur ki, y\u00fckda\u015f\u0131ma qabiliyy\u0259ti 100 milyon ton olacaq \u00a0Anakliya liman\u0131n\u0131n, \u00a0\u015e\u0259rq-Q\u0259rb magistral yolunun in\u015fas\u0131 il\u0259\u00a0 \u00a0Az\u0259rbaycanla uzunm\u00fcdd\u0259tli strateji t\u0259r\u0259fda\u015fl\u0131q v\u0259 dostluq \u00a0ist\u0259kl\u0259ri\u00a0 daha da m\u00f6hk\u0259ml\u0259n\u0259c\u0259k. Regionda v\u0259 qlobal m\u00fcst\u0259vid\u0259\u00a0 t\u0259hl\u00fck\u0259sizlik m\u0259s\u0259l\u0259l\u0259rinin\u00a0 h\u0259llin\u0259 inam artacaq. Bildirildi ki, b\u00f6lg\u0259nin sabitlik m\u0259kan\u0131na \u00e7evrilm\u0259si\u00a0 \u00fc\u00e7\u00fcn C\u0259nubi Qafqaz\u0131n h\u0259r \u00fc\u00e7 \u00f6lk\u0259si regional m\u0259s\u0259l\u0259l\u0259ri \u00f6zl\u0259ri h\u0259ll etm\u0259lidirl\u0259r.<\/p>\n","protected":false},"excerpt":{"rendered":"<p>Prezident \u0130lham \u018fliyev\u00a0 G\u00fcrc\u00fcstana i\u015fg\u00fczar s\u0259f\u0259ri zaman\u0131 s\u00f6yl\u0259diyi &#8220;Ancaq m\u0259nim fikrimc\u0259, \u0259n d\u00fczg\u00fcn se\u00e7im h\u0259m tarixi \u0259laq\u0259l\u0259ri, h\u0259m co\u011frafi amili n\u0259z\u0259r\u0259 alaraq, \u0259lb\u0259tt\u0259 ki, bu sah\u0259d\u0259 G\u00fcrc\u00fcstan ola bil\u0259rdi&#8221;\u00a0\u00e7a\u011f\u0131r\u0131\u015f\u0131 il\u0259 Az\u0259rbaycanla Erm\u0259nistan aras\u0131nda\u00a0\u00a0 s\u00fclh sazi\u015finin imzalanmas\u0131na xarici m\u00fcdaxil\u0259l\u0259ri\u00a0 yolverilm\u0259z hesab edir Xarici siyas\u0259tinin \u0259sas\u0131n\u0131 b\u00fct\u00fcn d\u00f6vl\u0259tl\u0259rl\u0259 qar\u015f\u0131l\u0131ql\u0131 h\u00f6rm\u0259t\u00a0 v\u0259 etimad prinsipl\u0259ri \u0259sas\u0131nda quran, \u0259sas\u0131 \u00a0Ulu \u00d6nd\u0259r Heyd\u0259r \u018fliyev t\u0259r\u0259find\u0259n qoyulan Az\u0259rbaycan\u0131n qon\u015fu G\u00fcrc\u00fcstanla strateji \u0259m\u0259kda\u015fl\u0131\u011f\u0131 b\u00f6lg\u0259d\u0259 sabitliyin t\u0259minat\u0131na \u0259n\u00a0 etibarl\u0131 t\u00f6hf\u0259dir. \u00a0Respublikam\u0131z\u0131n \u00a0\u00a0enerji resurslar\u0131n\u0131n d\u00fcnya bazarlar\u0131na \u00e7\u0131xar\u0131lmas\u0131nda, \u015e\u0259rq-Q\u0259rb d\u0259hlizi \u00fczr\u0259 y\u00fckl\u0259rin da\u015f\u0131nmas\u0131nda \u00a0\u0259n \u00f6n\u0259mli\u00a0 t\u0259r\u0259fda\u015f, tranzit b\u00f6lg\u0259 kimi, x\u00fcsusi \u0259h\u0259miyy\u0259t&hellip;<\/p>\n","protected":false},"author":2,"featured_media":643857,"comment_status":"closed","ping_status":"closed","sticky":false,"template":"","format":"standard","meta":{"om_disable_all_campaigns":false,"_monsterinsights_skip_tracking":false,"_monsterinsights_sitenote_active":false,"_monsterinsights_sitenote_note":"","_monsterinsights_sitenote_category":0},"categories":[19],"tags":[],"aioseo_notices":[],"gutentor_comment":0,"rttpg_featured_image_url":{"full":["https:\/\/arantv.az\/wp-content\/uploads\/2023\/10\/3ce257b3169694954043453386510659728.jpg",975,540,false],"landscape":["https:\/\/arantv.az\/wp-content\/uploads\/2023\/10\/3ce257b3169694954043453386510659728.jpg",975,540,false],"portraits":["https:\/\/arantv.az\/wp-content\/uploads\/2023\/10\/3ce257b3169694954043453386510659728.jpg",975,540,false],"thumbnail":["https:\/\/arantv.az\/wp-content\/uploads\/2023\/10\/3ce257b3169694954043453386510659728-500x280.jpg",500,280,true],"medium":["https:\/\/arantv.az\/wp-content\/uploads\/2023\/10\/3ce257b3169694954043453386510659728-660x365.jpg",660,365,true],"large":["https:\/\/arantv.az\/wp-content\/uploads\/2023\/10\/3ce257b3169694954043453386510659728-840x465.jpg",640,354,true],"1536x1536":["https:\/\/arantv.az\/wp-content\/uploads\/2023\/10\/3ce257b3169694954043453386510659728.jpg",975,540,false],"2048x2048":["https:\/\/arantv.az\/wp-content\/uploads\/2023\/10\/3ce257b3169694954043453386510659728.jpg",975,540,false],"post-thumbnail":["https:\/\/arantv.az\/wp-content\/uploads\/2023\/10\/3ce257b3169694954043453386510659728-240x172.jpg",240,172,true],"advps-thumb-one":["https:\/\/arantv.az\/wp-content\/uploads\/2023\/10\/3ce257b3169694954043453386510659728.jpg",975,540,false]},"rttpg_author":{"display_name":"V\u00fcsal Rafiqo\u011flu","author_link":"https:\/\/arantv.az\/?author=2"},"rttpg_comment":0,"rttpg_category":"<a href=\"https:\/\/arantv.az\/?cat=19\" rel=\"category\">G\u00fcnd\u0259m<\/a>","rttpg_excerpt":"Prezident \u0130lham \u018fliyev\u00a0 G\u00fcrc\u00fcstana i\u015fg\u00fczar s\u0259f\u0259ri zaman\u0131 s\u00f6yl\u0259diyi &#8220;Ancaq m\u0259nim fikrimc\u0259, \u0259n d\u00fczg\u00fcn se\u00e7im h\u0259m tarixi \u0259laq\u0259l\u0259ri, h\u0259m co\u011frafi amili n\u0259z\u0259r\u0259 alaraq, \u0259lb\u0259tt\u0259 ki, bu sah\u0259d\u0259 G\u00fcrc\u00fcstan ola bil\u0259rdi&#8221;\u00a0\u00e7a\u011f\u0131r\u0131\u015f\u0131 il\u0259 Az\u0259rbaycanla Erm\u0259nistan aras\u0131nda\u00a0\u00a0 s\u00fclh sazi\u015finin imzalanmas\u0131na xarici m\u00fcdaxil\u0259l\u0259ri\u00a0 yolverilm\u0259z hesab edir Xarici siyas\u0259tinin \u0259sas\u0131n\u0131 b\u00fct\u00fcn d\u00f6vl\u0259tl\u0259rl\u0259 qar\u015f\u0131l\u0131ql\u0131 h\u00f6rm\u0259t\u00a0 v\u0259 etimad prinsipl\u0259ri \u0259sas\u0131nda quran, \u0259sas\u0131 \u00a0Ulu&hellip;","_links":{"self":[{"href":"https:\/\/arantv.az\/index.php?rest_route=\/wp\/v2\/posts\/643850"}],"collection":[{"href":"https:\/\/arantv.az\/index.php?rest_route=\/wp\/v2\/posts"}],"about":[{"href":"https:\/\/arantv.az\/index.php?rest_route=\/wp\/v2\/types\/post"}],"author":[{"embeddable":true,"href":"https:\/\/arantv.az\/index.php?rest_route=\/wp\/v2\/users\/2"}],"replies":[{"embeddable":true,"href":"https:\/\/arantv.az\/index.php?rest_route=%2Fwp%2Fv2%2Fcomments&post=643850"}],"version-history":[{"count":0,"href":"https:\/\/arantv.az\/index.php?rest_route=\/wp\/v2\/posts\/643850\/revisions"}],"wp:featuredmedia":[{"embeddable":true,"href":"https:\/\/arantv.az\/index.php?rest_route=\/wp\/v2\/media\/643857"}],"wp:attachment":[{"href":"https:\/\/arantv.az\/index.php?rest_route=%2Fwp%2Fv2%2Fmedia&parent=643850"}],"wp:term":[{"taxonomy":"category","embeddable":true,"href":"https:\/\/arantv.az\/index.php?rest_route=%2Fwp%2Fv2%2Fcategories&post=643850"},{"taxonomy":"post_tag","embeddable":true,"href":"https:\/\/arantv.az\/index.php?rest_route=%2Fwp%2Fv2%2Ftags&post=643850"}],"curies":[{"name":"wp","href":"https:\/\/api.w.org\/{rel}","templated":true}]}}