{"id":643854,"date":"2023-10-11T08:58:40","date_gmt":"2023-10-11T04:58:40","guid":{"rendered":"https:\/\/arantv.az\/?p=643854"},"modified":"2023-10-11T08:58:40","modified_gmt":"2023-10-11T04:58:40","slug":"r%c9%99smi-ir%c9%99van-n%c9%99-vaxtad%c9%99k-taleyini-fransanin-m%c9%99kirli-siyas%c9%99tin%c9%99-qurban-ver%c9%99c%c9%99k","status":"publish","type":"post","link":"https:\/\/arantv.az\/?p=643854","title":{"rendered":"R\u0259smi \u0130r\u0259van n\u0259 vaxtad\u0259k taleyini Fransan\u0131n m\u0259kirli siyas\u0259tin\u0259 qurban ver\u0259c\u0259k?.."},"content":{"rendered":"<p><em><strong>Fransan\u0131n Erm\u0259nistana silah verm\u0259si s\u00fclh\u0259 deyil, yeni qar\u015f\u0131durmaya xidm\u0259t ed\u0259n yana\u015fmad\u0131r<\/strong><\/em><\/p>\n<p>Sentyabr\u0131n 19-da Az\u0259rbaycan Silahl\u0131 Q\u00fcvv\u0259l\u0259ri b\u00f6lg\u0259d\u0259 lokal xarakterli antiterror t\u0259dbirl\u0259rin\u0259 ba\u015flad\u0131 v\u0259 24 saatdan da az vaxt yetdi ki, h\u0259rbi-kriminal xunta, n\u0259hay\u0259t, otuz ild\u0259n \u00e7oxdur s\u00fcr\u0259n r\u00f6yadan ay\u0131ls\u0131n. Bir daha ayd\u0131n oldu ki, 2020-ci ilin 44 g\u00fcnl\u00fck m\u00fcharib\u0259sind\u0259n sonra Az\u0259rbaycan\u0131n Qaraba\u011f b\u00f6lg\u0259sind\u0259, Rusiya s\u00fclhm\u0259raml\u0131lar\u0131n\u0131n m\u00fcv\u0259qq\u0259ti \u00e7\u0259tiri alt\u0131nda qalan v\u0259 bundan gen-bol yararlanaraq ip\u0259-sapa yatmayan qondarma rejimin anlad\u0131\u011f\u0131 dil bu imi\u015f&#8230;Amma b\u00fct\u00fcn bunlar\u0131n fonunda C\u0259nubi Qafqazda h\u0259l\u0259 d\u0259 daimi s\u00fclh t\u0259min olunmay\u0131b. Erm\u0259nistan\u0131n oyunpozanl\u0131\u011f\u0131 n\u0259tic\u0259sind\u0259 s\u00fclh sazi\u015finin imzalanmas\u0131 prosesi yuban\u0131r. Avropa \u0130ttifaq\u0131 \u015euras\u0131n\u0131n r\u0259hb\u0259ri \u015earl Mi\u015felin, Moskva v\u0259 Va\u015finqtonun vasit\u0259\u00e7iliyi il\u0259 davam ed\u0259n s\u00fclh dan\u0131\u015f\u0131qlar\u0131nda m\u00fc\u0259yy\u0259n n\u0259tic\u0259l\u0259r olsa da, h\u0259l\u0259 d\u0259 yekun s\u0259n\u0259d raz\u0131la\u015fd\u0131r\u0131lmay\u0131b. Erm\u0259nistan is\u0259 prosesi pozmaq, l\u0259ngintm\u0259kl\u0259 m\u0259\u015f\u011fuldur. \u018fg\u0259r Erm\u0259nistan raz\u0131l\u0131q vers\u0259, bu m\u0259s\u0259l\u0259y\u0259 qon\u015fu G\u00fcrc\u00fcstanda n\u00f6qt\u0259 qoyula bil\u0259c\u0259yi d\u0259 istisna deyil. Prezident \u0130lham \u018fliyev G\u00fcrc\u00fcstan\u0131n Ba\u015f naziri \u0130rakli Qariba\u015fvili il\u0259 m\u0259tbuata birg\u0259 b\u0259yanat\u0131nda deyib ki, bu g\u00fcn bir ne\u00e7\u0259 \u00f6lk\u0259 v\u0259 eyni zamanda, b\u0259zi beyn\u0259lxalq t\u0259\u015fkilatlar Erm\u0259nistan v\u0259 Az\u0259rbaycan aras\u0131nda ged\u0259n normalla\u015fma prosesind\u0259 \u00f6z d\u0259st\u0259yini g\u00f6st\u0259rm\u0259y\u0259 \u00e7al\u0131\u015f\u0131r. Biz bunu alq\u0131\u015flay\u0131r\u0131q. \u018fg\u0259r bu, birt\u0259r\u0259fli v\u0259 q\u0259r\u0259zli deyils\u0259, \u0259lb\u0259tt\u0259, biz ist\u0259nil\u0259n vasit\u0259\u00e7iliyi v\u0259 yard\u0131m\u0131 q\u0259bul edirik. Ancaq m\u0259nim fikrimc\u0259, bu sah\u0259d\u0259 \u0259n d\u00fczg\u00fcn se\u00e7im h\u0259m tarixi \u0259laq\u0259l\u0259ri, h\u0259m d\u0259 co\u011frafi faktoru n\u0259z\u0259r\u0259 alaraq, \u0259lb\u0259tt\u0259 ki, G\u00fcrc\u00fcstan ola bil\u0259rdi: \u201cHesab edir\u0259m ki, biz buna haz\u0131r olan \u00f6lk\u0259 kimi Erm\u0259nistandan da eyni yana\u015fman\u0131 g\u00f6zl\u0259m\u0259liyik. \u018fg\u0259r Erm\u0259nistan t\u0259r\u0259find\u0259n d\u0259 raz\u0131l\u0131q olarsa, d\u0259rhal bizim aidiyy\u0259ti qurumlar\u0131n r\u0259hb\u0259rl\u0259ri G\u00fcrc\u00fcstanda h\u0259m ikit\u0259r\u0259fli, h\u0259m d\u0259 \u00fc\u00e7t\u0259r\u0259fli g\u00f6r\u00fc\u015f\u0259 g\u0259l\u0259 bil\u0259rl\u0259r\u201d.<\/p>\n<p>G\u00f6r\u00fcnd\u00fcy\u00fc kimi, art\u0131q C\u0259nubi Qafqazda s\u00fclh\u00fcn b\u0259rq\u0259rar edilm\u0259si \u00fc\u00e7\u00fcn b\u00fct\u00fcn \u015f\u0259rtl\u0259r m\u00f6vcuddur. Prezident \u0130lham \u018fliyev C\u0259nubi Qafqazda \u0259m\u0259kda\u015fl\u0131\u011f\u0131n \u00fc\u00e7t\u0259r\u0259fli format\u0131 \u00fc\u00e7\u00fcn yeni \u015fans yarand\u0131\u011f\u0131n\u0131 v\u0259 bunu buraxmama\u011f\u0131n z\u0259ruriliyini vur\u011fulay\u0131r: \u201cC\u0259nubi Qafqazda s\u00fclh\u00fc tam b\u0259rq\u0259rar etm\u0259yin art\u0131q vaxt\u0131 \u00e7at\u0131b. Biz G\u00fcrc\u00fcstanla \u00f6lk\u0259l\u0259rimizin \u0259razi b\u00fct\u00f6vl\u00fcy\u00fc v\u0259 suverenliyini daim d\u0259st\u0259kl\u0259mi\u015fik. \u018frazi b\u00fct\u00f6vl\u00fcy\u00fcn\u00fcn pozulmas\u0131 q\u0259buledilm\u0259zdir. Bu bax\u0131mdan Az\u0259rbaycan\u0131n m\u00f6vqeyi birm\u0259nal\u0131d\u0131r. \u018fg\u0259r Az\u0259rbaycan v\u0259 Erm\u0259nistan aras\u0131nda s\u00fclh sazi\u015fi ba\u011flansa, C\u0259nubi Qafqazda yeni bir siyasi v\u0259ziyy\u0259t yaranacaq. B\u00f6lg\u0259 \u00f6lk\u0259l\u0259ri \u0259m\u0259kda\u015fl\u0131\u011fa \u00fc\u00e7t\u0259r\u0259fli formatda ba\u015flaya bil\u0259rl\u0259r. \u0130ndi m\u0259qam g\u0259lib \u00e7at\u0131b. Bu \u015fans\u0131 \u0259ld\u0259n verm\u0259k b\u00f6y\u00fck s\u0259hv olar\u201d.<\/p>\n<p>G\u00f6r\u0259s\u0259n Erm\u0259nistan h\u00f6kum\u0259ti n\u0259 vaxta q\u0259d\u0259r Az\u0259rbaycan\u0131n bu c\u00fcr ayd\u0131n mesajlar\u0131na, \u0259dal\u0259tli \u00e7a\u011f\u0131r\u0131\u015flar\u0131na g\u00f6z yumacaq? R\u0259smi \u0130r\u0259van daha n\u0259 q\u0259d\u0259r \u00f6z xalq\u0131n\u0131n taleyini b\u00f6lg\u0259d\u0259n uzaq m\u0259krli g\u00fccl\u0259rin, \u00f6z\u0259llikl\u0259 Fransan\u0131n d\u00f6vl\u0259t maraqlar\u0131na qurban ver\u0259c\u0259k? Ba\u015fqa n\u0259 ba\u015f verm\u0259lidir ki, Erm\u0259nistan, n\u0259hay\u0259t, da\u015f\u0131 \u0259t\u0259yind\u0259n t\u00f6ks\u00fcn, s\u00fclh oyunbazl\u0131\u011f\u0131ndan, x\u0259yallarla ya\u015famaqdan \u0259l \u00e7\u0259ksin v\u0259 iki \u0259sas qon\u015fusu &#8211; Az\u0259rbaycan v\u0259 T\u00fcrkiy\u0259 il\u0259 s\u00fclh anla\u015fmas\u0131 y\u00f6n\u00fcnd\u0259 real add\u0131mlar ats\u0131n? Bunun \u00fc\u00e7\u00fcn \u0259lb\u0259tt\u0259 ki, Az\u0259rbaycan\u0131n \u0259razi b\u00fct\u00f6vl\u00fcy\u00fcn\u00fc h\u0259tta Qranada b\u0259yannam\u0259si \u015f\u0259klind\u0259 tan\u0131maq da yet\u0259rli deyil. Vacibdir ki, Nikol Pa\u015finyan \u00f6z m\u00f6vqeyini ikit\u0259r\u0259fli s\u00fclh s\u0259n\u0259dind\u0259 imzas\u0131 il\u0259 t\u0259sdiql\u0259sin v\u0259 anlas\u0131n ki, Qaraba\u011f m\u0259s\u0259l\u0259si art\u0131q bitib. \u018frazi iddialar\u0131, \u201cmiatsum\u201d m\u00f6vzusu qapan\u0131b. Erm\u0259nistanda birc\u0259 az\u0259rbaycanl\u0131n\u0131n qalmamas\u0131na r\u0259\u011fm\u0259n r\u0259smi Bak\u0131 yen\u0259 b\u00f6y\u00fck humanistlik g\u00f6st\u0259r\u0259r\u0259k Qaraba\u011fdan getmi\u015f erm\u0259nil\u0259rin qay\u0131daraq \u00f6lk\u0259mizin qayda-qanunlar\u0131 \u00e7\u0259r\u00e7iv\u0259sind\u0259 \u0259vv\u0259lki yerl\u0259rind\u0259 qal\u0131b ya\u015famas\u0131na etiraz etmir. \u018flb\u0259tt\u0259 ki, b\u00f6y\u00fck s\u00fclh namin\u0259. \u0130ki xalq aras\u0131nda d\u00fc\u015fm\u0259n\u00e7ilik s\u0259hif\u0259sini \u00e7evirm\u0259k namin\u0259. Halbuki r\u0259smi \u0130r\u0259van da b\u00f6y\u00fck s\u00fclh v\u0259 tarixi \u0259dal\u0259t namin\u0259 eyni m\u00f6vqeyi Q\u0259rbi az\u0259rbaycanl\u0131lara m\u00fcnasib\u0259td\u0259 b\u0259yan etm\u0259y\u0259 borcludur. \u018ffsuslar olsun ki, Erm\u0259nistan Fransa ba\u015fda olmaqla, b\u0259zi xarici g\u00fccl\u0259rin fitn\u0259sin\u0259 uyaraq v\u0259 b\u00f6y\u00fck paralar x\u0259rcl\u0259y\u0259r\u0259k h\u00fccum ordusu qurmaq ist\u0259yini m\u00fc\u015fahid\u0259 etm\u0259kd\u0259yik.\u00a0 Bu g\u00fcnl\u0259rd\u0259 Prezident \u0130lham \u018fliyevin Avropa \u0130ttifaq\u0131 \u015euras\u0131n\u0131n Prezidenti \u015earl Mi\u015fell\u0259 telefon dan\u0131\u015f\u0131\u011f\u0131 zaman\u0131 bu m\u0259s\u0259l\u0259l\u0259r\u0259 toxunulub. Telefon dan\u0131\u015f\u0131\u011f\u0131 zaman\u0131 D\u00f6vl\u0259t ba\u015f\u00e7\u0131s\u0131 \u0130lham \u018fliyev deyib ki, \u0259g\u0259r yeni qar\u015f\u0131durma olsa, bunun s\u0259b\u0259bkar\u0131 Fransa olacaq: \u201cFransan\u0131n Erm\u0259nistana silah verm\u0259si s\u00fclh\u0259 deyil, yeni qar\u015f\u0131durmaya xidm\u0259t ed\u0259n yana\u015fmad\u0131r v\u0259 \u0259g\u0259r regionda h\u0259r hans\u0131 yeni qar\u015f\u0131durma ba\u015f ver\u0259rs\u0259, bunun s\u0259b\u0259bkar\u0131 m\u0259hz Fransa olacaq\u201d. Eyni zamanda, d\u00f6vl\u0259t ba\u015f\u00e7\u0131s\u0131 Avropa Parlamenti t\u0259r\u0259find\u0259n ksenofob v\u0259 \u015fovinist yana\u015fma \u0259sas\u0131nda q\u0259bul edilmi\u015f anti-Az\u0259rbaycan xarakterli b\u0259yanat\u0131n, orada s\u0259sl\u0259ndiril\u0259n fikirl\u0259rin q\u0259buledilm\u0259z oldu\u011funu diqq\u0259t\u0259 \u00e7atd\u0131r\u0131b, bunun regionda s\u00fclh\u00fcn v\u0259 sabitliyin t\u0259min olunmas\u0131na xidm\u0259t etm\u0259diyini deyib.<\/p>\n<p>M\u0259lum oldu\u011fu kimi, Fransa art\u0131q Erm\u0259nistanda h\u0259rbi missiya a\u00e7\u0131b. Bu \u00f6lk\u0259nin m\u00fcdafi\u0259 naziri Sebastyan Lekornyu bildirib ki, \u201cmissiya biz\u0259 g\u00fcnd\u0259lik olaraq Erm\u0259nistan ordusu v\u0259 hakimiyy\u0259ti il\u0259 \u0259laq\u0259d\u0259 olmaq, onar\u0131n m\u00fcdafi\u0259 sah\u0259sind\u0259 t\u0259l\u0259batlar\u0131n\u0131 \u00f6yr\u0259nm\u0259y\u0259 imkan ver\u0259c\u0259k\u201d. Eyni zamanda, o b\u0259yan edib ki, \u201cFransa Erm\u0259nistan\u0131n m\u00fcdafi\u0259 sah\u0259sind\u0259 t\u0259l\u0259batlar\u0131n\u0131 ara\u015fd\u0131r\u0131r. Prezidert (Makron \u2013 red) \u015f\u0259xs\u0259n prosesl\u0259ri izl\u0259yir, \u00e7\u00fcnki bu m\u0259s\u0259l\u0259 Fransa \u00fc\u00e7\u00fcn \u00e7ox vacibdir. O, (Makron \u2013 red) bildirib ki, bizim \u00fc\u00e7\u00fcn \u0259sas m\u0259qs\u0259d Erm\u0259nistan\u0131n \u0259razi b\u00fct\u00f6vl\u00fcy\u00fc, suverenliyi v\u0259 \u00f6lk\u0259 \u0259halisinin m\u00fcdafi\u0259sidir\u201d.<\/p>\n<p>G\u00f6r\u00fcnd\u00fcy\u00fc kimi, Fransa Erm\u0259nistan\u0131 \u201cm\u00fcdafi\u0259 olunmaq\u201d m\u0259qs\u0259dil\u0259 silahland\u0131r\u0131r v\u0259 Az\u0259rbaycana qar\u015f\u0131 h\u00fccuma haz\u0131rla\u015fd\u0131r\u0131r. Bunun n\u0259tic\u0259si Erm\u0259nistan \u00fc\u00e7\u00fcn a\u011f\u0131r olacaq, \u00e7\u00fcnki Az\u0259rbaycan ist\u0259nil\u0259n t\u0259xribata \u201cd\u0259mir yumruq\u201dla cavab ver\u0259c\u0259k. 44 g\u00fcnl\u00fck m\u00fcharib\u0259 v\u0259 ondan sonra ba\u015f ver\u0259nl\u0259r Erm\u0259nistan\u0131n Az\u0259rbaycanla bacarmas\u0131n\u0131n m\u00fcmk\u00fcns\u00fcz oldu\u011funu t\u0259sdiq edir. Bunu Parisd\u0259 d\u0259 anlay\u0131rlar, lakin Makronun m\u0259qs\u0259di Erm\u0259nistan\u0131 qorumaq, yaxud g\u00fccl\u0259ndirm\u0259kd\u0259n daha \u00e7ox, ondan C\u0259nubi Qafqaz\u0131 qan \u00e7ana\u011f\u0131na \u00e7evirm\u0259k \u00fc\u00e7\u00fcn istifad\u0259 etm\u0259kdir. Afrikada da maraqlar\u0131n\u0131 t\u0259min etm\u0259k \u00fc\u00e7\u00fcn m\u0259hz bu ssenarid\u0259n &#8211; bir \u00f6lk\u0259ni dig\u0259r \u00f6lk\u0259y\u0259 qar\u015f\u0131 h\u00fccuma t\u0259hrik etm\u0259k ssenarisind\u0259n yararlan\u0131b. \u0130ndi d\u0259 C\u0259nubi Qafqazda Afrika ssenarisini t\u0259tbiq etm\u0259y\u0259 \u00e7al\u0131\u015f\u0131r.<\/p>\n","protected":false},"excerpt":{"rendered":"<p>Fransan\u0131n Erm\u0259nistana silah verm\u0259si s\u00fclh\u0259 deyil, yeni qar\u015f\u0131durmaya xidm\u0259t ed\u0259n yana\u015fmad\u0131r Sentyabr\u0131n 19-da Az\u0259rbaycan Silahl\u0131 Q\u00fcvv\u0259l\u0259ri b\u00f6lg\u0259d\u0259 lokal xarakterli antiterror t\u0259dbirl\u0259rin\u0259 ba\u015flad\u0131 v\u0259 24 saatdan da az vaxt yetdi ki, h\u0259rbi-kriminal xunta, n\u0259hay\u0259t, otuz ild\u0259n \u00e7oxdur s\u00fcr\u0259n r\u00f6yadan ay\u0131ls\u0131n. Bir daha ayd\u0131n oldu ki, 2020-ci ilin 44 g\u00fcnl\u00fck m\u00fcharib\u0259sind\u0259n sonra Az\u0259rbaycan\u0131n Qaraba\u011f b\u00f6lg\u0259sind\u0259, Rusiya s\u00fclhm\u0259raml\u0131lar\u0131n\u0131n m\u00fcv\u0259qq\u0259ti \u00e7\u0259tiri alt\u0131nda qalan v\u0259 bundan gen-bol yararlanaraq ip\u0259-sapa yatmayan qondarma rejimin anlad\u0131\u011f\u0131 dil bu imi\u015f&#8230;Amma b\u00fct\u00fcn bunlar\u0131n fonunda C\u0259nubi Qafqazda h\u0259l\u0259 d\u0259 daimi s\u00fclh t\u0259min olunmay\u0131b. Erm\u0259nistan\u0131n oyunpozanl\u0131\u011f\u0131 n\u0259tic\u0259sind\u0259 s\u00fclh sazi\u015finin imzalanmas\u0131 prosesi yuban\u0131r.&hellip;<\/p>\n","protected":false},"author":2,"featured_media":643855,"comment_status":"closed","ping_status":"closed","sticky":false,"template":"","format":"standard","meta":{"om_disable_all_campaigns":false,"_monsterinsights_skip_tracking":false,"_monsterinsights_sitenote_active":false,"_monsterinsights_sitenote_note":"","_monsterinsights_sitenote_category":0},"categories":[19],"tags":[],"aioseo_notices":[],"gutentor_comment":0,"rttpg_featured_image_url":{"full":["https:\/\/arantv.az\/wp-content\/uploads\/2023\/10\/169be908169694539223508398610785065.jpg",975,540,false],"landscape":["https:\/\/arantv.az\/wp-content\/uploads\/2023\/10\/169be908169694539223508398610785065.jpg",975,540,false],"portraits":["https:\/\/arantv.az\/wp-content\/uploads\/2023\/10\/169be908169694539223508398610785065.jpg",975,540,false],"thumbnail":["https:\/\/arantv.az\/wp-content\/uploads\/2023\/10\/169be908169694539223508398610785065-500x280.jpg",500,280,true],"medium":["https:\/\/arantv.az\/wp-content\/uploads\/2023\/10\/169be908169694539223508398610785065-660x365.jpg",660,365,true],"large":["https:\/\/arantv.az\/wp-content\/uploads\/2023\/10\/169be908169694539223508398610785065-840x465.jpg",640,354,true],"1536x1536":["https:\/\/arantv.az\/wp-content\/uploads\/2023\/10\/169be908169694539223508398610785065.jpg",975,540,false],"2048x2048":["https:\/\/arantv.az\/wp-content\/uploads\/2023\/10\/169be908169694539223508398610785065.jpg",975,540,false],"post-thumbnail":["https:\/\/arantv.az\/wp-content\/uploads\/2023\/10\/169be908169694539223508398610785065-240x172.jpg",240,172,true],"advps-thumb-one":["https:\/\/arantv.az\/wp-content\/uploads\/2023\/10\/169be908169694539223508398610785065.jpg",975,540,false]},"rttpg_author":{"display_name":"V\u00fcsal Rafiqo\u011flu","author_link":"https:\/\/arantv.az\/?author=2"},"rttpg_comment":0,"rttpg_category":"<a href=\"https:\/\/arantv.az\/?cat=19\" rel=\"category\">G\u00fcnd\u0259m<\/a>","rttpg_excerpt":"Fransan\u0131n Erm\u0259nistana silah verm\u0259si s\u00fclh\u0259 deyil, yeni qar\u015f\u0131durmaya xidm\u0259t ed\u0259n yana\u015fmad\u0131r Sentyabr\u0131n 19-da Az\u0259rbaycan Silahl\u0131 Q\u00fcvv\u0259l\u0259ri b\u00f6lg\u0259d\u0259 lokal xarakterli antiterror t\u0259dbirl\u0259rin\u0259 ba\u015flad\u0131 v\u0259 24 saatdan da az vaxt yetdi ki, h\u0259rbi-kriminal xunta, n\u0259hay\u0259t, otuz ild\u0259n \u00e7oxdur s\u00fcr\u0259n r\u00f6yadan ay\u0131ls\u0131n. Bir daha ayd\u0131n oldu ki, 2020-ci ilin 44 g\u00fcnl\u00fck m\u00fcharib\u0259sind\u0259n sonra Az\u0259rbaycan\u0131n Qaraba\u011f b\u00f6lg\u0259sind\u0259, Rusiya s\u00fclhm\u0259raml\u0131lar\u0131n\u0131n&hellip;","_links":{"self":[{"href":"https:\/\/arantv.az\/index.php?rest_route=\/wp\/v2\/posts\/643854"}],"collection":[{"href":"https:\/\/arantv.az\/index.php?rest_route=\/wp\/v2\/posts"}],"about":[{"href":"https:\/\/arantv.az\/index.php?rest_route=\/wp\/v2\/types\/post"}],"author":[{"embeddable":true,"href":"https:\/\/arantv.az\/index.php?rest_route=\/wp\/v2\/users\/2"}],"replies":[{"embeddable":true,"href":"https:\/\/arantv.az\/index.php?rest_route=%2Fwp%2Fv2%2Fcomments&post=643854"}],"version-history":[{"count":0,"href":"https:\/\/arantv.az\/index.php?rest_route=\/wp\/v2\/posts\/643854\/revisions"}],"wp:featuredmedia":[{"embeddable":true,"href":"https:\/\/arantv.az\/index.php?rest_route=\/wp\/v2\/media\/643855"}],"wp:attachment":[{"href":"https:\/\/arantv.az\/index.php?rest_route=%2Fwp%2Fv2%2Fmedia&parent=643854"}],"wp:term":[{"taxonomy":"category","embeddable":true,"href":"https:\/\/arantv.az\/index.php?rest_route=%2Fwp%2Fv2%2Fcategories&post=643854"},{"taxonomy":"post_tag","embeddable":true,"href":"https:\/\/arantv.az\/index.php?rest_route=%2Fwp%2Fv2%2Ftags&post=643854"}],"curies":[{"name":"wp","href":"https:\/\/api.w.org\/{rel}","templated":true}]}}