{"id":643859,"date":"2023-10-11T08:59:52","date_gmt":"2023-10-11T04:59:52","guid":{"rendered":"https:\/\/arantv.az\/?p=643859"},"modified":"2023-10-11T08:59:52","modified_gmt":"2023-10-11T04:59:52","slug":"korrupsiya-qorxulu-q%c9%99tnam%c9%99","status":"publish","type":"post","link":"https:\/\/arantv.az\/?p=643859","title":{"rendered":"Korrupsiya qo(r)xulu (q\u0259t)nam\u0259"},"content":{"rendered":"<p><em><strong>Siz avroparlamentaril\u0259r, g\u00f6zl\u0259rinizi yumaraq b\u00f6lg\u0259d\u0259ki reall\u0131qlardan tamamil\u0259 uzaq, erm\u0259ni yalan v\u0259 b\u00f6htanlar\u0131 il\u0259 dolu bu ka\u011f\u0131z par\u00e7as\u0131n\u0131 q\u0259bul etm\u0259kl\u0259 el\u0259 d\u00fc\u015f\u00fcn\u00fcrs\u00fcn\u00fczs\u0259 ki, Az\u0259rbaycan\u0131 milli maraqlar\u0131n\u0131n \u0259ksin\u0259 hans\u0131sa add\u0131m atma\u011fa m\u0259cbur ed\u0259 bil\u0259rsiniz, tamamil\u0259 yan\u0131l\u0131rs\u0131n\u0131z&#8230;<\/strong><\/em><\/p>\n<p>Bu g\u00fcn Avropa Parlamenti (AP) islamofob, Az\u0259rbaycanofob q\u00fcvv\u0259l\u0259rin, riayakar v\u0259 erm\u0259ni lobbisi qar\u015f\u0131s\u0131nda r\u0259zil durumda olan, \u0259dal\u0259td\u0259n v\u0259 beyn\u0259lxalq h\u00fcquqdan uzaq bir toplumun y\u0131\u011f\u0131ncaq yerin\u0259 \u00e7evrilib. Bu qurumun i\u015fi ancaq demokratiya \u015f\u00fcar\u0131 alt\u0131nda d\u00fc\u015fm\u0259n\u00e7ilik, iki\u00fczl\u00fcl\u00fck v\u0259 g\u0259rginlik toxumunu s\u0259pm\u0259kd\u0259n ibar\u0259tdir.<\/p>\n<p>Uzun ill\u0259rdir ki, AP-\u0131n \u00f6lk\u0259mizin inki\u015faf\u0131n\u0131 h\u0259zm ed\u0259 bilm\u0259m\u0259sinin \u015fahidiyik. Son ill\u0259r, x\u00fcsusil\u0259 \u00fc\u00e7 il \u0259vv\u0259l Erm\u0259nistan \u00fcz\u0259rind\u0259ki parlaq Q\u0259l\u0259b\u0259mizd\u0259n sonra bu qurum \u00f6lk\u0259miz\u0259 qar\u015f\u0131 qeyri-obyektiv v\u0259 \u0259dal\u0259tsiz m\u00f6vqeyini a\u00e7\u0131q \u015f\u0259kild\u0259 n\u00fcmayi\u015f etdirir. Avropa Parla\u00admenti Az\u0259rbaycan\u0131n \u00f6z \u0259razisind\u0259 h\u0259yata ke\u00e7irdiyi lokal xarakterli antiterror t\u0259dbirl\u0259ri, Qaraba\u011f b\u00f6lg\u0259sind\u0259 suverenliyimizin tam b\u0259rpa olunmas\u0131, m\u00fcnaqi\u015f\u0259nin ta\u00adrix\u0259 qovu\u015fmas\u0131 il\u0259 he\u00e7 c\u00fcr bar\u0131\u015fa bil\u00admirl\u0259r. Ona g\u00f6r\u0259 d\u0259 AP indiy\u0259d\u0259k Az\u0259rbaycana qar\u015f\u0131 selektiv m\u00f6vqe n\u00fcmayi\u015f etdirib, \u00f6lk\u0259miz\u0259 qar\u015f\u0131 b\u00f6htanlar\u0131n, iftiralar\u0131n \u0259ks olundu\u011fu \u00fcz\u0259rind\u0259 qurulan q\u0259r\u0259zli q\u0259tnam\u0259l\u0259r\u00a0 q\u0259bul edib. \u00a0Bu qurumun \u00fcz\u0259rind\u0259ki korrupsiya x\u0259cal\u0259ti il\u0259 \u00a0oktyabr\u0131n 5-d\u0259 q\u0259bul etdiyi \u201cAz\u0259rbaycan\u0131n h\u00fccumundan sonra Da\u011fl\u0131q Qaraba\u011fda v\u0259ziyy\u0259t v\u0259 Az\u0259rbaycan\u0131n Erm\u0259nistana qar\u015f\u0131 davam ed\u0259n t\u0259hdidl\u0259ri\u201d adl\u0131 m\u0259cburi q\u00fcvv\u0259y\u0259 malik olmayan sonuncu q\u0259tnam\u0259 d\u0259 Az\u0259rbaycanfob ka\u011f\u0131z par\u00e7alar\u0131ndan\u00a0 biridir.<\/p>\n<p>Q\u0259tnam\u0259d\u0259 ir\u0259li s\u00fcr\u00fcl\u0259n iddialar\u00addan f\u0259rqli olaraq, Az\u0259rbaycan h\u00f6kum\u0259ti Qaraba\u011f iqtisadi rayonunun \u0259razisind\u0259 ya\u015fayan erm\u0259ni sakinl\u0259\u00adrin Az\u0259rbaycan c\u0259miyy\u0259tin\u0259 dayan\u0131ql\u0131 reinteqrasiyas\u0131n\u0131n t\u0259min edilm\u0259si v\u0259 d\u00f6vl\u0259timizin himay\u0259sind\u0259n istifad\u0259 etm\u0259sin\u0259 imkan yarad\u0131lmas\u0131 m\u0259qs\u0259di il\u0259 burada sosi\u00adal, humanitar, iqtisadi v\u0259 infrastruktur m\u0259s\u0259l\u0259l\u0259rinin h\u0259lli istiqam\u0259tind\u0259 komp\u00adleks t\u0259dbirl\u0259r h\u0259yata ke\u00e7irir.\u00a0BMT-nin, Beyn\u0259lxalq Q\u0131rm\u0131z\u0131 Xa\u00e7 Komit\u0259sinin, BMT-nin Qa\u00e7q\u0131nlar \u00fczr\u0259 Ali Komissarl\u0131\u011f\u0131n\u0131n v\u0259 dig\u0259r beyn\u0259lxalq qurumlar\u0131n s\u0259sl\u0259ndirdikl\u0259ri b\u0259yanatlara tamamil\u0259 zidd olaraq Avropa Parla\u00admentinin b\u00f6lg\u0259d\u0259n k\u00f6n\u00fcll\u00fc getmi\u015f er\u00adm\u0259ni sakinl\u0259rin \u0259razid\u0259n zorla k\u00f6\u00e7k\u00fcn d\u00fc\u015fd\u00fcy\u00fcn\u00fc iddia etm\u0259si beyn\u0259lxalq ic\u00adtimaiyy\u0259ti \u00e7a\u015fd\u0131rmaq m\u0259qs\u0259di da\u015f\u0131y\u0131r.\u00a0Bel\u0259 absurd q\u0259tnam\u0259 Avropa Parlamentinin beyn\u0259lxalq h\u00fcquqa v\u0259 prinsipl\u0259rin\u0259 \u0259n az\u0131 h\u00f6rm\u0259tsizliyinin bariz n\u00fcmun\u0259sidir.\u00a0 Ona g\u00f6r\u0259 d\u0259 bu s\u0259n\u0259di d\u0259 \u0259vv\u0259lki s\u0259n\u0259dl\u0259r kimi tarixin zibilxanas\u0131na atmaq olar.<\/p>\n<p>\u018fslind\u0259, AP \u00f6z aqressiv v\u0259 q\u0259r\u0259zli q\u0259tnam\u0259l\u0259ri il\u0259 Erm\u0259nistan parlamentind\u0259n geri qalm\u0131r, b\u0259zi hallarda i\u015f\u011fal\u00e7\u0131 \u00f6lk\u0259d\u0259n d\u0259 ir\u0259li gedir. Mayas\u0131 siyasi riyakarl\u0131qdan, yalan v\u0259 b\u00f6htandan tutulmu\u015f Avropa Parlamenti qeyri-obyektivliyind\u0259n \u0259l \u00e7\u0259kmir, sanki erm\u0259nip\u0259r\u0259stliyind\u0259n \u201cq\u00fcrur duydu\u011funu\u201d n\u00fcmayi\u015f etdirir. S\u00f6z yox ki, AP-i \u00f6z\u00fcn\u00fcn maliyy\u0259 r\u0131\u00e7aqlar\u0131n\u0131 m\u00f6hk\u0259ml\u0259ndirm\u0259k \u00fc\u00e7\u00fcn kiml\u0259rins\u0259, x\u00fcsusil\u0259 Fransa v\u0259 erm\u0259ni lobbisinin \u0259ll\u0259rind\u0259 al\u0259t\u0259 \u00e7evrilib. Nec\u0259 dey\u0259rl\u0259r, onlar\u0131n \u00e7ald\u0131qlar\u0131 h\u0259r havaya oynay\u0131rlar. Bel\u0259 yerd\u0259 onu da yax\u015f\u0131 deyibl\u0259r ki, utanmasan oynama\u011fa n\u0259 var? ..<\/p>\n<p>Az\u0259rbaycan \u00f6z milli maraqlar\u0131n\u0131 q\u0259tiyy\u0259tli \u015f\u0259kild\u0259 qoruyur. D\u00f6vl\u0259t ba\u015f\u00e7\u0131m\u0131z\u0131n u\u011furlu h\u00fccum diplomatiyas\u0131 bu g\u00fcn \u00f6z b\u0259hr\u0259sini verir. M\u0259hz bunun n\u0259tic\u0259sidir ki, biz\u0259 qar\u015f\u0131 c\u0131z\u0131lan b\u00fct\u00fcn \u00a0m\u0259krli planlar alt-\u00fcst edilir. Milli M\u0259clisin cavab b\u0259yanat\u0131 da bu q\u0259bild\u0259ndir. Bu b\u0259yanat Avropa Parlamentinin b\u00fct\u00fcn m\u0259krli siyas\u0259tini if\u015fa etdi.<\/p>\n<p>Qarda\u015f T\u00fcrkiy\u0259 Az\u0259rbaycana qar\u015f\u0131 olan bu m\u0259s\u0259l\u0259y\u0259 d\u0259 g\u00f6z yummad\u0131. Bel\u0259 ki, T\u00fcrkiy\u0259nin Xarici \u0130\u015fl\u0259r Nazirliyi (X\u0130N) Avropa Parlamentinin q\u0259bul etdiyi q\u0259tnam\u0259 il\u0259 ba\u011fl\u0131 b\u0259yanat yay\u0131b. &#8220;Avropa Parlamentinin q\u0259bul etdiyi &#8220;Az\u0259rbaycan\u0131n h\u00fccumundan sonra &#8220;Qaraba\u011fda v\u0259ziyy\u0259t v\u0259 Az\u0259rbaycan\u0131n Erm\u0259nistana davam ed\u0259n t\u0259hdidl\u0259ri&#8221; adl\u0131 m\u0259cburi xarakter da\u015f\u0131mayan q\u0259tnam\u0259 m\u0259suliyy\u0259tsizlik, q\u0259r\u0259z, t\u0259r\u0259fke\u015flik v\u0259 m\u0259lumats\u0131zl\u0131q \u00f6rn\u0259yidir&#8221;, &#8211; dey\u0259 T\u00fcrkiy\u0259 X\u0130N bildirib.<\/p>\n<p>G\u00f6r\u00fcn\u0259n odur ki, Avropa Parlamenti sonuncu q\u0259tnam\u0259sind\u0259 Az\u0259rbaycana qar\u015f\u0131 etnik v\u0259 dini \u0259sasda ayr\u0131-se\u00e7kiliyini davam etdir\u0259r\u0259k, \u00f6lk\u0259mizin daxili i\u015fl\u0259rin\u0259 kobud m\u00fcdaxil\u0259 etmi\u015f, \u0259razi b\u00fct\u00f6vl\u00fcy\u00fcm\u00fcz\u0259 v\u0259 suverenliyimiz\u0259 q\u0259sd ed\u0259n yana\u015fma s\u0259rgil\u0259mi\u015fdir. Az\u0259rbaycan h\u00f6kum\u0259tinin Qaraba\u011f\u0131n erm\u0259ni sakinl\u0259rinin reinteqrasiyas\u0131 sah\u0259sind\u0259 t\u0259dbirl\u0259rini g\u00f6rm\u0259zd\u0259n g\u0259l\u0259n v\u0259 onlar\u0131n bir qisminin Erm\u0259nistana getm\u0259sini \u201cetnik t\u0259mizl\u0259m\u0259\u201d kimi qiym\u0259tl\u0259ndir\u0259n iki\u00fczl\u00fc parlamentaril\u0259r n\u0259d\u0259ns\u0259\u00a0 m\u0259s\u0259l\u0259 bir milyondan art\u0131q az\u0259rbaycanl\u0131n\u0131n etnik t\u0259mizl\u0259m\u0259y\u0259 m\u0259ruz qalmas\u0131na\u00a0 \u00e7atanda lal, kor v\u0259 kar\u00a0 olurlar. Qaraba\u011fdan k\u00f6\u00e7m\u00fc\u015f erm\u0259nil\u0259r \u00fc\u00e7\u00fcn qay\u0131d\u0131\u015f h\u00fcququndan, hans\u0131sa beyn\u0259lxalq mexanizmd\u0259n d\u0259m vuran AP n\u0259d\u0259ns\u0259 eyni t\u0259l\u0259bi Erm\u0259nistana qay\u0131tmal\u0131 olan az\u0259rbaycanl\u0131 qa\u00e7q\u0131nlar \u00fc\u00e7\u00fcn ir\u0259li s\u00fcrm\u00fcr.\u00a0 \u00c7\u00fcnki Az\u0259rbaycan t\u0259r\u0259fi\u00a0 avropal\u0131 parlamentaril\u0259ri\u00a0 yeml\u0259mir\u2026<\/p>\n<p>M\u0259hz bu c\u00fcr q\u0259r\u0259zli v\u0259 obyektiv\u00adlikd\u0259n uzaq f\u0259aliyy\u0259ti il\u0259 Avropa Par\u00adlamenti \u00f6z n\u00fcfuzuna sars\u0131d\u0131c\u0131 z\u0259rb\u0259 endirir, erm\u0259ni lobbisinin v\u0259 onu d\u0259st\u0259k\u00adl\u0259y\u0259n q\u00fcvv\u0259l\u0259rin \u0259lind\u0259 oyunca\u011fa \u00e7ev\u00adrildiyini g\u00f6st\u0259rir. Burada t\u0259msil olunan bir s\u0131ra deputatlar Avro\u00adpa se\u00e7icil\u0259rinin deyil, lobbi qruplar\u0131n\u0131n maraqlar\u0131n\u0131 t\u0259msil edir. Bel\u0259 davran\u0131\u015f h\u0259m d\u0259 \u015fovinizmin, ifrat sa\u011f d\u00fc\u015f\u00fcnc\u0259\u00adnin t\u0259zah\u00fcr\u00fcd\u00fcr. Bu yanl\u0131\u015f siyas\u0259ti il\u0259 AP Avropa \u0130ttifaq\u0131n\u0131n C\u0259nubi Qafqaz siyas\u0259tini t\u0259hl\u00fck\u0259 alt\u0131\u00adna at\u0131r.<\/p>\n<p>Az\u0259rbaycan bu t\u0259\u015fkilat\u0131n \u00fczv\u00fc deyil v\u0259 Avropa Parlamenti il\u0259 he\u00e7 bir \u0259m\u0259kda\u015fl\u0131\u011f\u0131 v\u0259 bu qurum qar\u015f\u0131s\u0131nda h\u0259r hans\u0131 \u00f6hd\u0259liyi yoxdur. Avropal\u0131 parlamentaril\u0259r \u00f6zl\u0259ri d\u0259 bilirl\u0259r ki, bu s\u0259n\u0259din Az\u0259rbaycan \u00fc\u00e7\u00fcn he\u00e7 bir \u0259h\u0259miyy\u0259ti yoxdur. Sad\u0259c\u0259 bu, h\u0259m d\u0259 dumanl\u0131 m\u0259qamlar, yeni r\u00fc\u015fv\u0259t v\u0259 korrupsiya fonunda erm\u0259nil\u0259r qar\u015f\u0131s\u0131nda t\u0259s\u0259lliedici add\u0131md\u0131r. Ancaq avropal\u0131 parlamentaril\u0259r \u00f6zl\u0259ri d\u0259 \u00f6nc\u0259d\u0259n bilirl\u0259r ki, h\u0259min q\u0259tnam\u0259nin realla\u015fma \u0259msal\u0131 v\u0259 d\u0259y\u0259ri el\u0259 s\u0131f\u0131ra b\u0259rab\u0259rdir. Bel\u0259 q\u0259tnam\u0259l\u0259rin m\u00fc\u0259yy\u0259n maraqlara xidm\u0259t etm\u0259si \u00f6z\u00fcn\u00fc a\u00e7\u0131q \u015f\u0259kild\u0259 b\u00fcruz\u0259 verir. Korrupsiyala\u015fm\u0131\u015f v\u0259 erm\u0259ni lobbisinin \u0259lind\u0259 al\u0259t\u0259 \u00e7evrilmi\u015f Avropa Parlamenti r\u0259hb\u0259rliyi v\u0259 \u00fczvl\u0259rinin destruktiv v\u0259 q\u0259r\u0259zli, \u00fczd\u0259niraq q\u0259tnam\u0259l\u0259ri C\u0259nubi Qafqazda yaranm\u0131\u015f yeni reall\u0131qlara mane ola bilm\u0259y\u0259c\u0259k.<\/p>\n<p>Siz avroparlamentaril\u0259r, g\u00f6zl\u0259rinizi yumaraq b\u00f6lg\u0259d\u0259ki reall\u0131qlardan tamamil\u0259 uzaq, erm\u0259ni yalan v\u0259 b\u00f6htanlar\u0131 il\u0259 dolu bu ka\u011f\u0131z par\u00e7as\u0131n\u0131 q\u0259bul etm\u0259kl\u0259 el\u0259 d\u00fc\u015f\u00fcn\u00fcrs\u00fcn\u00fczs\u0259 ki, Az\u0259rbaycan\u0131 milli maraqlar\u0131n\u0131n \u0259ksin\u0259 hans\u0131sa add\u0131m atma\u011fa m\u0259cbur ed\u0259 bil\u0259rsiniz, tamamil\u0259 yan\u0131l\u0131rs\u0131n\u0131z&#8230; \u00a0Q\u0259hr\u0259man Az\u0259rbaycan xalq\u0131, q\u00fcdr\u0259tli Az\u0259rbaycan d\u00f6vl\u0259ti sizin iyr\u0259nc v\u0259 m\u0259nfur siyas\u0259tiniz\u0259, t\u0259zyiql\u0259riniz\u0259 \u0259sla boyun \u0259ym\u0259z&#8230;Bizim haqq v\u0259 \u0259dal\u0259t u\u011frunda y\u00fcr\u00fcd\u00fcy\u00fcm\u00fcz Z\u0259f\u0259r yolumuz var v\u0259 bu yolda qar\u015f\u0131m\u0131za \u00e7\u0131xan ist\u0259nil\u0259n g\u00fcc\u00fc darmada\u011f\u0131n etm\u0259k iqtidar\u0131nday\u0131q! Haqq yolundan bizi he\u00e7 bir q\u00fcvv\u0259 d\u00f6nd\u0259rm\u0259yib, bundan sonra da d\u00f6nd\u0259r\u0259 bilm\u0259z!<\/p>\n","protected":false},"excerpt":{"rendered":"<p>Siz avroparlamentaril\u0259r, g\u00f6zl\u0259rinizi yumaraq b\u00f6lg\u0259d\u0259ki reall\u0131qlardan tamamil\u0259 uzaq, erm\u0259ni yalan v\u0259 b\u00f6htanlar\u0131 il\u0259 dolu bu ka\u011f\u0131z par\u00e7as\u0131n\u0131 q\u0259bul etm\u0259kl\u0259 el\u0259 d\u00fc\u015f\u00fcn\u00fcrs\u00fcn\u00fczs\u0259 ki, Az\u0259rbaycan\u0131 milli maraqlar\u0131n\u0131n \u0259ksin\u0259 hans\u0131sa add\u0131m atma\u011fa m\u0259cbur ed\u0259 bil\u0259rsiniz, tamamil\u0259 yan\u0131l\u0131rs\u0131n\u0131z&#8230; Bu g\u00fcn Avropa Parlamenti (AP) islamofob, Az\u0259rbaycanofob q\u00fcvv\u0259l\u0259rin, riayakar v\u0259 erm\u0259ni lobbisi qar\u015f\u0131s\u0131nda r\u0259zil durumda olan, \u0259dal\u0259td\u0259n v\u0259 beyn\u0259lxalq h\u00fcquqdan uzaq bir toplumun y\u0131\u011f\u0131ncaq yerin\u0259 \u00e7evrilib. Bu qurumun i\u015fi ancaq demokratiya \u015f\u00fcar\u0131 alt\u0131nda d\u00fc\u015fm\u0259n\u00e7ilik, iki\u00fczl\u00fcl\u00fck v\u0259 g\u0259rginlik toxumunu s\u0259pm\u0259kd\u0259n ibar\u0259tdir. Uzun ill\u0259rdir ki, AP-\u0131n \u00f6lk\u0259mizin inki\u015faf\u0131n\u0131 h\u0259zm ed\u0259 bilm\u0259m\u0259sinin \u015fahidiyik. Son ill\u0259r, x\u00fcsusil\u0259 \u00fc\u00e7 il \u0259vv\u0259l&hellip;<\/p>\n","protected":false},"author":2,"featured_media":643862,"comment_status":"closed","ping_status":"closed","sticky":false,"template":"","format":"standard","meta":{"om_disable_all_campaigns":false,"_monsterinsights_skip_tracking":false,"_monsterinsights_sitenote_active":false,"_monsterinsights_sitenote_note":"","_monsterinsights_sitenote_category":0},"categories":[1],"tags":[],"aioseo_notices":[],"gutentor_comment":0,"rttpg_featured_image_url":{"full":["https:\/\/arantv.az\/wp-content\/uploads\/2023\/10\/1548161604_4057416.jpg",975,540,false],"landscape":["https:\/\/arantv.az\/wp-content\/uploads\/2023\/10\/1548161604_4057416.jpg",975,540,false],"portraits":["https:\/\/arantv.az\/wp-content\/uploads\/2023\/10\/1548161604_4057416.jpg",975,540,false],"thumbnail":["https:\/\/arantv.az\/wp-content\/uploads\/2023\/10\/1548161604_4057416-500x280.jpg",500,280,true],"medium":["https:\/\/arantv.az\/wp-content\/uploads\/2023\/10\/1548161604_4057416-660x365.jpg",660,365,true],"large":["https:\/\/arantv.az\/wp-content\/uploads\/2023\/10\/1548161604_4057416-840x465.jpg",640,354,true],"1536x1536":["https:\/\/arantv.az\/wp-content\/uploads\/2023\/10\/1548161604_4057416.jpg",975,540,false],"2048x2048":["https:\/\/arantv.az\/wp-content\/uploads\/2023\/10\/1548161604_4057416.jpg",975,540,false],"post-thumbnail":["https:\/\/arantv.az\/wp-content\/uploads\/2023\/10\/1548161604_4057416-240x172.jpg",240,172,true],"advps-thumb-one":["https:\/\/arantv.az\/wp-content\/uploads\/2023\/10\/1548161604_4057416.jpg",975,540,false]},"rttpg_author":{"display_name":"V\u00fcsal Rafiqo\u011flu","author_link":"https:\/\/arantv.az\/?author=2"},"rttpg_comment":0,"rttpg_category":"<a href=\"https:\/\/arantv.az\/?cat=1\" rel=\"category\">C\u0259miyy\u0259t<\/a>","rttpg_excerpt":"Siz avroparlamentaril\u0259r, g\u00f6zl\u0259rinizi yumaraq b\u00f6lg\u0259d\u0259ki reall\u0131qlardan tamamil\u0259 uzaq, erm\u0259ni yalan v\u0259 b\u00f6htanlar\u0131 il\u0259 dolu bu ka\u011f\u0131z par\u00e7as\u0131n\u0131 q\u0259bul etm\u0259kl\u0259 el\u0259 d\u00fc\u015f\u00fcn\u00fcrs\u00fcn\u00fczs\u0259 ki, Az\u0259rbaycan\u0131 milli maraqlar\u0131n\u0131n \u0259ksin\u0259 hans\u0131sa add\u0131m atma\u011fa m\u0259cbur ed\u0259 bil\u0259rsiniz, tamamil\u0259 yan\u0131l\u0131rs\u0131n\u0131z&#8230; Bu g\u00fcn Avropa Parlamenti (AP) islamofob, Az\u0259rbaycanofob q\u00fcvv\u0259l\u0259rin, riayakar v\u0259 erm\u0259ni lobbisi qar\u015f\u0131s\u0131nda r\u0259zil durumda olan, \u0259dal\u0259td\u0259n v\u0259 beyn\u0259lxalq h\u00fcquqdan uzaq&hellip;","_links":{"self":[{"href":"https:\/\/arantv.az\/index.php?rest_route=\/wp\/v2\/posts\/643859"}],"collection":[{"href":"https:\/\/arantv.az\/index.php?rest_route=\/wp\/v2\/posts"}],"about":[{"href":"https:\/\/arantv.az\/index.php?rest_route=\/wp\/v2\/types\/post"}],"author":[{"embeddable":true,"href":"https:\/\/arantv.az\/index.php?rest_route=\/wp\/v2\/users\/2"}],"replies":[{"embeddable":true,"href":"https:\/\/arantv.az\/index.php?rest_route=%2Fwp%2Fv2%2Fcomments&post=643859"}],"version-history":[{"count":0,"href":"https:\/\/arantv.az\/index.php?rest_route=\/wp\/v2\/posts\/643859\/revisions"}],"wp:featuredmedia":[{"embeddable":true,"href":"https:\/\/arantv.az\/index.php?rest_route=\/wp\/v2\/media\/643862"}],"wp:attachment":[{"href":"https:\/\/arantv.az\/index.php?rest_route=%2Fwp%2Fv2%2Fmedia&parent=643859"}],"wp:term":[{"taxonomy":"category","embeddable":true,"href":"https:\/\/arantv.az\/index.php?rest_route=%2Fwp%2Fv2%2Fcategories&post=643859"},{"taxonomy":"post_tag","embeddable":true,"href":"https:\/\/arantv.az\/index.php?rest_route=%2Fwp%2Fv2%2Ftags&post=643859"}],"curies":[{"name":"wp","href":"https:\/\/api.w.org\/{rel}","templated":true}]}}