{"id":643861,"date":"2023-10-11T09:00:26","date_gmt":"2023-10-11T05:00:26","guid":{"rendered":"https:\/\/arantv.az\/?p=643861"},"modified":"2023-10-11T09:00:26","modified_gmt":"2023-10-11T05:00:26","slug":"fransanin-erm%c9%99nistani-silahlandirmasi","status":"publish","type":"post","link":"https:\/\/arantv.az\/?p=643861","title":{"rendered":"Fransan\u0131n Erm\u0259nistan\u0131 silahland\u0131rmas\u0131\u2026"},"content":{"rendered":"<p><em><strong>Bu, haylar\u0131n suriyal\u0131lar\u0131n taleyini ya\u015famas\u0131na s\u0259b\u0259b olacaq<\/strong><\/em><\/p>\n<p>Bu g\u00fcn d\u00fcnyadak\u0131 real m\u00fcnaqi\u015f\u0259l\u0259r\u0259 Fransa q\u0259d\u0259r \u0259dal\u0259tsiz, ikili standartlarla yana\u015fan ikinci bir \u00f6lk\u0259 yoxdur. Bu r\u0259zilliyin arxas\u0131nda is\u0259\u00a0 Fransa Prezidenti Emmanuel Makron v\u0259\u00a0 onun komandas\u0131 dayan\u0131r. Makronun \u0259n b\u00f6y\u00fck riyakarl\u0131\u011f\u0131 ondad\u0131r ki, tarixi cinay\u0259tl\u0259rl\u0259 dolu \u00f6lk\u0259sinin t\u00f6r\u0259tdiyi soyq\u0131rm\u0131lara g\u00f6r\u0259 \u00fczrxahl\u0131q etm\u0259k \u0259v\u0259zin\u0259, \u00f6z s\u0259rh\u0259dl\u0259rnd\u0259n min kilometrl\u0259rl\u0259 uzaqlarda, x\u00fcsusil\u0259 d\u0259 \u0130slam \u00f6lk\u0259l\u0259rind\u0259 cinay\u0259tkar siyas\u0259tini davam etdirir.<\/p>\n<p>Erm\u0259ni lobbisinin k\u00f6l\u0259sin\u0259 \u00e7evril\u0259n Makron v\u0259 \u00a0komandas\u0131 son zamanlar daha da az\u011f\u0131nla\u015faraq C\u0259nubi Qafqaz\u0131 \u00f6z inhisar\u0131na almaq ist\u0259yir. X\u00fcsusil\u0259 Erm\u0259nistan\u0131 silahland\u0131rmaqla bu b\u00f6lg\u0259d\u0259 m\u00fcharib\u0259ni yenid\u0259n alovland\u0131rma\u011fa \u00e7al\u0131\u015f\u0131r. Makronun son add\u0131mlar\u0131 g\u00f6st\u0259rir ki, bu \u00f6lk\u0259 Qafqazda s\u00fclh\u00fcn v\u0259 \u0259min-amanl\u0131\u011f\u0131n b\u0259rq\u0259rar olmas\u0131nda \u00a0q\u0259tiyy\u0259n maraql\u0131 deyil. X\u00fcsusil\u0259, Az\u0259rbaycan Ordusunun \u00a0h\u0259m \u0130kinci Qaraba\u011f m\u00fcharib\u0259sind\u0259, h\u0259m d\u0259 2023-c\u00fc ilin sentyabr\u0131n\u00a0 20-d\u0259ki h\u0259rbi q\u0259l\u0259b\u0259l\u0259ri\u00a0 il\u0259 Erm\u0259nistan bar\u0131\u015fsa da Makron bar\u0131\u015fa bilmir. Buna is\u0259 el dilind\u0259 \u00abRoma Papas\u0131ndan da art\u0131q katolik olmaq\u00bb deyilir.<\/p>\n<p>Bu g\u00fcn Erm\u0259nistandak\u0131 haylar el\u0259 bir iflas h\u0259ddind\u0259dirl\u0259r ki, onlar m\u00fcharib\u0259 etm\u0259k iqtidar\u0131nda deyill\u0259r. Ancaq Makron is\u0259 onlar\u0131 m\u0259cbur\u0259n m\u00fcharib\u0259y\u0259 s\u00fcr\u00fckl\u0259yiir. Fransan\u0131n bu xain add\u0131mlar\u0131n\u0131 q\u0131nayan\u00a0 Prezident \u0130lham \u018fliyev bildirib \u00abFransan\u0131n Erm\u0259nistana silah verm\u0259si s\u00fclh\u0259 deyil, yeni qar\u015f\u0131durmaya xidm\u0259t ed\u0259n yana\u015fmad\u0131r v\u0259 \u0259g\u0259r regionda h\u0259r hans\u0131 yeni qar\u015f\u0131durma ba\u015f ver\u0259rs\u0259, bunun s\u0259b\u0259bkar\u0131 m\u0259hz Fransa olacaq.\u00bb<\/p>\n<p>O da x\u00fcsusi vur\u011fulanmal\u0131d\u0131r ki, Avropa Parlamentind\u0259 Az\u0259rbaycana qar\u015f\u0131 q\u0259bul edil\u0259n haqs\u0131z q\u0259tnam\u0259nin t\u0259\u015f\u0259bb\u00fcskar\u0131 da Makrondur. \u00a0\u0130slamofobiyadan \u0259ziyy\u0259t \u00e7\u0259k\u0259n Avropa Parlamentind\u0259 q\u0259bul edil\u0259n bu anti-Az\u0259rbaycan q\u0259tnam\u0259 \u00a0v\u0259 orada \u0259ks olunan \u00a0fikirl\u0259r is\u0259 t\u0259bii ki bizim \u00fc\u00e7\u00fcn q\u0259buledilm\u0259zdir. Y\u0259ni, bu, he\u00e7 bir halda regionda s\u00fclh\u00fcn, sabitliyin t\u0259min olunmas\u0131na xidm\u0259t etmir. M\u0259qs\u0259d birdir: Az\u0259rbaycanla Erm\u0259nistan aras\u0131nda g\u00f6zl\u0259nil\u0259n\u00a0 s\u00fclh dan\u0131\u015f\u0131qlar\u0131n\u0131 \u00a0pozmaq v\u0259 s\u00fclh m\u00fcqavil\u0259sinin imzalanmas\u0131na h\u0259r v\u0259chl\u0259 mane olmaq.<\/p>\n<p>Bu g\u00fcnl\u0259rd\u0259 \u0130r\u0259vana s\u0259f\u0259r ed\u0259n\u00a0Fransa xarici i\u015fl\u0259r naziri Ketrin Kolonna \u00f6lk\u0259sinin \u00e7irkin plan\u0131n\u0131n mahiyy\u0259tini buradak\u0131 add\u0131mlar\u0131 il\u0259 ortaya qoydu. O, erm\u0259ni h\u0259mkar\u0131 Ararat Mirzoyanla ke\u00e7irdiyi m\u0259tbuat konfrans\u0131nda Erm\u0259nistana h\u0259rbi texnikan\u0131n ver\u0259c\u0259yini b\u0259yan edib. H\u0259tta bunun \u00fc\u00e7\u00fcn iki \u00f6lk\u0259 aras\u0131nda sazi\u015f ba\u011flama\u011f\u0131 da t\u0259klif edib. Onlar\u0131n bu m\u0259krli planlar\u0131n\u0131n bir m\u0259qs\u0259di var- C\u0259nubi Qafqaz b\u00f6lg\u0259sin\u0259 daxil olmaq. Lakin\u00a0Erm\u0259nistan birm\u0259nal\u0131 \u015f\u0259kild\u0259 anlamal\u0131d\u0131r ki, Fransan\u0131n bu r\u0259zil oyunlar\u0131 he\u00e7 d\u0259 onlar\u0131n xeyrin\u0259 deyil, \u0259ksin\u0259 haylar\u0131n sonu ola bil\u0259r.<\/p>\n<p>Fransa bu son davran\u0131\u015flar\u0131 il\u0259 h\u0259m d\u0259 d\u00fcnyaya n\u00fcmayi\u015f\u00a0 etdirm\u0259k ist\u0259yir ki, guya Rusiyan\u0131 \u00a0buradan s\u0131x\u0131\u015fd\u0131r\u0131b \u00e7\u0131xarmaqla b\u00f6lg\u0259y\u0259 s\u00fclh g\u0259tirm\u0259y\u0259 \u00e7al\u0131\u015f\u0131r. Ancaq d\u00fcnya ictimaiyy\u0259ti yaxn tarixd\u0259n d\u0259 yax\u015f\u0131 bilir ki, Fransa 30 il AT\u018fT-in ke\u00e7mi\u015f Minsk qrupunun h\u0259ms\u0259dr d\u00f6vl\u0259ti kimi bir d\u0259f\u0259 d\u0259 olsun s\u00fclh t\u0259\u015f\u0259bb\u00fcs\u00fc il\u0259 \u00e7\u0131x\u0131\u015f etm\u0259yib. \u018fksin\u0259, ortaya at\u0131lan t\u0259\u015f\u0259bb\u00fcsl\u0259rin m\u00fczakir\u0259sin\u0259 mane olub. 2020-ci ild\u0259 is\u0259 \u00f6lk\u0259miz i\u015f\u011faldak\u0131 torpaqlar\u0131n\u0131 \u00a0azad ed\u0259nd\u0259 Fransa biz\u0259 qar\u015f\u0131 \u00e7irkin b\u00f6htan kampaniyas\u0131na ba\u015flad\u0131. Eyni zamanda, h\u0259rbi \u0259m\u0259liyyatlar\u0131n dayand\u0131r\u0131lmas\u0131na \u00e7al\u0131\u015fd\u0131.<\/p>\n<p>R\u0259smi Parisin informasiya m\u0259nb\u0259l\u0259rind\u0259 qeyd olunur ki, \u0130r\u0259vana t\u0259yin edil\u0259c\u0259k yeni h\u0259rbi atta\u015fe Fransan\u0131n istehsal etdiyi \u00f6ld\u00fcr\u00fcc\u00fc silahlar\u0131n Erm\u0259nistana t\u0259dar\u00fck\u00fcn\u0259 n\u0259zar\u0259t ed\u0259c\u0259k. Erm\u0259nistana \u00f6ld\u00fcr\u00fcc\u00fc silahlar\u0131n t\u0259dar\u00fck\u00fc il\u0259 ba\u011fl\u0131 h\u0259rbi-siyasi q\u0259rar birba\u015fa Fransa Prezidenti Emmanuel Makron t\u0259r\u0259find\u0259n verilib. B\u00fct\u00fcn hallarda Frasan\u0131n bu anormal add\u0131mlar\u0131 Erm\u0259nistana yax\u015f\u0131 he\u00e7 n\u0259\u00a0 v\u0259d etmir. G\u00f6r\u00fcn\u0259n odur ki, Erm\u0259nistan regional g\u00fccl\u0259rin h\u0259rbi poliqonuna \u00e7evrilm\u0259kl\u0259 Suriyan\u0131n taleyini ya\u015fayacaq. T\u0259bii ki, b\u00fct\u00fcn bunlar\u0131n is\u0259 m\u0259suliyy\u0259ti\u00a0 tam olaraq Makronun \u00fcz\u0259rind\u0259dir.<\/p>\n<p>\u018fn ac\u0131nacaql\u0131s\u0131\u00a0 odur ki, Avropa \u00f6lk\u0259l\u0259ri v\u0259 beyn\u0259lxalq t\u0259\u015fkilatlar h\u0259l\u0259 d\u0259 Fransan\u0131n \u00e7irkin planlar\u0131na, q\u0259rarlar\u0131na s\u0259ssiz qal\u0131blar. H\u0259l\u0259 bu azm\u0131\u015f kimi, Makronun\u00a0 t\u0259\u015f\u0259bb\u00fcs\u00fc il\u0259 Az\u0259rbaycana qar\u015f\u0131 b\u0259dnam q\u0259tnam\u0259nin q\u0259buluna s\u0259s verirl\u0259r. O da m\u0259lumdur ki, Avropa \u0130ttifaq\u0131n\u0131n apar\u0131c\u0131 \u00f6lk\u0259l\u0259rind\u0259n birinin- Fransan\u0131n \u00f6ld\u00fcr\u00fcc\u00fc silahlar t\u0259dar\u00fck etm\u0259si \u00a0\u00dcmumavropa s\u00fclh siyas\u0259tinin kobud \u015f\u0259kild\u0259 pozulmas\u0131d\u0131r.<\/p>\n","protected":false},"excerpt":{"rendered":"<p>Bu, haylar\u0131n suriyal\u0131lar\u0131n taleyini ya\u015famas\u0131na s\u0259b\u0259b olacaq Bu g\u00fcn d\u00fcnyadak\u0131 real m\u00fcnaqi\u015f\u0259l\u0259r\u0259 Fransa q\u0259d\u0259r \u0259dal\u0259tsiz, ikili standartlarla yana\u015fan ikinci bir \u00f6lk\u0259 yoxdur. Bu r\u0259zilliyin arxas\u0131nda is\u0259\u00a0 Fransa Prezidenti Emmanuel Makron v\u0259\u00a0 onun komandas\u0131 dayan\u0131r. Makronun \u0259n b\u00f6y\u00fck riyakarl\u0131\u011f\u0131 ondad\u0131r ki, tarixi cinay\u0259tl\u0259rl\u0259 dolu \u00f6lk\u0259sinin t\u00f6r\u0259tdiyi soyq\u0131rm\u0131lara g\u00f6r\u0259 \u00fczrxahl\u0131q etm\u0259k \u0259v\u0259zin\u0259, \u00f6z s\u0259rh\u0259dl\u0259rnd\u0259n min kilometrl\u0259rl\u0259 uzaqlarda, x\u00fcsusil\u0259 d\u0259 \u0130slam \u00f6lk\u0259l\u0259rind\u0259 cinay\u0259tkar siyas\u0259tini davam etdirir. Erm\u0259ni lobbisinin k\u00f6l\u0259sin\u0259 \u00e7evril\u0259n Makron v\u0259 \u00a0komandas\u0131 son zamanlar daha da az\u011f\u0131nla\u015faraq C\u0259nubi Qafqaz\u0131 \u00f6z inhisar\u0131na almaq ist\u0259yir. X\u00fcsusil\u0259 Erm\u0259nistan\u0131 silahland\u0131rmaqla bu b\u00f6lg\u0259d\u0259 m\u00fcharib\u0259ni yenid\u0259n alovland\u0131rma\u011fa \u00e7al\u0131\u015f\u0131r.&hellip;<\/p>\n","protected":false},"author":2,"featured_media":643865,"comment_status":"closed","ping_status":"closed","sticky":false,"template":"","format":"standard","meta":{"om_disable_all_campaigns":false,"_monsterinsights_skip_tracking":false,"_monsterinsights_sitenote_active":false,"_monsterinsights_sitenote_note":"","_monsterinsights_sitenote_category":0},"categories":[19],"tags":[],"aioseo_notices":[],"gutentor_comment":0,"rttpg_featured_image_url":{"full":["https:\/\/arantv.az\/wp-content\/uploads\/2023\/10\/0a66e17d169694825723287076510413424.jpg",975,540,false],"landscape":["https:\/\/arantv.az\/wp-content\/uploads\/2023\/10\/0a66e17d169694825723287076510413424.jpg",975,540,false],"portraits":["https:\/\/arantv.az\/wp-content\/uploads\/2023\/10\/0a66e17d169694825723287076510413424.jpg",975,540,false],"thumbnail":["https:\/\/arantv.az\/wp-content\/uploads\/2023\/10\/0a66e17d169694825723287076510413424-500x280.jpg",500,280,true],"medium":["https:\/\/arantv.az\/wp-content\/uploads\/2023\/10\/0a66e17d169694825723287076510413424-660x365.jpg",660,365,true],"large":["https:\/\/arantv.az\/wp-content\/uploads\/2023\/10\/0a66e17d169694825723287076510413424-840x465.jpg",640,354,true],"1536x1536":["https:\/\/arantv.az\/wp-content\/uploads\/2023\/10\/0a66e17d169694825723287076510413424.jpg",975,540,false],"2048x2048":["https:\/\/arantv.az\/wp-content\/uploads\/2023\/10\/0a66e17d169694825723287076510413424.jpg",975,540,false],"post-thumbnail":["https:\/\/arantv.az\/wp-content\/uploads\/2023\/10\/0a66e17d169694825723287076510413424-240x172.jpg",240,172,true],"advps-thumb-one":["https:\/\/arantv.az\/wp-content\/uploads\/2023\/10\/0a66e17d169694825723287076510413424.jpg",975,540,false]},"rttpg_author":{"display_name":"V\u00fcsal Rafiqo\u011flu","author_link":"https:\/\/arantv.az\/?author=2"},"rttpg_comment":0,"rttpg_category":"<a href=\"https:\/\/arantv.az\/?cat=19\" rel=\"category\">G\u00fcnd\u0259m<\/a>","rttpg_excerpt":"Bu, haylar\u0131n suriyal\u0131lar\u0131n taleyini ya\u015famas\u0131na s\u0259b\u0259b olacaq Bu g\u00fcn d\u00fcnyadak\u0131 real m\u00fcnaqi\u015f\u0259l\u0259r\u0259 Fransa q\u0259d\u0259r \u0259dal\u0259tsiz, ikili standartlarla yana\u015fan ikinci bir \u00f6lk\u0259 yoxdur. Bu r\u0259zilliyin arxas\u0131nda is\u0259\u00a0 Fransa Prezidenti Emmanuel Makron v\u0259\u00a0 onun komandas\u0131 dayan\u0131r. Makronun \u0259n b\u00f6y\u00fck riyakarl\u0131\u011f\u0131 ondad\u0131r ki, tarixi cinay\u0259tl\u0259rl\u0259 dolu \u00f6lk\u0259sinin t\u00f6r\u0259tdiyi soyq\u0131rm\u0131lara g\u00f6r\u0259 \u00fczrxahl\u0131q etm\u0259k \u0259v\u0259zin\u0259, \u00f6z s\u0259rh\u0259dl\u0259rnd\u0259n min kilometrl\u0259rl\u0259 uzaqlarda,&hellip;","_links":{"self":[{"href":"https:\/\/arantv.az\/index.php?rest_route=\/wp\/v2\/posts\/643861"}],"collection":[{"href":"https:\/\/arantv.az\/index.php?rest_route=\/wp\/v2\/posts"}],"about":[{"href":"https:\/\/arantv.az\/index.php?rest_route=\/wp\/v2\/types\/post"}],"author":[{"embeddable":true,"href":"https:\/\/arantv.az\/index.php?rest_route=\/wp\/v2\/users\/2"}],"replies":[{"embeddable":true,"href":"https:\/\/arantv.az\/index.php?rest_route=%2Fwp%2Fv2%2Fcomments&post=643861"}],"version-history":[{"count":0,"href":"https:\/\/arantv.az\/index.php?rest_route=\/wp\/v2\/posts\/643861\/revisions"}],"wp:featuredmedia":[{"embeddable":true,"href":"https:\/\/arantv.az\/index.php?rest_route=\/wp\/v2\/media\/643865"}],"wp:attachment":[{"href":"https:\/\/arantv.az\/index.php?rest_route=%2Fwp%2Fv2%2Fmedia&parent=643861"}],"wp:term":[{"taxonomy":"category","embeddable":true,"href":"https:\/\/arantv.az\/index.php?rest_route=%2Fwp%2Fv2%2Fcategories&post=643861"},{"taxonomy":"post_tag","embeddable":true,"href":"https:\/\/arantv.az\/index.php?rest_route=%2Fwp%2Fv2%2Ftags&post=643861"}],"curies":[{"name":"wp","href":"https:\/\/api.w.org\/{rel}","templated":true}]}}