{"id":64402,"date":"2019-06-05T12:24:37","date_gmt":"2019-06-05T09:24:37","guid":{"rendered":"http:\/\/arantv.az\/?p=64402"},"modified":"2019-06-05T12:24:37","modified_gmt":"2019-06-05T09:24:37","slug":"az%c9%99rbaycanda-z%c9%99lz%c9%99l%c9%99-olub-2","status":"publish","type":"post","link":"https:\/\/arantv.az\/?p=64402","title":{"rendered":"Az\u0259rbaycanda z\u0259lz\u0259l\u0259 olub"},"content":{"rendered":"<p>Zaqatala rayonunda z\u0259lz\u0259l\u0259 olub.<\/p>\n<p>Bu bar\u0259d\u0259 Az\u0259rbaycan Milli Elml\u0259r Akademiyas\u0131 n\u0259zdind\u0259\u00a0<strong>Respublika Seysmoloji Xidm\u0259t M\u0259rk\u0259zi\u00a0<\/strong>m\u0259lumat yay\u0131b.<\/p>\n<div id=\"AdviadNativeVideo0\" class=\"AdviadNativeVideo\"><\/div>\n<p>\u0130lkin m\u0259lumatlara\u00a0g\u00f6r\u0259, z\u0259lz\u0259l\u0259 yerli vaxtla saat 11:25-d\u0259 Zaqatala \u0259razisind\u0259 qeyd\u0259 al\u0131n\u0131b.<\/p>\n<p>Z\u0259lz\u0259l\u0259 hiss olunmay\u0131b.<\/p>\n<p>Qeyd ed\u0259k ki, Az\u0259rbaycan seysmik bax\u0131mdan aktiv zonad\u0131r. \u00d6lk\u0259 \u0259razisind\u0259 \u015eimal, \u015eimal-q\u0259rb zonas\u0131, X\u0259z\u0259r d\u0259nizi, \u015eamax\u0131-\u0130smay\u0131ll\u0131 \u0259razisi, x\u00fcsusi il\u0259 d\u0259 c\u0259nubda Tal\u0131\u015f da\u011fl\u0131q hiss\u0259si seysmik aktiv b\u00f6lg\u0259l\u0259rd\u0259 yerl\u0259\u015fir.<\/p>\n","protected":false},"excerpt":{"rendered":"<p>Zaqatala rayonunda z\u0259lz\u0259l\u0259 olub. Bu bar\u0259d\u0259 Az\u0259rbaycan Milli Elml\u0259r Akademiyas\u0131 n\u0259zdind\u0259\u00a0Respublika Seysmoloji Xidm\u0259t M\u0259rk\u0259zi\u00a0m\u0259lumat yay\u0131b. \u0130lkin m\u0259lumatlara\u00a0g\u00f6r\u0259, z\u0259lz\u0259l\u0259 yerli vaxtla saat 11:25-d\u0259 Zaqatala \u0259razisind\u0259 qeyd\u0259 al\u0131n\u0131b. Z\u0259lz\u0259l\u0259 hiss olunmay\u0131b. Qeyd ed\u0259k ki, Az\u0259rbaycan seysmik bax\u0131mdan aktiv zonad\u0131r. \u00d6lk\u0259 \u0259razisind\u0259 \u015eimal, \u015eimal-q\u0259rb zonas\u0131, X\u0259z\u0259r d\u0259nizi, \u015eamax\u0131-\u0130smay\u0131ll\u0131 \u0259razisi, x\u00fcsusi il\u0259 d\u0259 c\u0259nubda Tal\u0131\u015f da\u011fl\u0131q hiss\u0259si seysmik aktiv b\u00f6lg\u0259l\u0259rd\u0259 yerl\u0259\u015fir.<\/p>\n","protected":false},"author":2,"featured_media":64403,"comment_status":"closed","ping_status":"closed","sticky":false,"template":"","format":"standard","meta":{"om_disable_all_campaigns":false,"_monsterinsights_skip_tracking":false,"_monsterinsights_sitenote_active":false,"_monsterinsights_sitenote_note":"","_monsterinsights_sitenote_category":0},"categories":[1],"tags":[],"aioseo_notices":[],"gutentor_comment":0,"rttpg_featured_image_url":{"full":["https:\/\/arantv.az\/wp-content\/uploads\/2019\/06\/zelzele-1.jpg",620,438,false],"landscape":["https:\/\/arantv.az\/wp-content\/uploads\/2019\/06\/zelzele-1.jpg",620,438,false],"portraits":["https:\/\/arantv.az\/wp-content\/uploads\/2019\/06\/zelzele-1.jpg",620,438,false],"thumbnail":["https:\/\/arantv.az\/wp-content\/uploads\/2019\/06\/zelzele-1-150x150.jpg",150,150,true],"medium":["https:\/\/arantv.az\/wp-content\/uploads\/2019\/06\/zelzele-1-300x212.jpg",300,212,true],"large":["https:\/\/arantv.az\/wp-content\/uploads\/2019\/06\/zelzele-1.jpg",620,438,false],"1536x1536":["https:\/\/arantv.az\/wp-content\/uploads\/2019\/06\/zelzele-1.jpg",620,438,false],"2048x2048":["https:\/\/arantv.az\/wp-content\/uploads\/2019\/06\/zelzele-1.jpg",620,438,false],"post-thumbnail":["https:\/\/arantv.az\/wp-content\/uploads\/2019\/06\/zelzele-1-240x172.jpg",240,172,true],"advps-thumb-one":["https:\/\/arantv.az\/wp-content\/uploads\/2019\/06\/zelzele-1.jpg",620,438,false]},"rttpg_author":{"display_name":"V\u00fcsal Rafiqo\u011flu","author_link":"https:\/\/arantv.az\/?author=2"},"rttpg_comment":0,"rttpg_category":"<a href=\"https:\/\/arantv.az\/?cat=1\" rel=\"category\">C\u0259miyy\u0259t<\/a>","rttpg_excerpt":"Zaqatala rayonunda z\u0259lz\u0259l\u0259 olub. Bu bar\u0259d\u0259 Az\u0259rbaycan Milli Elml\u0259r Akademiyas\u0131 n\u0259zdind\u0259\u00a0Respublika Seysmoloji Xidm\u0259t M\u0259rk\u0259zi\u00a0m\u0259lumat yay\u0131b. \u0130lkin m\u0259lumatlara\u00a0g\u00f6r\u0259, z\u0259lz\u0259l\u0259 yerli vaxtla saat 11:25-d\u0259 Zaqatala \u0259razisind\u0259 qeyd\u0259 al\u0131n\u0131b. Z\u0259lz\u0259l\u0259 hiss olunmay\u0131b. Qeyd ed\u0259k ki, Az\u0259rbaycan seysmik bax\u0131mdan aktiv zonad\u0131r. \u00d6lk\u0259 \u0259razisind\u0259 \u015eimal, \u015eimal-q\u0259rb zonas\u0131, X\u0259z\u0259r d\u0259nizi, \u015eamax\u0131-\u0130smay\u0131ll\u0131 \u0259razisi, x\u00fcsusi il\u0259 d\u0259 c\u0259nubda Tal\u0131\u015f da\u011fl\u0131q hiss\u0259si seysmik aktiv&hellip;","_links":{"self":[{"href":"https:\/\/arantv.az\/index.php?rest_route=\/wp\/v2\/posts\/64402"}],"collection":[{"href":"https:\/\/arantv.az\/index.php?rest_route=\/wp\/v2\/posts"}],"about":[{"href":"https:\/\/arantv.az\/index.php?rest_route=\/wp\/v2\/types\/post"}],"author":[{"embeddable":true,"href":"https:\/\/arantv.az\/index.php?rest_route=\/wp\/v2\/users\/2"}],"replies":[{"embeddable":true,"href":"https:\/\/arantv.az\/index.php?rest_route=%2Fwp%2Fv2%2Fcomments&post=64402"}],"version-history":[{"count":0,"href":"https:\/\/arantv.az\/index.php?rest_route=\/wp\/v2\/posts\/64402\/revisions"}],"wp:featuredmedia":[{"embeddable":true,"href":"https:\/\/arantv.az\/index.php?rest_route=\/wp\/v2\/media\/64403"}],"wp:attachment":[{"href":"https:\/\/arantv.az\/index.php?rest_route=%2Fwp%2Fv2%2Fmedia&parent=64402"}],"wp:term":[{"taxonomy":"category","embeddable":true,"href":"https:\/\/arantv.az\/index.php?rest_route=%2Fwp%2Fv2%2Fcategories&post=64402"},{"taxonomy":"post_tag","embeddable":true,"href":"https:\/\/arantv.az\/index.php?rest_route=%2Fwp%2Fv2%2Ftags&post=64402"}],"curies":[{"name":"wp","href":"https:\/\/api.w.org\/{rel}","templated":true}]}}