{"id":64420,"date":"2019-06-05T13:18:21","date_gmt":"2019-06-05T10:18:21","guid":{"rendered":"http:\/\/arantv.az\/?p=64420"},"modified":"2019-06-05T13:18:21","modified_gmt":"2019-06-05T10:18:21","slug":"seyx-iftar-sufr%c9%99si-%c9%99slind%c9%99-ehtiyaci-olanlar-ucundur","status":"publish","type":"post","link":"https:\/\/arantv.az\/?p=64420","title":{"rendered":"\u015eeyx: \u0130ftar s\u00fcfr\u0259si \u0259slind\u0259 ehtiyac\u0131 olanlar \u00fc\u00e7\u00fcnd\u00fcr"},"content":{"rendered":"<p>Prezident \u0130lham \u018fliyevin, b\u00fct\u00fcn dinl\u0259rin n\u00fcmay\u0259nd\u0259l\u0259rinin v\u0259 xarici d\u00f6vl\u0259tl\u0259rin diplomatlar\u0131n\u0131n\u00a0iftar m\u0259clisl\u0259rind\u0259 i\u015ftirak etm\u0259si d\u00fcnyaya Az\u0259rbaycanda olan tolerantl\u0131\u011f\u0131\u00a0g\u00f6st\u0259rib.<\/p>\n<p><strong>ARANTV.AZ<\/strong>-\u0131n m\u0259lumat\u0131na g\u00f6r\u0259, bunu Qafqaz M\u00fcs\u0259lmanlar\u0131 \u0130dar\u0259sinin s\u0259dri Allah\u015f\u00fck\u00fcr Pa\u015fazad\u0259 jurnalistl\u0259r\u0259 a\u00e7\u0131qlamas\u0131nda bildirib.<\/p>\n<p>QM\u0130 s\u0259dri qeyd edib ki, \u0130ftar s\u00fcfr\u0259si Allah\u0131n m\u0259rh\u0259m\u0259tinin bir n\u00f6v\u00fcd\u00fcr:<\/p>\n<p>\u201c\u0130ftar s\u00fcfr\u0259si \u0259slind\u0259 ehtiyac\u0131 olanlar \u00fc\u00e7\u00fcnd\u00fcr. Az\u0259rbaycan\u0131n Birinci vitse-prezidenti Mehriban \u018fliyevan\u0131n iftar s\u00fcfr\u0259l\u0259rind\u0259 i\u015ftirak etm\u0259si v\u0259 iftar verilm\u0259si o dem\u0259kdir ki, d\u00f6vl\u0259t \u00f6z m\u0259d\u0259niyy\u0259tin\u0259, \u00f6z dinin\u0259, \u0259qid\u0259sin\u0259, milli \u0259n\u0259n\u0259sin\u0259 sadiqdir, bu, davam edir v\u0259 bunu inki\u015faf etdirir. Ona g\u00f6r\u0259 d\u00f6vl\u0259t\u0259 dindarlar ad\u0131ndan t\u0259\u015f\u0259kk\u00fcr\u00fcm\u00fcz\u00fc bildiririk\u201d.oxu.az<\/p>\n","protected":false},"excerpt":{"rendered":"<p>Prezident \u0130lham \u018fliyevin, b\u00fct\u00fcn dinl\u0259rin n\u00fcmay\u0259nd\u0259l\u0259rinin v\u0259 xarici d\u00f6vl\u0259tl\u0259rin diplomatlar\u0131n\u0131n\u00a0iftar m\u0259clisl\u0259rind\u0259 i\u015ftirak etm\u0259si d\u00fcnyaya Az\u0259rbaycanda olan tolerantl\u0131\u011f\u0131\u00a0g\u00f6st\u0259rib. ARANTV.AZ-\u0131n m\u0259lumat\u0131na g\u00f6r\u0259, bunu Qafqaz M\u00fcs\u0259lmanlar\u0131 \u0130dar\u0259sinin s\u0259dri Allah\u015f\u00fck\u00fcr Pa\u015fazad\u0259 jurnalistl\u0259r\u0259 a\u00e7\u0131qlamas\u0131nda bildirib. QM\u0130 s\u0259dri qeyd edib ki, \u0130ftar s\u00fcfr\u0259si Allah\u0131n m\u0259rh\u0259m\u0259tinin bir n\u00f6v\u00fcd\u00fcr: \u201c\u0130ftar s\u00fcfr\u0259si \u0259slind\u0259 ehtiyac\u0131 olanlar \u00fc\u00e7\u00fcnd\u00fcr. Az\u0259rbaycan\u0131n Birinci vitse-prezidenti Mehriban \u018fliyevan\u0131n iftar s\u00fcfr\u0259l\u0259rind\u0259 i\u015ftirak etm\u0259si v\u0259 iftar verilm\u0259si o dem\u0259kdir ki, d\u00f6vl\u0259t \u00f6z m\u0259d\u0259niyy\u0259tin\u0259, \u00f6z dinin\u0259, \u0259qid\u0259sin\u0259, milli \u0259n\u0259n\u0259sin\u0259 sadiqdir, bu, davam edir v\u0259 bunu inki\u015faf etdirir. Ona g\u00f6r\u0259 d\u00f6vl\u0259t\u0259 dindarlar ad\u0131ndan t\u0259\u015f\u0259kk\u00fcr\u00fcm\u00fcz\u00fc bildiririk\u201d.oxu.az<\/p>\n","protected":false},"author":2,"featured_media":64421,"comment_status":"closed","ping_status":"closed","sticky":false,"template":"","format":"standard","meta":{"om_disable_all_campaigns":false,"_monsterinsights_skip_tracking":false,"_monsterinsights_sitenote_active":false,"_monsterinsights_sitenote_note":"","_monsterinsights_sitenote_category":0},"categories":[1],"tags":[],"aioseo_notices":[],"gutentor_comment":0,"rttpg_featured_image_url":{"full":["https:\/\/arantv.az\/wp-content\/uploads\/2019\/06\/seyxx.jpg",620,412,false],"landscape":["https:\/\/arantv.az\/wp-content\/uploads\/2019\/06\/seyxx.jpg",620,412,false],"portraits":["https:\/\/arantv.az\/wp-content\/uploads\/2019\/06\/seyxx.jpg",620,412,false],"thumbnail":["https:\/\/arantv.az\/wp-content\/uploads\/2019\/06\/seyxx-150x150.jpg",150,150,true],"medium":["https:\/\/arantv.az\/wp-content\/uploads\/2019\/06\/seyxx-300x199.jpg",300,199,true],"large":["https:\/\/arantv.az\/wp-content\/uploads\/2019\/06\/seyxx.jpg",620,412,false],"1536x1536":["https:\/\/arantv.az\/wp-content\/uploads\/2019\/06\/seyxx.jpg",620,412,false],"2048x2048":["https:\/\/arantv.az\/wp-content\/uploads\/2019\/06\/seyxx.jpg",620,412,false],"post-thumbnail":["https:\/\/arantv.az\/wp-content\/uploads\/2019\/06\/seyxx-240x172.jpg",240,172,true],"advps-thumb-one":["https:\/\/arantv.az\/wp-content\/uploads\/2019\/06\/seyxx.jpg",620,412,false]},"rttpg_author":{"display_name":"V\u00fcsal Rafiqo\u011flu","author_link":"https:\/\/arantv.az\/?author=2"},"rttpg_comment":0,"rttpg_category":"<a href=\"https:\/\/arantv.az\/?cat=1\" rel=\"category\">C\u0259miyy\u0259t<\/a>","rttpg_excerpt":"Prezident \u0130lham \u018fliyevin, b\u00fct\u00fcn dinl\u0259rin n\u00fcmay\u0259nd\u0259l\u0259rinin v\u0259 xarici d\u00f6vl\u0259tl\u0259rin diplomatlar\u0131n\u0131n\u00a0iftar m\u0259clisl\u0259rind\u0259 i\u015ftirak etm\u0259si d\u00fcnyaya Az\u0259rbaycanda olan tolerantl\u0131\u011f\u0131\u00a0g\u00f6st\u0259rib. ARANTV.AZ-\u0131n m\u0259lumat\u0131na g\u00f6r\u0259, bunu Qafqaz M\u00fcs\u0259lmanlar\u0131 \u0130dar\u0259sinin s\u0259dri Allah\u015f\u00fck\u00fcr Pa\u015fazad\u0259 jurnalistl\u0259r\u0259 a\u00e7\u0131qlamas\u0131nda bildirib. QM\u0130 s\u0259dri qeyd edib ki, \u0130ftar s\u00fcfr\u0259si Allah\u0131n m\u0259rh\u0259m\u0259tinin bir n\u00f6v\u00fcd\u00fcr: \u201c\u0130ftar s\u00fcfr\u0259si \u0259slind\u0259 ehtiyac\u0131 olanlar \u00fc\u00e7\u00fcnd\u00fcr. Az\u0259rbaycan\u0131n Birinci vitse-prezidenti Mehriban \u018fliyevan\u0131n iftar s\u00fcfr\u0259l\u0259rind\u0259 i\u015ftirak&hellip;","_links":{"self":[{"href":"https:\/\/arantv.az\/index.php?rest_route=\/wp\/v2\/posts\/64420"}],"collection":[{"href":"https:\/\/arantv.az\/index.php?rest_route=\/wp\/v2\/posts"}],"about":[{"href":"https:\/\/arantv.az\/index.php?rest_route=\/wp\/v2\/types\/post"}],"author":[{"embeddable":true,"href":"https:\/\/arantv.az\/index.php?rest_route=\/wp\/v2\/users\/2"}],"replies":[{"embeddable":true,"href":"https:\/\/arantv.az\/index.php?rest_route=%2Fwp%2Fv2%2Fcomments&post=64420"}],"version-history":[{"count":0,"href":"https:\/\/arantv.az\/index.php?rest_route=\/wp\/v2\/posts\/64420\/revisions"}],"wp:featuredmedia":[{"embeddable":true,"href":"https:\/\/arantv.az\/index.php?rest_route=\/wp\/v2\/media\/64421"}],"wp:attachment":[{"href":"https:\/\/arantv.az\/index.php?rest_route=%2Fwp%2Fv2%2Fmedia&parent=64420"}],"wp:term":[{"taxonomy":"category","embeddable":true,"href":"https:\/\/arantv.az\/index.php?rest_route=%2Fwp%2Fv2%2Fcategories&post=64420"},{"taxonomy":"post_tag","embeddable":true,"href":"https:\/\/arantv.az\/index.php?rest_route=%2Fwp%2Fv2%2Ftags&post=64420"}],"curies":[{"name":"wp","href":"https:\/\/api.w.org\/{rel}","templated":true}]}}