{"id":64438,"date":"2019-06-05T13:47:05","date_gmt":"2019-06-05T10:47:05","guid":{"rendered":"http:\/\/arantv.az\/?p=64438"},"modified":"2019-06-05T13:47:05","modified_gmt":"2019-06-05T10:47:05","slug":"m%c9%99hk%c9%99m%c9%99nin-q%c9%99rari-erm%c9%99nistana-novb%c9%99ti-agir-z%c9%99rb%c9%99dir-mill%c9%99t-v%c9%99kili","status":"publish","type":"post","link":"https:\/\/arantv.az\/?p=64438","title":{"rendered":"M\u0259hk\u0259m\u0259nin q\u0259rar\u0131 Erm\u0259nistana n\u00f6vb\u0259ti a\u011f\u0131r z\u0259rb\u0259dir &#8211; Mill\u0259t v\u0259kili"},"content":{"rendered":"<p><strong>Fransa m\u0259hk\u0259m\u0259sinin \u00e7\u0131xard\u0131\u011f\u0131 q\u0259rar Erm\u0259nistan\u0131n Da\u011fl\u0131q Qaraba\u011fdak\u0131 separat\u00e7\u0131 rejimi legitiml\u0259\u015fdirm\u0259k c\u0259hdl\u0259rin\u0259 n\u00f6vb\u0259ti a\u011f\u0131r z\u0259rb\u0259dir.<\/strong><\/p>\n<p><strong>ARANTV.AZ<\/strong> trend-\u0259 istinad\u0259n bildirir ki,\u00a0bunu Milli M\u0259clisin deputat\u0131, Az\u0259rbaycan\u0131n A\u015e PA-dak\u0131 n\u00fcmay\u0259nd\u0259 hey\u0259tinin v\u0259 Az\u0259rbaycan-Fransa parlamentl\u0259raras\u0131 \u0259laq\u0259l\u0259r \u00fczr\u0259 i\u015f\u00e7i qrupunun \u00fczv\u00fc\u00a0<strong>Sahib\u0259 Qafarova<\/strong>\u00a0deyib.<\/p>\n<p>Deputat qeyd edib ki, Fransa inzibati m\u0259hk\u0259m\u0259sinin bu \u00f6lk\u0259nin Arnuvill \u015f\u0259h\u0259ri il\u0259 Az\u0259rbaycan\u0131n i\u015f\u011fal alt\u0131nda olan Xocav\u0259nd rayonu aras\u0131nda imzalanm\u0131\u015f &#8220;Dostluq haqq\u0131nda xartiya&#8221;n\u0131 iyunun 4-d\u0259 l\u0259\u011fv etm\u0259si v\u0259 m\u0259hk\u0259m\u0259nin 2018-ci il oktyabr\u0131n 22-d\u0259 imzalanm\u0131\u015f &#8220;s\u0259n\u0259d&#8221;in qeyri-qanuni imzaland\u0131\u011f\u0131, he\u00e7 bir h\u00fcquqi q\u00fcvv\u0259 da\u015f\u0131mad\u0131\u011f\u0131 v\u0259 Fransan\u0131n beyn\u0259lxalq \u00f6hd\u0259likl\u0259rin\u0259 zidd olmas\u0131 bar\u0259d\u0259 q\u0259rar\u0131 erm\u0259nil\u0259rin qanunsuz f\u0259aliyy\u0259tin\u0259 veril\u0259n layiqli h\u00fcquqi qiym\u0259tdir.<\/p>\n<p>Mill\u0259t v\u0259kili xat\u0131rlad\u0131b ki, Erm\u0259nistan i\u015f\u011fal etdiyi Az\u0259rbaycan \u0259razil\u0259rind\u0259 yaratd\u0131\u011f\u0131 separat\u00e7\u0131 cinay\u0259tkar rejimin t\u0259bli\u011fi v\u0259 onun legitiml\u0259\u015fdirilm\u0259si m\u0259qs\u0259dil\u0259 bir s\u0131ra s\u0259yl\u0259r g\u00f6st\u0259rir: &#8220;B\u0259zi \u00f6lk\u0259l\u0259rin m\u00fcxt\u0259lif \u015f\u0259h\u0259rl\u0259ri il\u0259 \u0259m\u0259kda\u015fl\u0131q qurulmas\u0131, telemarafonlar\u0131n v\u0259 yard\u0131m kampaniyalar\u0131n\u0131n, qeyri-qanuni s\u0259f\u0259rl\u0259rin t\u0259\u015fkili Erm\u0259nistan hakimiyy\u0259tinin bu niyy\u0259tin\u0259 xidm\u0259t ed\u0259n qanunsuz add\u0131mlard\u0131r. T\u0259bii ki, i\u015f\u011fal\u00e7\u0131 d\u00f6vl\u0259tin bu istiqam\u0259td\u0259 g\u00f6st\u0259rdiyi b\u00fct\u00fcn c\u0259hdl\u0259rin he\u00e7 bir h\u00fcquqi \u0259sas\u0131 yoxdur v\u0259 buna g\u00f6r\u0259 d\u0259 d\u00fcnya d\u00f6vl\u0259tl\u0259ri v\u0259 \u0259ks\u0259r beyn\u0259lxalq t\u0259\u015fkilatlar t\u0259r\u0259find\u0259n ciddi qar\u015f\u0131lanm\u0131r. \u018fksin\u0259, Erm\u0259nistan\u0131n qon\u015fu d\u00f6vl\u0259tin \u0259razi b\u00fct\u00f6vl\u00fcy\u00fcn\u0259, regional t\u0259hl\u00fck\u0259sizliy\u0259 yaratd\u0131\u011f\u0131 t\u0259hdidl\u0259r ciddi \u015f\u0259kild\u0259 q\u0131nan\u0131r. Fransa m\u0259hk\u0259m\u0259sinin q\u0259rar\u0131 bunu n\u00f6vb\u0259ti d\u0259f\u0259 t\u0259sdiq etdi&#8221;.<\/p>\n<p>S.Qafarova bildirib ki, i\u015fl\u0259 ba\u011fl\u0131 m\u0259hk\u0259m\u0259 dinl\u0259m\u0259l\u0259ri 2019-cu il fevral\u0131n 28-d\u0259 ba\u015flan\u0131b v\u0259 may\u0131n 29-da ba\u015fa \u00e7at\u0131b: &#8220;Bu, 2013-c\u00fc ild\u0259n sonrak\u0131 d\u00f6vrd\u0259 Fransa m\u0259hk\u0259m\u0259sinin Az\u0259rbaycan\u0131n xeyrin\u0259 \u00e7\u0131xard\u0131\u011f\u0131 ilk q\u0259rard\u0131r. Fransa m\u0259hk\u0259m\u0259sinin bu \u0259dal\u0259tli q\u0259rar\u0131 t\u0259qdir\u0259layiqdir. Bu, h\u0259m d\u0259 \u00f6z\u00fcnd\u0259 m\u00fcsb\u0259t bir tendensiyan\u0131 \u0259ks etdirir v\u0259 bu \u00f6lk\u0259nin m\u0259hk\u0259m\u0259l\u0259ri Erm\u0259nistan\u0131n i\u015f\u011fal alt\u0131nda olan Az\u0259rbaycan \u0259razil\u0259rind\u0259 yaratd\u0131\u011f\u0131 rejimin ba\u011flad\u0131\u011f\u0131 dig\u0259r qeyri-qanuni xartiyalar\u0131n da l\u0259\u011fv edilm\u0259si \u00fc\u00e7\u00fcn bir stimul rolunu oynaya bil\u0259r&#8221;.<\/p>\n<p>Deputat onu da qeyd edib ki, d\u00f6vl\u0259timiz Az\u0259rbaycan h\u0259qiq\u0259tl\u0259rinin d\u00fcnya birliyin\u0259 obyektiv \u015f\u0259kild\u0259 \u00e7atd\u0131r\u0131lmas\u0131 istiqam\u0259tind\u0259 h\u0259r zaman f\u0259al i\u015f apar\u0131r v\u0259 bununla da qlobal miqyasda erm\u0259ni lobbisinin t\u0259sirl\u0259rini neytralla\u015fd\u0131rma\u011fa nail olur:<\/p>\n<p>&#8220;Az\u0259rbaycan d\u00f6vl\u0259ti separat\u00e7\u0131 rejimin i\u015f\u011fal\u0131 legitiml\u0259\u015fdirm\u0259k, Fransa \u015f\u0259h\u0259rl\u0259ri il qar\u015f\u0131l\u0131ql\u0131 \u0259laq\u0259l\u0259r qurmaq c\u0259hdl\u0259rini d\u0259f\u0259l\u0259rl\u0259 r\u0259smi Paris qar\u015f\u0131s\u0131nda qald\u0131r\u0131b v\u0259 bel\u0259 beyn\u0259lxalq h\u00fcquqa zidd \u0259m\u0259ll\u0259rin dayand\u0131r\u0131lmas\u0131na \u00e7a\u011f\u0131r\u0131\u015flar edib. Bu m\u0259qamda Az\u0259rbaycan\u0131n Birinci vitse-prezidenti Mehriban \u018fliyevan\u0131n bir q\u0259d\u0259r bundan \u0259vv\u0259l Fransaya s\u0259f\u0259rini xat\u0131rlamaq yerin\u0259 d\u00fc\u015f\u0259r. B\u0259hs olunan s\u0259f\u0259r zaman\u0131 Birinci vitse-prezident Mehriban \u018fliyeva ke\u00e7irdiyi r\u0259smi g\u00f6r\u00fc\u015fl\u0259rd\u0259 m\u0259s\u0259l\u0259ni m\u00fczakir\u0259 edib v\u0259 bel\u0259 hallar\u0131n yolverilm\u0259zliyini diqq\u0259t\u0259 \u00e7atd\u0131r\u0131b. Az\u0259rbaycan\u0131n g\u00f6st\u0259rdiyi bel\u0259 f\u0259al diplomatik s\u0259yl\u0259rin n\u0259tic\u0259sidir ki, cari ilin fevral\u0131nda erm\u0259ni diasporunun n\u00fcmay\u0259nd\u0259l\u0259ri il\u0259 g\u00f6r\u00fc\u015f zaman\u0131 Fransa Prezidenti Emmanuel Makron bu tipli xartiyalar\u0131n imzalanmas\u0131n\u0131 v\u0259 i\u015f\u011fal\u00e7\u0131 rejiml\u0259 Fransa \u015f\u0259h\u0259rl\u0259rinin \u0259laq\u0259l\u0259rinin qurulmas\u0131n\u0131 Fransan\u0131n d\u00f6vl\u0259t maraqlar\u0131na, beyn\u0259lxalq \u00f6hd\u0259likl\u0259rin\u0259 v\u0259 h\u00fcquqa zidd oldu\u011funu bildirib&#8221;.<\/p>\n","protected":false},"excerpt":{"rendered":"<p>Fransa m\u0259hk\u0259m\u0259sinin \u00e7\u0131xard\u0131\u011f\u0131 q\u0259rar Erm\u0259nistan\u0131n Da\u011fl\u0131q Qaraba\u011fdak\u0131 separat\u00e7\u0131 rejimi legitiml\u0259\u015fdirm\u0259k c\u0259hdl\u0259rin\u0259 n\u00f6vb\u0259ti a\u011f\u0131r z\u0259rb\u0259dir. ARANTV.AZ trend-\u0259 istinad\u0259n bildirir ki,\u00a0bunu Milli M\u0259clisin deputat\u0131, Az\u0259rbaycan\u0131n A\u015e PA-dak\u0131 n\u00fcmay\u0259nd\u0259 hey\u0259tinin v\u0259 Az\u0259rbaycan-Fransa parlamentl\u0259raras\u0131 \u0259laq\u0259l\u0259r \u00fczr\u0259 i\u015f\u00e7i qrupunun \u00fczv\u00fc\u00a0Sahib\u0259 Qafarova\u00a0deyib. Deputat qeyd edib ki, Fransa inzibati m\u0259hk\u0259m\u0259sinin bu \u00f6lk\u0259nin Arnuvill \u015f\u0259h\u0259ri il\u0259 Az\u0259rbaycan\u0131n i\u015f\u011fal alt\u0131nda olan Xocav\u0259nd rayonu aras\u0131nda imzalanm\u0131\u015f &#8220;Dostluq haqq\u0131nda xartiya&#8221;n\u0131 iyunun 4-d\u0259 l\u0259\u011fv etm\u0259si v\u0259 m\u0259hk\u0259m\u0259nin 2018-ci il oktyabr\u0131n 22-d\u0259 imzalanm\u0131\u015f &#8220;s\u0259n\u0259d&#8221;in qeyri-qanuni imzaland\u0131\u011f\u0131, he\u00e7 bir h\u00fcquqi q\u00fcvv\u0259 da\u015f\u0131mad\u0131\u011f\u0131 v\u0259 Fransan\u0131n beyn\u0259lxalq \u00f6hd\u0259likl\u0259rin\u0259 zidd olmas\u0131 bar\u0259d\u0259 q\u0259rar\u0131 erm\u0259nil\u0259rin qanunsuz f\u0259aliyy\u0259tin\u0259 veril\u0259n&hellip;<\/p>\n","protected":false},"author":2,"featured_media":64439,"comment_status":"closed","ping_status":"closed","sticky":false,"template":"","format":"standard","meta":{"om_disable_all_campaigns":false,"_monsterinsights_skip_tracking":false,"_monsterinsights_sitenote_active":false,"_monsterinsights_sitenote_note":"","_monsterinsights_sitenote_category":0},"categories":[4],"tags":[],"aioseo_notices":[],"gutentor_comment":0,"rttpg_featured_image_url":{"full":["https:\/\/arantv.az\/wp-content\/uploads\/2019\/06\/760786.jpg",981,669,false],"landscape":["https:\/\/arantv.az\/wp-content\/uploads\/2019\/06\/760786.jpg",981,669,false],"portraits":["https:\/\/arantv.az\/wp-content\/uploads\/2019\/06\/760786.jpg",981,669,false],"thumbnail":["https:\/\/arantv.az\/wp-content\/uploads\/2019\/06\/760786-150x150.jpg",150,150,true],"medium":["https:\/\/arantv.az\/wp-content\/uploads\/2019\/06\/760786-300x205.jpg",300,205,true],"large":["https:\/\/arantv.az\/wp-content\/uploads\/2019\/06\/760786.jpg",640,436,false],"1536x1536":["https:\/\/arantv.az\/wp-content\/uploads\/2019\/06\/760786.jpg",981,669,false],"2048x2048":["https:\/\/arantv.az\/wp-content\/uploads\/2019\/06\/760786.jpg",981,669,false],"post-thumbnail":["https:\/\/arantv.az\/wp-content\/uploads\/2019\/06\/760786-240x172.jpg",240,172,true],"advps-thumb-one":["https:\/\/arantv.az\/wp-content\/uploads\/2019\/06\/760786-981x620.jpg",981,620,true]},"rttpg_author":{"display_name":"V\u00fcsal Rafiqo\u011flu","author_link":"https:\/\/arantv.az\/?author=2"},"rttpg_comment":0,"rttpg_category":"<a href=\"https:\/\/arantv.az\/?cat=4\" rel=\"category\">Siyas\u0259t<\/a>","rttpg_excerpt":"Fransa m\u0259hk\u0259m\u0259sinin \u00e7\u0131xard\u0131\u011f\u0131 q\u0259rar Erm\u0259nistan\u0131n Da\u011fl\u0131q Qaraba\u011fdak\u0131 separat\u00e7\u0131 rejimi legitiml\u0259\u015fdirm\u0259k c\u0259hdl\u0259rin\u0259 n\u00f6vb\u0259ti a\u011f\u0131r z\u0259rb\u0259dir. ARANTV.AZ trend-\u0259 istinad\u0259n bildirir ki,\u00a0bunu Milli M\u0259clisin deputat\u0131, Az\u0259rbaycan\u0131n A\u015e PA-dak\u0131 n\u00fcmay\u0259nd\u0259 hey\u0259tinin v\u0259 Az\u0259rbaycan-Fransa parlamentl\u0259raras\u0131 \u0259laq\u0259l\u0259r \u00fczr\u0259 i\u015f\u00e7i qrupunun \u00fczv\u00fc\u00a0Sahib\u0259 Qafarova\u00a0deyib. Deputat qeyd edib ki, Fransa inzibati m\u0259hk\u0259m\u0259sinin bu \u00f6lk\u0259nin Arnuvill \u015f\u0259h\u0259ri il\u0259 Az\u0259rbaycan\u0131n i\u015f\u011fal alt\u0131nda olan Xocav\u0259nd rayonu aras\u0131nda&hellip;","_links":{"self":[{"href":"https:\/\/arantv.az\/index.php?rest_route=\/wp\/v2\/posts\/64438"}],"collection":[{"href":"https:\/\/arantv.az\/index.php?rest_route=\/wp\/v2\/posts"}],"about":[{"href":"https:\/\/arantv.az\/index.php?rest_route=\/wp\/v2\/types\/post"}],"author":[{"embeddable":true,"href":"https:\/\/arantv.az\/index.php?rest_route=\/wp\/v2\/users\/2"}],"replies":[{"embeddable":true,"href":"https:\/\/arantv.az\/index.php?rest_route=%2Fwp%2Fv2%2Fcomments&post=64438"}],"version-history":[{"count":0,"href":"https:\/\/arantv.az\/index.php?rest_route=\/wp\/v2\/posts\/64438\/revisions"}],"wp:featuredmedia":[{"embeddable":true,"href":"https:\/\/arantv.az\/index.php?rest_route=\/wp\/v2\/media\/64439"}],"wp:attachment":[{"href":"https:\/\/arantv.az\/index.php?rest_route=%2Fwp%2Fv2%2Fmedia&parent=64438"}],"wp:term":[{"taxonomy":"category","embeddable":true,"href":"https:\/\/arantv.az\/index.php?rest_route=%2Fwp%2Fv2%2Fcategories&post=64438"},{"taxonomy":"post_tag","embeddable":true,"href":"https:\/\/arantv.az\/index.php?rest_route=%2Fwp%2Fv2%2Ftags&post=64438"}],"curies":[{"name":"wp","href":"https:\/\/api.w.org\/{rel}","templated":true}]}}