{"id":644515,"date":"2023-10-12T12:40:04","date_gmt":"2023-10-12T08:40:04","guid":{"rendered":"https:\/\/arantv.az\/?p=644515"},"modified":"2023-10-12T12:40:04","modified_gmt":"2023-10-12T08:40:04","slug":"naxcivanda-%c9%99m%c9%99k-yarmarkasi-kecirilir-foto","status":"publish","type":"post","link":"https:\/\/arantv.az\/?p=644515","title":{"rendered":"Nax\u00e7\u0131vanda \u0259m\u0259k yarmarkas\u0131 ke\u00e7irilir &#8211; FOTO"},"content":{"rendered":"<p>Nax\u00e7\u0131van \u015f\u0259h\u0259rind\u0259 n\u00f6vb\u0259ti \u0259m\u0259k yarmarkas\u0131 ke\u00e7irilir.<\/p>\n<p>\u201cReport\u201dun yerli b\u00fcrosu x\u0259b\u0259r verir ki, Nax\u00e7\u0131van Muxtar Respublikas\u0131 \u018fm\u0259k v\u0259 \u018fhalinin Sosial M\u00fcdafi\u0259si Nazirliyinin tabeliyind\u0259 D\u00f6vl\u0259t M\u0259\u015f\u011fulluq Agentliyinin t\u0259\u015fkilat\u00e7\u0131l\u0131\u011f\u0131 il\u0259 Nax\u00e7\u0131van \u015f\u0259h\u0259rind\u0259 n\u00f6vb\u0259ti \u0259m\u0259k yarmarkas\u0131 ke\u00e7irilir.<\/p>\n<p>Heyd\u0259r \u018fliyev prospekti, 1 \u00fcnvan\u0131nda yerl\u0259\u015f\u0259n Heyd\u0259r \u018fliyev Saray\u0131nda ke\u00e7iril\u0259n yarmarkada 100-d\u0259n art\u0131q \u00f6z\u0259l v\u0259 d\u00f6vl\u0259t m\u00fc\u0259ssis\u0259sind\u0259n 1 000-\u0259 yax\u0131n vakansiya Nax\u00e7\u0131van Muxtar Respublikas\u0131n\u0131n i\u015fsiz v\u0259 i\u015f axtaran sakinl\u0259rin\u0259 t\u0259qdim edilir.<\/p>\n<p>Yarmarkada i\u015ftirak ed\u0259n \u015f\u0259xsl\u0259r\u0259 vakansiyalar, i\u015f \u00f6hd\u0259likl\u0259ri v\u0259 \u015f\u0259rtl\u0259r haqq\u0131nda \u0259trafl\u0131 m\u0259lumat t\u0259qdim edilir.<\/p>\n<p>&nbsp;<\/p>\n<div class=\"gallery\">\n<div class=\"gallery-i\"><img src=\"https:\/\/cdn.oxu.az\/uploads\/W1siZiIsIjIwMjMvMTAvMTIvMTEvNTQvNTUvZjE1MDUwYzItNDA2Ni00NjRhLWExMmEtOTY0NmNiNjVhMDcxLzRiODk5ZWQzLWQ5MDAtMzQyNi1hMmFhLWI1ZjNlODllYzUwOS5qcGVnIl0sWyJwIiwiZW5jb2RlIiwianBnIiwiLXF1YWxpdHkgODAiXSxbInAiLCJ0aHVtYiIsIjU5MHg1OTBcdTAwM2UiXV0?sha=98e40f66b4c96a5d\" alt=\"\" \/><\/p>\n<div class=\"gallery-i-caption\"><\/div>\n<\/div>\n<div class=\"gallery-i\"><img src=\"https:\/\/cdn.oxu.az\/uploads\/W1siZiIsIjIwMjMvMTAvMTIvMTEvNTQvNTUvYTZhODRlNGYtMzRhNS00MTYyLTg0ZWUtMTliYzcyODI5OGJhL2IxNmMxODUwLTgxNjktMzE5ZC05YmU3LWJmMDFkMDZmNzE5NC5qcGVnIl0sWyJwIiwiZW5jb2RlIiwianBnIiwiLXF1YWxpdHkgODAiXSxbInAiLCJ0aHVtYiIsIjU5MHg1OTBcdTAwM2UiXV0?sha=ceecbb139f563f29\" alt=\"\" \/><\/div>\n<\/div>\n","protected":false},"excerpt":{"rendered":"<p>Nax\u00e7\u0131van \u015f\u0259h\u0259rind\u0259 n\u00f6vb\u0259ti \u0259m\u0259k yarmarkas\u0131 ke\u00e7irilir. \u201cReport\u201dun yerli b\u00fcrosu x\u0259b\u0259r verir ki, Nax\u00e7\u0131van Muxtar Respublikas\u0131 \u018fm\u0259k v\u0259 \u018fhalinin Sosial M\u00fcdafi\u0259si Nazirliyinin tabeliyind\u0259 D\u00f6vl\u0259t M\u0259\u015f\u011fulluq Agentliyinin t\u0259\u015fkilat\u00e7\u0131l\u0131\u011f\u0131 il\u0259 Nax\u00e7\u0131van \u015f\u0259h\u0259rind\u0259 n\u00f6vb\u0259ti \u0259m\u0259k yarmarkas\u0131 ke\u00e7irilir. Heyd\u0259r \u018fliyev prospekti, 1 \u00fcnvan\u0131nda yerl\u0259\u015f\u0259n Heyd\u0259r \u018fliyev Saray\u0131nda ke\u00e7iril\u0259n yarmarkada 100-d\u0259n art\u0131q \u00f6z\u0259l v\u0259 d\u00f6vl\u0259t m\u00fc\u0259ssis\u0259sind\u0259n 1 000-\u0259 yax\u0131n vakansiya Nax\u00e7\u0131van Muxtar Respublikas\u0131n\u0131n i\u015fsiz v\u0259 i\u015f axtaran sakinl\u0259rin\u0259 t\u0259qdim edilir. Yarmarkada i\u015ftirak ed\u0259n \u015f\u0259xsl\u0259r\u0259 vakansiyalar, i\u015f \u00f6hd\u0259likl\u0259ri v\u0259 \u015f\u0259rtl\u0259r haqq\u0131nda \u0259trafl\u0131 m\u0259lumat t\u0259qdim edilir. &nbsp;<\/p>\n","protected":false},"author":2,"featured_media":644517,"comment_status":"closed","ping_status":"closed","sticky":false,"template":"","format":"standard","meta":{"om_disable_all_campaigns":false,"_monsterinsights_skip_tracking":false,"_monsterinsights_sitenote_active":false,"_monsterinsights_sitenote_note":"","_monsterinsights_sitenote_category":0},"categories":[1],"tags":[],"aioseo_notices":[],"gutentor_comment":0,"rttpg_featured_image_url":{"full":["https:\/\/arantv.az\/wp-content\/uploads\/2023\/10\/71c20acf-815f-3ee9-8dad-4441973344e6_850.jpg",620,413,false],"landscape":["https:\/\/arantv.az\/wp-content\/uploads\/2023\/10\/71c20acf-815f-3ee9-8dad-4441973344e6_850.jpg",620,413,false],"portraits":["https:\/\/arantv.az\/wp-content\/uploads\/2023\/10\/71c20acf-815f-3ee9-8dad-4441973344e6_850.jpg",620,413,false],"thumbnail":["https:\/\/arantv.az\/wp-content\/uploads\/2023\/10\/71c20acf-815f-3ee9-8dad-4441973344e6_850-500x280.jpg",500,280,true],"medium":["https:\/\/arantv.az\/wp-content\/uploads\/2023\/10\/71c20acf-815f-3ee9-8dad-4441973344e6_850-548x365.jpg",548,365,true],"large":["https:\/\/arantv.az\/wp-content\/uploads\/2023\/10\/71c20acf-815f-3ee9-8dad-4441973344e6_850.jpg",620,413,false],"1536x1536":["https:\/\/arantv.az\/wp-content\/uploads\/2023\/10\/71c20acf-815f-3ee9-8dad-4441973344e6_850.jpg",620,413,false],"2048x2048":["https:\/\/arantv.az\/wp-content\/uploads\/2023\/10\/71c20acf-815f-3ee9-8dad-4441973344e6_850.jpg",620,413,false],"post-thumbnail":["https:\/\/arantv.az\/wp-content\/uploads\/2023\/10\/71c20acf-815f-3ee9-8dad-4441973344e6_850-240x172.jpg",240,172,true],"advps-thumb-one":["https:\/\/arantv.az\/wp-content\/uploads\/2023\/10\/71c20acf-815f-3ee9-8dad-4441973344e6_850.jpg",620,413,false]},"rttpg_author":{"display_name":"V\u00fcsal Rafiqo\u011flu","author_link":"https:\/\/arantv.az\/?author=2"},"rttpg_comment":0,"rttpg_category":"<a href=\"https:\/\/arantv.az\/?cat=1\" rel=\"category\">C\u0259miyy\u0259t<\/a>","rttpg_excerpt":"Nax\u00e7\u0131van \u015f\u0259h\u0259rind\u0259 n\u00f6vb\u0259ti \u0259m\u0259k yarmarkas\u0131 ke\u00e7irilir. \u201cReport\u201dun yerli b\u00fcrosu x\u0259b\u0259r verir ki, Nax\u00e7\u0131van Muxtar Respublikas\u0131 \u018fm\u0259k v\u0259 \u018fhalinin Sosial M\u00fcdafi\u0259si Nazirliyinin tabeliyind\u0259 D\u00f6vl\u0259t M\u0259\u015f\u011fulluq Agentliyinin t\u0259\u015fkilat\u00e7\u0131l\u0131\u011f\u0131 il\u0259 Nax\u00e7\u0131van \u015f\u0259h\u0259rind\u0259 n\u00f6vb\u0259ti \u0259m\u0259k yarmarkas\u0131 ke\u00e7irilir. Heyd\u0259r \u018fliyev prospekti, 1 \u00fcnvan\u0131nda yerl\u0259\u015f\u0259n Heyd\u0259r \u018fliyev Saray\u0131nda ke\u00e7iril\u0259n yarmarkada 100-d\u0259n art\u0131q \u00f6z\u0259l v\u0259 d\u00f6vl\u0259t m\u00fc\u0259ssis\u0259sind\u0259n 1 000-\u0259 yax\u0131n vakansiya Nax\u00e7\u0131van&hellip;","_links":{"self":[{"href":"https:\/\/arantv.az\/index.php?rest_route=\/wp\/v2\/posts\/644515"}],"collection":[{"href":"https:\/\/arantv.az\/index.php?rest_route=\/wp\/v2\/posts"}],"about":[{"href":"https:\/\/arantv.az\/index.php?rest_route=\/wp\/v2\/types\/post"}],"author":[{"embeddable":true,"href":"https:\/\/arantv.az\/index.php?rest_route=\/wp\/v2\/users\/2"}],"replies":[{"embeddable":true,"href":"https:\/\/arantv.az\/index.php?rest_route=%2Fwp%2Fv2%2Fcomments&post=644515"}],"version-history":[{"count":0,"href":"https:\/\/arantv.az\/index.php?rest_route=\/wp\/v2\/posts\/644515\/revisions"}],"wp:featuredmedia":[{"embeddable":true,"href":"https:\/\/arantv.az\/index.php?rest_route=\/wp\/v2\/media\/644517"}],"wp:attachment":[{"href":"https:\/\/arantv.az\/index.php?rest_route=%2Fwp%2Fv2%2Fmedia&parent=644515"}],"wp:term":[{"taxonomy":"category","embeddable":true,"href":"https:\/\/arantv.az\/index.php?rest_route=%2Fwp%2Fv2%2Fcategories&post=644515"},{"taxonomy":"post_tag","embeddable":true,"href":"https:\/\/arantv.az\/index.php?rest_route=%2Fwp%2Fv2%2Ftags&post=644515"}],"curies":[{"name":"wp","href":"https:\/\/api.w.org\/{rel}","templated":true}]}}