{"id":644516,"date":"2023-10-12T12:40:18","date_gmt":"2023-10-12T08:40:18","guid":{"rendered":"https:\/\/arantv.az\/?p=644516"},"modified":"2023-10-12T12:40:18","modified_gmt":"2023-10-12T08:40:18","slug":"ceyhun-bayramov-biskekd%c9%99-muzakir%c9%99-olunan-movzulari-aciqladi-foto","status":"publish","type":"post","link":"https:\/\/arantv.az\/?p=644516","title":{"rendered":"Ceyhun Bayramov Bi\u015fkekd\u0259 m\u00fczakir\u0259 olunan m\u00f6vzular\u0131 a\u00e7\u0131qlad\u0131 &#8211; FOTO"},"content":{"rendered":"<p>Az\u0259rbaycan\u0131n xarici i\u015fl\u0259r naziri Ceyhun Bayramov Q\u0131r\u011f\u0131z\u0131stan\u0131n paytaxt\u0131\u00a0Bi\u015fkekd\u0259 MDB \u00f6lk\u0259l\u0259rind\u0259n olan nazirl\u0259rl\u0259 m\u00fczakir\u0259 etdikl\u0259ri m\u00f6vzular\u0131 a\u00e7\u0131qlay\u0131b.<\/p>\n<p>O bu bar\u0259d\u0259 \u00f6z \u201cX\u201d hesab\u0131nda payla\u015f\u0131m edib.<\/p>\n<p>Nazir iqtisadiyyat, ticar\u0259t, s\u0259rmay\u0259 qoyulu\u015fu, n\u0259qliyyat, kommunikasiyalar, t\u0259hsil, idman v\u0259 sair sah\u0259l\u0259rl\u0259 ba\u011fl\u0131 m\u0259s\u0259l\u0259l\u0259ri m\u00fczakir\u0259 etdikl\u0259rini qeyd edib.<\/p>\n<div>\n<div class=\"twitter-tweet twitter-tweet-rendered\"><iframe id=\"twitter-widget-0\" class=\"\" title=\"Twitter Tweet\" src=\"https:\/\/platform.twitter.com\/embed\/Tweet.html?creatorScreenName=oxuaz&amp;dnt=false&amp;embedId=twitter-widget-0&amp;features=eyJ0ZndfdGltZWxpbmVfbGlzdCI6eyJidWNrZXQiOltdLCJ2ZXJzaW9uIjpudWxsfSwidGZ3X2ZvbGxvd2VyX2NvdW50X3N1bnNldCI6eyJidWNrZXQiOnRydWUsInZlcnNpb24iOm51bGx9LCJ0ZndfdHdlZXRfZWRpdF9iYWNrZW5kIjp7ImJ1Y2tldCI6Im9uIiwidmVyc2lvbiI6bnVsbH0sInRmd19yZWZzcmNfc2Vzc2lvbiI6eyJidWNrZXQiOiJvbiIsInZlcnNpb24iOm51bGx9LCJ0ZndfZm9zbnJfc29mdF9pbnRlcnZlbnRpb25zX2VuYWJsZWQiOnsiYnVja2V0Ijoib24iLCJ2ZXJzaW9uIjpudWxsfSwidGZ3X21peGVkX21lZGlhXzE1ODk3Ijp7ImJ1Y2tldCI6InRyZWF0bWVudCIsInZlcnNpb24iOm51bGx9LCJ0ZndfZXhwZXJpbWVudHNfY29va2llX2V4cGlyYXRpb24iOnsiYnVja2V0IjoxMjA5NjAwLCJ2ZXJzaW9uIjpudWxsfSwidGZ3X3Nob3dfYmlyZHdhdGNoX3Bpdm90c19lbmFibGVkIjp7ImJ1Y2tldCI6Im9uIiwidmVyc2lvbiI6bnVsbH0sInRmd19kdXBsaWNhdGVfc2NyaWJlc190b19zZXR0aW5ncyI6eyJidWNrZXQiOiJvbiIsInZlcnNpb24iOm51bGx9LCJ0ZndfdXNlX3Byb2ZpbGVfaW1hZ2Vfc2hhcGVfZW5hYmxlZCI6eyJidWNrZXQiOiJvbiIsInZlcnNpb24iOm51bGx9LCJ0ZndfdmlkZW9faGxzX2R5bmFtaWNfbWFuaWZlc3RzXzE1MDgyIjp7ImJ1Y2tldCI6InRydWVfYml0cmF0ZSIsInZlcnNpb24iOm51bGx9LCJ0ZndfbGVnYWN5X3RpbWVsaW5lX3N1bnNldCI6eyJidWNrZXQiOnRydWUsInZlcnNpb24iOm51bGx9LCJ0ZndfdHdlZXRfZWRpdF9mcm9udGVuZCI6eyJidWNrZXQiOiJvbiIsInZlcnNpb24iOm51bGx9fQ%3D%3D&amp;frame=false&amp;hideCard=false&amp;hideThread=false&amp;id=1712377816816164874&amp;lang=en&amp;origin=https%3A%2F%2Foxu.az%2Fpolitics%2F789171&amp;sessionId=642dc98867bd8d2d03715229485cc2beeda7f3dd&amp;siteScreenName=oxuaz&amp;theme=light&amp;widgetsVersion=01917f4d1d4cb%3A1696883169554&amp;width=550px\" frameborder=\"0\" scrolling=\"no\" allowfullscreen=\"allowfullscreen\" data-tweet-id=\"1712377816816164874\" data-mce-fragment=\"1\"><\/iframe><\/div>\n<\/div>\n<p>Qeyd ed\u0259k ki, oktyabr\u0131n 12-d\u0259 Q\u0131r\u011f\u0131z Respublikas\u0131n\u0131n paytaxt\u0131 Bi\u015fkekd\u0259 M\u00fcst\u0259qil D\u00f6vl\u0259tl\u0259r Birliyinin (MDB) Xarici \u0130\u015fl\u0259r Nazirl\u0259ri \u015euras\u0131 \u00f6z i\u015fin\u0259 ba\u015flay\u0131b.<\/p>\n","protected":false},"excerpt":{"rendered":"<p>Az\u0259rbaycan\u0131n xarici i\u015fl\u0259r naziri Ceyhun Bayramov Q\u0131r\u011f\u0131z\u0131stan\u0131n paytaxt\u0131\u00a0Bi\u015fkekd\u0259 MDB \u00f6lk\u0259l\u0259rind\u0259n olan nazirl\u0259rl\u0259 m\u00fczakir\u0259 etdikl\u0259ri m\u00f6vzular\u0131 a\u00e7\u0131qlay\u0131b. O bu bar\u0259d\u0259 \u00f6z \u201cX\u201d hesab\u0131nda payla\u015f\u0131m edib. Nazir iqtisadiyyat, ticar\u0259t, s\u0259rmay\u0259 qoyulu\u015fu, n\u0259qliyyat, kommunikasiyalar, t\u0259hsil, idman v\u0259 sair sah\u0259l\u0259rl\u0259 ba\u011fl\u0131 m\u0259s\u0259l\u0259l\u0259ri m\u00fczakir\u0259 etdikl\u0259rini qeyd edib. Qeyd ed\u0259k ki, oktyabr\u0131n 12-d\u0259 Q\u0131r\u011f\u0131z Respublikas\u0131n\u0131n paytaxt\u0131 Bi\u015fkekd\u0259 M\u00fcst\u0259qil D\u00f6vl\u0259tl\u0259r Birliyinin (MDB) Xarici \u0130\u015fl\u0259r Nazirl\u0259ri \u015euras\u0131 \u00f6z i\u015fin\u0259 ba\u015flay\u0131b.<\/p>\n","protected":false},"author":2,"featured_media":644518,"comment_status":"closed","ping_status":"closed","sticky":false,"template":"","format":"standard","meta":{"om_disable_all_campaigns":false,"_monsterinsights_skip_tracking":false,"_monsterinsights_sitenote_active":false,"_monsterinsights_sitenote_note":"","_monsterinsights_sitenote_category":0},"categories":[4],"tags":[],"aioseo_notices":[],"gutentor_comment":0,"rttpg_featured_image_url":{"full":["https:\/\/arantv.az\/wp-content\/uploads\/2023\/10\/F8OWfcJWYAAqNVu.jpg",620,413,false],"landscape":["https:\/\/arantv.az\/wp-content\/uploads\/2023\/10\/F8OWfcJWYAAqNVu.jpg",620,413,false],"portraits":["https:\/\/arantv.az\/wp-content\/uploads\/2023\/10\/F8OWfcJWYAAqNVu.jpg",620,413,false],"thumbnail":["https:\/\/arantv.az\/wp-content\/uploads\/2023\/10\/F8OWfcJWYAAqNVu-500x280.jpg",500,280,true],"medium":["https:\/\/arantv.az\/wp-content\/uploads\/2023\/10\/F8OWfcJWYAAqNVu-548x365.jpg",548,365,true],"large":["https:\/\/arantv.az\/wp-content\/uploads\/2023\/10\/F8OWfcJWYAAqNVu.jpg",620,413,false],"1536x1536":["https:\/\/arantv.az\/wp-content\/uploads\/2023\/10\/F8OWfcJWYAAqNVu.jpg",620,413,false],"2048x2048":["https:\/\/arantv.az\/wp-content\/uploads\/2023\/10\/F8OWfcJWYAAqNVu.jpg",620,413,false],"post-thumbnail":["https:\/\/arantv.az\/wp-content\/uploads\/2023\/10\/F8OWfcJWYAAqNVu-240x172.jpg",240,172,true],"advps-thumb-one":["https:\/\/arantv.az\/wp-content\/uploads\/2023\/10\/F8OWfcJWYAAqNVu.jpg",620,413,false]},"rttpg_author":{"display_name":"V\u00fcsal Rafiqo\u011flu","author_link":"https:\/\/arantv.az\/?author=2"},"rttpg_comment":0,"rttpg_category":"<a href=\"https:\/\/arantv.az\/?cat=4\" rel=\"category\">Siyas\u0259t<\/a>","rttpg_excerpt":"Az\u0259rbaycan\u0131n xarici i\u015fl\u0259r naziri Ceyhun Bayramov Q\u0131r\u011f\u0131z\u0131stan\u0131n paytaxt\u0131\u00a0Bi\u015fkekd\u0259 MDB \u00f6lk\u0259l\u0259rind\u0259n olan nazirl\u0259rl\u0259 m\u00fczakir\u0259 etdikl\u0259ri m\u00f6vzular\u0131 a\u00e7\u0131qlay\u0131b. O bu bar\u0259d\u0259 \u00f6z \u201cX\u201d hesab\u0131nda payla\u015f\u0131m edib. Nazir iqtisadiyyat, ticar\u0259t, s\u0259rmay\u0259 qoyulu\u015fu, n\u0259qliyyat, kommunikasiyalar, t\u0259hsil, idman v\u0259 sair sah\u0259l\u0259rl\u0259 ba\u011fl\u0131 m\u0259s\u0259l\u0259l\u0259ri m\u00fczakir\u0259 etdikl\u0259rini qeyd edib. Qeyd ed\u0259k ki, oktyabr\u0131n 12-d\u0259 Q\u0131r\u011f\u0131z Respublikas\u0131n\u0131n paytaxt\u0131 Bi\u015fkekd\u0259 M\u00fcst\u0259qil D\u00f6vl\u0259tl\u0259r Birliyinin (MDB)&hellip;","_links":{"self":[{"href":"https:\/\/arantv.az\/index.php?rest_route=\/wp\/v2\/posts\/644516"}],"collection":[{"href":"https:\/\/arantv.az\/index.php?rest_route=\/wp\/v2\/posts"}],"about":[{"href":"https:\/\/arantv.az\/index.php?rest_route=\/wp\/v2\/types\/post"}],"author":[{"embeddable":true,"href":"https:\/\/arantv.az\/index.php?rest_route=\/wp\/v2\/users\/2"}],"replies":[{"embeddable":true,"href":"https:\/\/arantv.az\/index.php?rest_route=%2Fwp%2Fv2%2Fcomments&post=644516"}],"version-history":[{"count":0,"href":"https:\/\/arantv.az\/index.php?rest_route=\/wp\/v2\/posts\/644516\/revisions"}],"wp:featuredmedia":[{"embeddable":true,"href":"https:\/\/arantv.az\/index.php?rest_route=\/wp\/v2\/media\/644518"}],"wp:attachment":[{"href":"https:\/\/arantv.az\/index.php?rest_route=%2Fwp%2Fv2%2Fmedia&parent=644516"}],"wp:term":[{"taxonomy":"category","embeddable":true,"href":"https:\/\/arantv.az\/index.php?rest_route=%2Fwp%2Fv2%2Fcategories&post=644516"},{"taxonomy":"post_tag","embeddable":true,"href":"https:\/\/arantv.az\/index.php?rest_route=%2Fwp%2Fv2%2Ftags&post=644516"}],"curies":[{"name":"wp","href":"https:\/\/api.w.org\/{rel}","templated":true}]}}