{"id":644527,"date":"2023-10-12T12:42:15","date_gmt":"2023-10-12T08:42:15","guid":{"rendered":"https:\/\/arantv.az\/?p=644527"},"modified":"2023-10-12T12:42:15","modified_gmt":"2023-10-12T08:42:15","slug":"az%c9%99rbaycanin-bmt-numay%c9%99nd%c9%99liyi-fransaya-beyn%c9%99lxalq-t%c9%99r%c9%99fdas-v%c9%99-vasit%c9%99ci-kimi-etimad-sifira-b%c9%99rab%c9%99rdir","status":"publish","type":"post","link":"https:\/\/arantv.az\/?p=644527","title":{"rendered":"Az\u0259rbaycan\u0131n BMT n\u00fcmay\u0259nd\u0259liyi: \u201cFransaya beyn\u0259lxalq t\u0259r\u0259fda\u015f v\u0259 vasit\u0259\u00e7i kimi etimad s\u0131f\u0131ra b\u0259rab\u0259rdir\u201d"},"content":{"rendered":"<p>Az\u0259rbaycan n\u00fcmay\u0259nd\u0259 hey\u0259ti BMT-nin \u0130nsan Haqlar\u0131 \u015euras\u0131n\u0131n oktyabr\u0131n 11-d\u0259 ke\u00e7iril\u0259n 54-c\u00fc sessiyas\u0131nda Fransan\u0131n b\u0259yanat\u0131nda cavab verib.<\/p>\n<p><strong>ARANTV.AZ <\/strong>\u00a0x\u0259b\u0259r verir ki, cavab b\u0259yanat\u0131nda qeyd olunub ki, Erm\u0259nistan medias\u0131nda 34 \u00f6lk\u0259nin birg\u0259 b\u0259yanat\u0131 kimi t\u0259qdim edilmi\u015f b\u0259yanat \u0259slind\u0259 yaln\u0131z Fransa v\u0259 Erm\u0259nistan t\u0259r\u0259find\u0259n s\u0259sl\u0259ndirilib.<\/p>\n<p>Qeyd olunub ki, Az\u0259rbaycan n\u00fcmay\u0259nd\u0259 hey\u0259tinin cavab b\u0259yanat\u0131nda Fransa t\u0259r\u0259find\u0259n s\u0259sl\u0259ndiril\u0259n \u0259sass\u0131z iddialar r\u0259dd edilib v\u0259 Fransan\u0131n Az\u0259rbaycanda ged\u0259n siyasi prosesl\u0259r\u0259 m\u00fcdaxil\u0259 c\u0259hdl\u0259ri q\u0131nan\u0131l\u0131b.<\/p>\n<p>N\u00fcmay\u0259nd\u0259 hey\u0259ti bildirib ki, Fransan\u0131n beyn\u0259lxalq h\u00fcququn prinsipl\u0259rin\u0259 a\u00e7\u0131q \u015f\u0259kild\u0259 m\u0259h\u0259l qoymamas\u0131, Az\u0259rbaycan \u0259razil\u0259rinin i\u015f\u011fal\u0131 d\u00f6vr\u00fcnd\u0259 suverenlik v\u0259 \u0259razi b\u00fct\u00f6vl\u00fcy\u00fcn\u0259 d\u0259st\u0259kl\u0259 ba\u011fl\u0131 se\u00e7ici yana\u015fmas\u0131, 30 il\u0259 yax\u0131n bir m\u00fcdd\u0259t\u0259 Az\u0259rbaycan \u0259razil\u0259rinin i\u015f\u011faldan azad edilm\u0259si v\u0259 1 milyonda yax\u0131n az\u0259rbaycanl\u0131 qa\u00e7q\u0131n v\u0259 m\u0259cburi k\u00f6\u00e7k\u00fcn\u00fcn, o c\u00fcml\u0259d\u0259n Erm\u0259nistandan g\u00fcc yolu il\u0259 \u00e7\u0131xar\u0131lm\u0131\u015f 300 min az\u0259rbaycanl\u0131n\u0131n geri qaytar\u0131lmas\u0131 istiqam\u0259tind\u0259 t\u0259r\u0259fsiz vasit\u0259\u00e7i kimi \u00e7\u0131x\u0131\u015f etm\u0259m\u0259sin\u0259 g\u00f6r\u0259 bu prosesl\u0259rd\u0259 he\u00e7 bir rolu yoxdur.<\/p>\n<p>\u018flav\u0259 olunub ki, Az\u0259rbaycan v\u0259 region \u00f6lk\u0259l\u0259ri s\u00fclh v\u0259 t\u0259hl\u00fck\u0259sizliyin m\u00f6hk\u0259ml\u0259ndirilm\u0259si \u00fcz\u0259rind\u0259 i\u015fl\u0259yir v\u0259 Fransaya beyn\u0259lxalq t\u0259r\u0259fda\u015f, vasit\u0259\u00e7i v\u0259 BMT T\u0259hl\u00fck\u0259sizlik \u015euras\u0131n\u0131n daimi \u00fczv\u00fc kimi Az\u0259rbaycan t\u0259r\u0259find\u0259n etimad s\u0131f\u0131ra b\u0259rab\u0259rdir.<\/p>\n<p>B\u0259yanatda BMT missiyas\u0131n\u0131n iki d\u0259f\u0259 Az\u0259rbaycan\u0131n Qaraba\u011f b\u00f6lg\u0259sin\u0259 s\u0259f\u0259r etdiyi v\u0259 x\u0259st\u0259xanalar, m\u0259kt\u0259bl\u0259r, evl\u0259r, m\u0259d\u0259ni v\u0259 dini binalar da daxil olmaqla Xank\u0259ndid\u0259ki he\u00e7 bir m\u00fclki infrastruktura z\u0259r\u0259r qeyd\u0259 almad\u0131\u011f\u0131 xat\u0131rlad\u0131l\u0131b. Qeyd olunub ki, missiya Az\u0259rbaycan h\u00f6kum\u0259tinin s\u0259hiyy\u0259 xidm\u0259tl\u0259rinin davam etdirilm\u0259sin\u0259 haz\u0131rla\u015fd\u0131\u011f\u0131n\u0131 g\u00f6r\u00fcb.<\/p>\n<p>Az\u0259rbaycan n\u00fcmay\u0259nd\u0259 hey\u0259ti bu m\u00fc\u015fahid\u0259l\u0259rin BMT-nin Qa\u00e7q\u0131nlar \u00fczr\u0259 Ali Komissarl\u0131\u011f\u0131n\u0131n\u00a0Erm\u0259nistandak\u0131 n\u00fcmay\u0259nd\u0259liyi, h\u0259m\u00e7inin BQXK t\u0259r\u0259find\u0259n d\u0259 t\u0259sdiql\u0259ndiyini xat\u0131rlad\u0131b.<\/p>\n<p>B\u0259yanatda vur\u011fulan\u0131b ki, Az\u0259rbaycan suveren \u00f6lk\u0259 olaraq \u00f6z suveren \u0259razisind\u0259 BMT institutlar\u0131 da daxil olmaqla bir s\u0131ra beyn\u0259lxalq aktorlarla birlikd\u0259 effektiv \u0259m\u0259kda\u015fl\u0131q edir.<\/p>\n","protected":false},"excerpt":{"rendered":"<p>Az\u0259rbaycan n\u00fcmay\u0259nd\u0259 hey\u0259ti BMT-nin \u0130nsan Haqlar\u0131 \u015euras\u0131n\u0131n oktyabr\u0131n 11-d\u0259 ke\u00e7iril\u0259n 54-c\u00fc sessiyas\u0131nda Fransan\u0131n b\u0259yanat\u0131nda cavab verib. ARANTV.AZ \u00a0x\u0259b\u0259r verir ki, cavab b\u0259yanat\u0131nda qeyd olunub ki, Erm\u0259nistan medias\u0131nda 34 \u00f6lk\u0259nin birg\u0259 b\u0259yanat\u0131 kimi t\u0259qdim edilmi\u015f b\u0259yanat \u0259slind\u0259 yaln\u0131z Fransa v\u0259 Erm\u0259nistan t\u0259r\u0259find\u0259n s\u0259sl\u0259ndirilib. Qeyd olunub ki, Az\u0259rbaycan n\u00fcmay\u0259nd\u0259 hey\u0259tinin cavab b\u0259yanat\u0131nda Fransa t\u0259r\u0259find\u0259n s\u0259sl\u0259ndiril\u0259n \u0259sass\u0131z iddialar r\u0259dd edilib v\u0259 Fransan\u0131n Az\u0259rbaycanda ged\u0259n siyasi prosesl\u0259r\u0259 m\u00fcdaxil\u0259 c\u0259hdl\u0259ri q\u0131nan\u0131l\u0131b. N\u00fcmay\u0259nd\u0259 hey\u0259ti bildirib ki, Fransan\u0131n beyn\u0259lxalq h\u00fcququn prinsipl\u0259rin\u0259 a\u00e7\u0131q \u015f\u0259kild\u0259 m\u0259h\u0259l qoymamas\u0131, Az\u0259rbaycan \u0259razil\u0259rinin i\u015f\u011fal\u0131 d\u00f6vr\u00fcnd\u0259 suverenlik v\u0259 \u0259razi b\u00fct\u00f6vl\u00fcy\u00fcn\u0259 d\u0259st\u0259kl\u0259 ba\u011fl\u0131 se\u00e7ici yana\u015fmas\u0131,&hellip;<\/p>\n","protected":false},"author":2,"featured_media":644529,"comment_status":"closed","ping_status":"closed","sticky":false,"template":"","format":"standard","meta":{"om_disable_all_campaigns":false,"_monsterinsights_skip_tracking":false,"_monsterinsights_sitenote_active":false,"_monsterinsights_sitenote_note":"","_monsterinsights_sitenote_category":0},"categories":[4],"tags":[],"aioseo_notices":[],"gutentor_comment":0,"rttpg_featured_image_url":{"full":["https:\/\/arantv.az\/wp-content\/uploads\/2023\/10\/1519928964_img_0487.jpg",620,413,false],"landscape":["https:\/\/arantv.az\/wp-content\/uploads\/2023\/10\/1519928964_img_0487.jpg",620,413,false],"portraits":["https:\/\/arantv.az\/wp-content\/uploads\/2023\/10\/1519928964_img_0487.jpg",620,413,false],"thumbnail":["https:\/\/arantv.az\/wp-content\/uploads\/2023\/10\/1519928964_img_0487-500x280.jpg",500,280,true],"medium":["https:\/\/arantv.az\/wp-content\/uploads\/2023\/10\/1519928964_img_0487-548x365.jpg",548,365,true],"large":["https:\/\/arantv.az\/wp-content\/uploads\/2023\/10\/1519928964_img_0487.jpg",620,413,false],"1536x1536":["https:\/\/arantv.az\/wp-content\/uploads\/2023\/10\/1519928964_img_0487.jpg",620,413,false],"2048x2048":["https:\/\/arantv.az\/wp-content\/uploads\/2023\/10\/1519928964_img_0487.jpg",620,413,false],"post-thumbnail":["https:\/\/arantv.az\/wp-content\/uploads\/2023\/10\/1519928964_img_0487-240x172.jpg",240,172,true],"advps-thumb-one":["https:\/\/arantv.az\/wp-content\/uploads\/2023\/10\/1519928964_img_0487.jpg",620,413,false]},"rttpg_author":{"display_name":"V\u00fcsal Rafiqo\u011flu","author_link":"https:\/\/arantv.az\/?author=2"},"rttpg_comment":0,"rttpg_category":"<a href=\"https:\/\/arantv.az\/?cat=4\" rel=\"category\">Siyas\u0259t<\/a>","rttpg_excerpt":"Az\u0259rbaycan n\u00fcmay\u0259nd\u0259 hey\u0259ti BMT-nin \u0130nsan Haqlar\u0131 \u015euras\u0131n\u0131n oktyabr\u0131n 11-d\u0259 ke\u00e7iril\u0259n 54-c\u00fc sessiyas\u0131nda Fransan\u0131n b\u0259yanat\u0131nda cavab verib. ARANTV.AZ \u00a0x\u0259b\u0259r verir ki, cavab b\u0259yanat\u0131nda qeyd olunub ki, Erm\u0259nistan medias\u0131nda 34 \u00f6lk\u0259nin birg\u0259 b\u0259yanat\u0131 kimi t\u0259qdim edilmi\u015f b\u0259yanat \u0259slind\u0259 yaln\u0131z Fransa v\u0259 Erm\u0259nistan t\u0259r\u0259find\u0259n s\u0259sl\u0259ndirilib. Qeyd olunub ki, Az\u0259rbaycan n\u00fcmay\u0259nd\u0259 hey\u0259tinin cavab b\u0259yanat\u0131nda Fransa t\u0259r\u0259find\u0259n s\u0259sl\u0259ndiril\u0259n \u0259sass\u0131z iddialar&hellip;","_links":{"self":[{"href":"https:\/\/arantv.az\/index.php?rest_route=\/wp\/v2\/posts\/644527"}],"collection":[{"href":"https:\/\/arantv.az\/index.php?rest_route=\/wp\/v2\/posts"}],"about":[{"href":"https:\/\/arantv.az\/index.php?rest_route=\/wp\/v2\/types\/post"}],"author":[{"embeddable":true,"href":"https:\/\/arantv.az\/index.php?rest_route=\/wp\/v2\/users\/2"}],"replies":[{"embeddable":true,"href":"https:\/\/arantv.az\/index.php?rest_route=%2Fwp%2Fv2%2Fcomments&post=644527"}],"version-history":[{"count":0,"href":"https:\/\/arantv.az\/index.php?rest_route=\/wp\/v2\/posts\/644527\/revisions"}],"wp:featuredmedia":[{"embeddable":true,"href":"https:\/\/arantv.az\/index.php?rest_route=\/wp\/v2\/media\/644529"}],"wp:attachment":[{"href":"https:\/\/arantv.az\/index.php?rest_route=%2Fwp%2Fv2%2Fmedia&parent=644527"}],"wp:term":[{"taxonomy":"category","embeddable":true,"href":"https:\/\/arantv.az\/index.php?rest_route=%2Fwp%2Fv2%2Fcategories&post=644527"},{"taxonomy":"post_tag","embeddable":true,"href":"https:\/\/arantv.az\/index.php?rest_route=%2Fwp%2Fv2%2Ftags&post=644527"}],"curies":[{"name":"wp","href":"https:\/\/api.w.org\/{rel}","templated":true}]}}