{"id":644640,"date":"2023-10-12T17:15:02","date_gmt":"2023-10-12T13:15:02","guid":{"rendered":"https:\/\/arantv.az\/?p=644640"},"modified":"2023-10-12T17:15:02","modified_gmt":"2023-10-12T13:15:02","slug":"fransanin-mdb-hazirligi-t%c9%99hlil","status":"publish","type":"post","link":"https:\/\/arantv.az\/?p=644640","title":{"rendered":"Fransan\u0131n MDB haz\u0131rl\u0131\u011f\u0131 &#8211; T\u018fHL\u0130L"},"content":{"rendered":"<p>Az\u0259rbaycan Qaraba\u011fda antiterror t\u0259dbirl\u0259ri h\u0259yata ke\u00e7irdikd\u0259n sonra C\u0259nubi Qafqaz h\u0259rbi m\u00fcst\u0259vid\u0259 sabit d\u00f6vr\u00fcn\u0259 q\u0259d\u0259m qoyub, h\u0259r\u00e7\u0259nd, Fransa suyu buland\u0131rmaq \u00fc\u00e7\u00fcn \u0259lind\u0259n g\u0259l\u0259ni edir.<\/p>\n<p>Bu onu g\u00f6st\u0259rir ki, C\u0259nubi Qafqazdak\u0131 sabitlik modeli Fransan\u0131n regional v\u0259 beyn\u0259lxalq g\u00fcnd\u0259mi il\u0259 eynilik t\u0259\u015fkil etmir.<\/p>\n<p>Fransan\u0131n h\u0259r\u0259k\u0259tl\u0259rind\u0259ki aqressiya Parisin qlobal s\u0259hn\u0259d\u0259ki itki riskl\u0259ri il\u0259 \u0259laq\u0259li \u015f\u0259kild\u0259 inki\u015faf edir.<\/p>\n<p>Lakin biz C\u0259nubi Qafqaz regionu \u00fczr\u0259 kontekstd\u0259 Fransan\u0131n Az\u0259rbaycan-T\u00fcrkiy\u0259 strateji m\u00fctt\u0259fiqliyi fonundak\u0131 add\u0131mlar\u0131n\u0131 izah etm\u0259y\u0259 \u00e7al\u0131\u015faca\u011f\u0131q.<\/p>\n<p>Birinci n\u00f6vb\u0259d\u0259, Bak\u0131-Ankara birliyi Fransan\u0131n regional ambisiyalar\u0131n\u0131n yay\u0131lmas\u0131 \u00f6n\u00fcnd\u0259 h\u0259lledici mane\u0259dir.<\/p>\n<p>Parisin Erm\u0259nistan\u0131 silahland\u0131rmaq c\u0259hdi, C\u0259nubi Qafqaz oxunda var-g\u0259l etm\u0259si Az\u0259rbaycanla T\u00fcrkiy\u0259nin strateji enerjisini x\u0259rcl\u0259m\u0259k m\u0259qs\u0259dl\u0259rin\u0259 xidm\u0259t edir.<\/p>\n<p>\u0130kincisi, Az\u0259rbaycan-T\u00fcrkiy\u0259 m\u00fctt\u0259fiqliyi beyn\u0259lxalq r\u0259qab\u0259t m\u00fcst\u0259visind\u0259 \u00fcst n\u00f6qt\u0259d\u0259 dayanan superg\u00fccl\u0259r aras\u0131nda geni\u015f manevr sah\u0259si qazan\u0131r. Burada Fransaya yer yoxdur, \u00e7\u00fcnki Parisin regional v\u0259 beyn\u0259lxalq siyas\u0259ti h\u0259tta Q\u0259rbd\u0259 bel\u0259, strateji narahatl\u0131qlara s\u0259b\u0259b olur.<\/p>\n<p>\u00dc\u00e7\u00fcnc\u00fcs\u00fc, Fransan\u0131n C\u0259nubi Qafqazda ist\u0259diyi pay\u0131 ala bilm\u0259m\u0259si onun dig\u0259r regionlara a\u00e7\u0131la bil\u0259c\u0259k qap\u0131lar\u0131n\u0131 ba\u011flay\u0131r, y\u0259ni Bak\u0131-Ankara strateji m\u00fctt\u0259fiqliyi Paris \u00fc\u00e7\u00fcn regional daland\u0131r.<\/p>\n<p>Fransa cavab olaraq militarizm siyas\u0259tini v\u0259 arxa plandak\u0131 ikrah do\u011furacaq oyunlar\u0131n\u0131 d\u00f6vriyy\u0259d\u0259 tutur ki, b\u0259lk\u0259, n\u0259l\u0259ris\u0259 \u0259ld\u0259 etsin.<\/p>\n<p>Fransan\u0131n Erm\u0259nistan\u0131 silahland\u0131rmaq ist\u0259yi:<\/p>\n<p>&#8211; Parisin regionda h\u0259rbi qar\u015f\u0131durma v\u0259 silahl\u0131 g\u0259rginlik yaratmaq,<\/p>\n<p>&#8211; Perspektiv \u00fc\u00e7\u00fcn qap\u0131lar\u0131 aralay\u0131b n\u00fcfuz dair\u0259sin\u0259 girm\u0259k c\u0259hdl\u0259rind\u0259n x\u0259b\u0259r verir.<\/p>\n<p>\u0130ndi \u00fc\u00e7\u00fcn is\u0259 Fransan\u0131n iddialar\u0131 v\u0259 planlar\u0131 alt-\u00fcst olub, Paris itkil\u0259rinin davam\u0131n\u0131n g\u0259lm\u0259m\u0259si \u00fc\u00e7\u00fcn:<\/p>\n<p>&#8211; Regionda Az\u0259rbaycan\u0131n v\u0259 T\u00fcrkiy\u0259nin maraqlar\u0131na \u0259ks i\u015fl\u0259y\u0259 bil\u0259c\u0259k b\u00fct\u00fcn platformalar \u00fczr\u0259 s\u00f6vd\u0259l\u0259\u015fm\u0259 kanallar\u0131 axtar\u0131r,<\/p>\n<p>&#8211; Erm\u0259nistan\u0131 silahland\u0131rmaq arzusu il\u0259 regional g\u00fcc nisb\u0259tind\u0259ki balans\u0131 d\u0259yi\u015f\u0259 bil\u0259c\u0259yini d\u00fc\u015f\u00fcn\u00fcb \u0259ld\u0259 ed\u0259c\u0259yi n\u0259tic\u0259l\u0259ri s\u00f6vd\u0259l\u0259\u015fm\u0259 masas\u0131na proyeksiya etm\u0259k ist\u0259yir.<\/p>\n<p>G\u00f6st\u0259ril\u0259n tendensiya fonunda Az\u0259rbaycan Prezidenti\u00a0<strong>\u0130lham \u018fliyevin<\/strong>\u00a0oktyabr\u0131n 11-d\u0259 MDB-y\u0259 \u00fczv d\u00f6vl\u0259tl\u0259rin t\u0259hl\u00fck\u0259sizlik v\u0259 x\u00fcsusi xidm\u0259t orqanlar\u0131 r\u0259hb\u0259rl\u0259rini q\u0259bul ed\u0259rk\u0259n s\u0259sl\u0259ndirdiyi b\u0259yanat maraq do\u011furur.<\/p>\n<p>\u018fliyevin b\u0259yanat\u0131ndak\u0131 Fransa il\u0259 ba\u011fl\u0131 hiss\u0259l\u0259r:<\/p>\n<p>&#8211; Q\u0259rbd\u0259ki erm\u0259ni havadarlar\u0131ndan \u0259sas skripkan\u0131 \u00e7alan Fransad\u0131r;<\/p>\n<p>&#8211; Fransa bu g\u00fcn d\u0259 m\u00fcst\u0259ml\u0259k\u0259l\u0259r saxlay\u0131r;<\/p>\n<p>&#8211; Az\u0259rbaycan-Erm\u0259nistan m\u00fcnasib\u0259tl\u0259rinin t\u0259nziml\u0259nm\u0259si m\u0259s\u0259l\u0259sind\u0259 Fransan\u0131n vasit\u0259\u00e7iliyi laz\u0131m deyil.<\/p>\n<p>Mara\u011fa s\u0259b\u0259b ola bil\u0259c\u0259k dig\u0259r m\u0259qam \u018fliyevin h\u0259min b\u0259yanatlar\u0131 MDB-y\u0259 \u00fczv d\u00f6vl\u0259tl\u0259rin x\u00fcsusi xidm\u0259t orqanlar\u0131n\u0131n r\u0259hb\u0259rl\u0259ri qar\u015f\u0131s\u0131nda s\u0259sl\u0259ndirm\u0259sidir.<\/p>\n<p>Hesab etm\u0259k olar ki, Fransa MDB m\u0259kan\u0131nda h\u0259r\u0259k\u0259t istiqam\u0259tl\u0259rini t\u0259z\u0259l\u0259y\u0259n haz\u0131rl\u0131qlara ba\u015flay\u0131b v\u0259 Parisin regionda planla\u015fd\u0131rd\u0131\u011f\u0131 k\u0259\u015ffiyyat f\u0259aliyy\u0259tl\u0259ri bar\u0259d\u0259 ciddi siqnallar m\u00f6vcuddur.<\/p>\n<p><strong>Dem\u0259li:<\/strong><\/p>\n<p>&#8211; Az\u0259rbaycan T\u00fcrkiy\u0259 il\u0259 birlikd\u0259 Fransan\u0131n C\u0259nubi Qafqazdak\u0131 f\u0259aliyy\u0259t dair\u0259sini m\u0259hdudla\u015fd\u0131racaq strategiyalar i\u015fl\u0259yib-haz\u0131rlayacaq,<\/p>\n<p>&#8211; Az\u0259rbaycan MDB m\u0259kan\u0131nda Fransan\u0131n prinsipl\u0259rinin i\u015fl\u0259k olmamas\u0131 \u00fc\u00e7\u00fcn m\u00fczakir\u0259l\u0259ri davam etdir\u0259c\u0259k.<\/p>\n","protected":false},"excerpt":{"rendered":"<p>Az\u0259rbaycan Qaraba\u011fda antiterror t\u0259dbirl\u0259ri h\u0259yata ke\u00e7irdikd\u0259n sonra C\u0259nubi Qafqaz h\u0259rbi m\u00fcst\u0259vid\u0259 sabit d\u00f6vr\u00fcn\u0259 q\u0259d\u0259m qoyub, h\u0259r\u00e7\u0259nd, Fransa suyu buland\u0131rmaq \u00fc\u00e7\u00fcn \u0259lind\u0259n g\u0259l\u0259ni edir. Bu onu g\u00f6st\u0259rir ki, C\u0259nubi Qafqazdak\u0131 sabitlik modeli Fransan\u0131n regional v\u0259 beyn\u0259lxalq g\u00fcnd\u0259mi il\u0259 eynilik t\u0259\u015fkil etmir. Fransan\u0131n h\u0259r\u0259k\u0259tl\u0259rind\u0259ki aqressiya Parisin qlobal s\u0259hn\u0259d\u0259ki itki riskl\u0259ri il\u0259 \u0259laq\u0259li \u015f\u0259kild\u0259 inki\u015faf edir. Lakin biz C\u0259nubi Qafqaz regionu \u00fczr\u0259 kontekstd\u0259 Fransan\u0131n Az\u0259rbaycan-T\u00fcrkiy\u0259 strateji m\u00fctt\u0259fiqliyi fonundak\u0131 add\u0131mlar\u0131n\u0131 izah etm\u0259y\u0259 \u00e7al\u0131\u015faca\u011f\u0131q. Birinci n\u00f6vb\u0259d\u0259, Bak\u0131-Ankara birliyi Fransan\u0131n regional ambisiyalar\u0131n\u0131n yay\u0131lmas\u0131 \u00f6n\u00fcnd\u0259 h\u0259lledici mane\u0259dir. Parisin Erm\u0259nistan\u0131 silahland\u0131rmaq c\u0259hdi, C\u0259nubi Qafqaz oxunda var-g\u0259l etm\u0259si Az\u0259rbaycanla&hellip;<\/p>\n","protected":false},"author":2,"featured_media":644644,"comment_status":"closed","ping_status":"closed","sticky":false,"template":"","format":"standard","meta":{"om_disable_all_campaigns":false,"_monsterinsights_skip_tracking":false,"_monsterinsights_sitenote_active":false,"_monsterinsights_sitenote_note":"","_monsterinsights_sitenote_category":0},"categories":[4],"tags":[],"aioseo_notices":[],"gutentor_comment":0,"rttpg_featured_image_url":{"full":["https:\/\/arantv.az\/wp-content\/uploads\/2023\/10\/dgse.jpg",620,413,false],"landscape":["https:\/\/arantv.az\/wp-content\/uploads\/2023\/10\/dgse.jpg",620,413,false],"portraits":["https:\/\/arantv.az\/wp-content\/uploads\/2023\/10\/dgse.jpg",620,413,false],"thumbnail":["https:\/\/arantv.az\/wp-content\/uploads\/2023\/10\/dgse-500x280.jpg",500,280,true],"medium":["https:\/\/arantv.az\/wp-content\/uploads\/2023\/10\/dgse-548x365.jpg",548,365,true],"large":["https:\/\/arantv.az\/wp-content\/uploads\/2023\/10\/dgse.jpg",620,413,false],"1536x1536":["https:\/\/arantv.az\/wp-content\/uploads\/2023\/10\/dgse.jpg",620,413,false],"2048x2048":["https:\/\/arantv.az\/wp-content\/uploads\/2023\/10\/dgse.jpg",620,413,false],"post-thumbnail":["https:\/\/arantv.az\/wp-content\/uploads\/2023\/10\/dgse-240x172.jpg",240,172,true],"advps-thumb-one":["https:\/\/arantv.az\/wp-content\/uploads\/2023\/10\/dgse.jpg",620,413,false]},"rttpg_author":{"display_name":"V\u00fcsal Rafiqo\u011flu","author_link":"https:\/\/arantv.az\/?author=2"},"rttpg_comment":0,"rttpg_category":"<a href=\"https:\/\/arantv.az\/?cat=4\" rel=\"category\">Siyas\u0259t<\/a>","rttpg_excerpt":"Az\u0259rbaycan Qaraba\u011fda antiterror t\u0259dbirl\u0259ri h\u0259yata ke\u00e7irdikd\u0259n sonra C\u0259nubi Qafqaz h\u0259rbi m\u00fcst\u0259vid\u0259 sabit d\u00f6vr\u00fcn\u0259 q\u0259d\u0259m qoyub, h\u0259r\u00e7\u0259nd, Fransa suyu buland\u0131rmaq \u00fc\u00e7\u00fcn \u0259lind\u0259n g\u0259l\u0259ni edir. Bu onu g\u00f6st\u0259rir ki, C\u0259nubi Qafqazdak\u0131 sabitlik modeli Fransan\u0131n regional v\u0259 beyn\u0259lxalq g\u00fcnd\u0259mi il\u0259 eynilik t\u0259\u015fkil etmir. Fransan\u0131n h\u0259r\u0259k\u0259tl\u0259rind\u0259ki aqressiya Parisin qlobal s\u0259hn\u0259d\u0259ki itki riskl\u0259ri il\u0259 \u0259laq\u0259li \u015f\u0259kild\u0259 inki\u015faf edir. Lakin biz&hellip;","_links":{"self":[{"href":"https:\/\/arantv.az\/index.php?rest_route=\/wp\/v2\/posts\/644640"}],"collection":[{"href":"https:\/\/arantv.az\/index.php?rest_route=\/wp\/v2\/posts"}],"about":[{"href":"https:\/\/arantv.az\/index.php?rest_route=\/wp\/v2\/types\/post"}],"author":[{"embeddable":true,"href":"https:\/\/arantv.az\/index.php?rest_route=\/wp\/v2\/users\/2"}],"replies":[{"embeddable":true,"href":"https:\/\/arantv.az\/index.php?rest_route=%2Fwp%2Fv2%2Fcomments&post=644640"}],"version-history":[{"count":0,"href":"https:\/\/arantv.az\/index.php?rest_route=\/wp\/v2\/posts\/644640\/revisions"}],"wp:featuredmedia":[{"embeddable":true,"href":"https:\/\/arantv.az\/index.php?rest_route=\/wp\/v2\/media\/644644"}],"wp:attachment":[{"href":"https:\/\/arantv.az\/index.php?rest_route=%2Fwp%2Fv2%2Fmedia&parent=644640"}],"wp:term":[{"taxonomy":"category","embeddable":true,"href":"https:\/\/arantv.az\/index.php?rest_route=%2Fwp%2Fv2%2Fcategories&post=644640"},{"taxonomy":"post_tag","embeddable":true,"href":"https:\/\/arantv.az\/index.php?rest_route=%2Fwp%2Fv2%2Ftags&post=644640"}],"curies":[{"name":"wp","href":"https:\/\/api.w.org\/{rel}","templated":true}]}}