{"id":644651,"date":"2023-10-12T17:17:21","date_gmt":"2023-10-12T13:17:21","guid":{"rendered":"https:\/\/arantv.az\/?p=644651"},"modified":"2023-10-12T17:17:21","modified_gmt":"2023-10-12T13:17:21","slug":"az%c9%99rbaycanli-biznesmen-qazaxistanin-n%c9%99qliyyat-naziri-il%c9%99-gorusub-foto","status":"publish","type":"post","link":"https:\/\/arantv.az\/?p=644651","title":{"rendered":"Az\u0259rbaycanl\u0131 biznesmen Qazax\u0131stan\u0131n n\u0259qliyyat naziri il\u0259 g\u00f6r\u00fc\u015f\u00fcb &#8211; FOTO"},"content":{"rendered":"<p>Az\u0259rbaycanl\u0131 biznesmen Adnan \u018fhm\u0259dzad\u0259 bu g\u00fcn Qazax\u0131stan\u0131n n\u0259qliyyat naziri Marat Karabayevl\u0259 g\u00f6r\u00fc\u015f\u00fcb.<\/p>\n<p><strong>ARANTV.AZ<\/strong>-\u0131n m\u0259lumat\u0131na g\u00f6r\u0259, bu bar\u0259d\u0259 i\u015f adam\u0131 \u00f6z\u00fcn\u00fcn \u201cX\u201d sosial \u015f\u0259b\u0259k\u0259 hesab\u0131ndan x\u0259b\u0259r verib.<\/p>\n<p>Onun s\u00f6zl\u0259rin\u0259 g\u00f6r\u0259, g\u00f6r\u00fc\u015fd\u0259 d\u00f6vl\u0259t d\u0259st\u0259yi il\u0259 Qazax\u0131stan\u0131n \u00f6z\u0259l \u015firk\u0259tl\u0259ri il\u0259 \u0259m\u0259kda\u015fl\u0131q, h\u0259m\u00e7inin, Qazax\u0131standa azad iqtisadi zonalarda istehsal \u00fczr\u0259 v\u0259 n\u0259qliyyat-logistika layih\u0259l\u0259rind\u0259 i\u015ftirak imkanlar\u0131 m\u00fczakir\u0259 edilib.<\/p>\n<div>\n<div class=\"twitter-tweet twitter-tweet-rendered\"><iframe id=\"twitter-widget-0\" class=\"\" title=\"Twitter Tweet\" src=\"https:\/\/platform.twitter.com\/embed\/Tweet.html?creatorScreenName=oxuaz&amp;dnt=false&amp;embedId=twitter-widget-0&amp;features=eyJ0ZndfdGltZWxpbmVfbGlzdCI6eyJidWNrZXQiOltdLCJ2ZXJzaW9uIjpudWxsfSwidGZ3X2ZvbGxvd2VyX2NvdW50X3N1bnNldCI6eyJidWNrZXQiOnRydWUsInZlcnNpb24iOm51bGx9LCJ0ZndfdHdlZXRfZWRpdF9iYWNrZW5kIjp7ImJ1Y2tldCI6Im9uIiwidmVyc2lvbiI6bnVsbH0sInRmd19yZWZzcmNfc2Vzc2lvbiI6eyJidWNrZXQiOiJvbiIsInZlcnNpb24iOm51bGx9LCJ0ZndfZm9zbnJfc29mdF9pbnRlcnZlbnRpb25zX2VuYWJsZWQiOnsiYnVja2V0Ijoib24iLCJ2ZXJzaW9uIjpudWxsfSwidGZ3X21peGVkX21lZGlhXzE1ODk3Ijp7ImJ1Y2tldCI6InRyZWF0bWVudCIsInZlcnNpb24iOm51bGx9LCJ0ZndfZXhwZXJpbWVudHNfY29va2llX2V4cGlyYXRpb24iOnsiYnVja2V0IjoxMjA5NjAwLCJ2ZXJzaW9uIjpudWxsfSwidGZ3X3Nob3dfYmlyZHdhdGNoX3Bpdm90c19lbmFibGVkIjp7ImJ1Y2tldCI6Im9uIiwidmVyc2lvbiI6bnVsbH0sInRmd19kdXBsaWNhdGVfc2NyaWJlc190b19zZXR0aW5ncyI6eyJidWNrZXQiOiJvbiIsInZlcnNpb24iOm51bGx9LCJ0ZndfdXNlX3Byb2ZpbGVfaW1hZ2Vfc2hhcGVfZW5hYmxlZCI6eyJidWNrZXQiOiJvbiIsInZlcnNpb24iOm51bGx9LCJ0ZndfdmlkZW9faGxzX2R5bmFtaWNfbWFuaWZlc3RzXzE1MDgyIjp7ImJ1Y2tldCI6InRydWVfYml0cmF0ZSIsInZlcnNpb24iOm51bGx9LCJ0ZndfbGVnYWN5X3RpbWVsaW5lX3N1bnNldCI6eyJidWNrZXQiOnRydWUsInZlcnNpb24iOm51bGx9LCJ0ZndfdHdlZXRfZWRpdF9mcm9udGVuZCI6eyJidWNrZXQiOiJvbiIsInZlcnNpb24iOm51bGx9fQ%3D%3D&amp;frame=false&amp;hideCard=false&amp;hideThread=false&amp;id=1712379066794246190&amp;lang=en&amp;origin=https%3A%2F%2Foxu.az%2Fpolitics%2F789300&amp;sessionId=fa2bdb6a8ebfad0384e4ecd709b29dd7043bed4f&amp;siteScreenName=oxuaz&amp;theme=light&amp;widgetsVersion=01917f4d1d4cb%3A1696883169554&amp;width=550px\" frameborder=\"0\" scrolling=\"no\" allowfullscreen=\"allowfullscreen\" data-tweet-id=\"1712379066794246190\" data-mce-fragment=\"1\"><\/iframe><\/div>\n<\/div>\n<p>&nbsp;<\/p>\n","protected":false},"excerpt":{"rendered":"<p>Az\u0259rbaycanl\u0131 biznesmen Adnan \u018fhm\u0259dzad\u0259 bu g\u00fcn Qazax\u0131stan\u0131n n\u0259qliyyat naziri Marat Karabayevl\u0259 g\u00f6r\u00fc\u015f\u00fcb. ARANTV.AZ-\u0131n m\u0259lumat\u0131na g\u00f6r\u0259, bu bar\u0259d\u0259 i\u015f adam\u0131 \u00f6z\u00fcn\u00fcn \u201cX\u201d sosial \u015f\u0259b\u0259k\u0259 hesab\u0131ndan x\u0259b\u0259r verib. Onun s\u00f6zl\u0259rin\u0259 g\u00f6r\u0259, g\u00f6r\u00fc\u015fd\u0259 d\u00f6vl\u0259t d\u0259st\u0259yi il\u0259 Qazax\u0131stan\u0131n \u00f6z\u0259l \u015firk\u0259tl\u0259ri il\u0259 \u0259m\u0259kda\u015fl\u0131q, h\u0259m\u00e7inin, Qazax\u0131standa azad iqtisadi zonalarda istehsal \u00fczr\u0259 v\u0259 n\u0259qliyyat-logistika layih\u0259l\u0259rind\u0259 i\u015ftirak imkanlar\u0131 m\u00fczakir\u0259 edilib. &nbsp;<\/p>\n","protected":false},"author":2,"featured_media":644654,"comment_status":"closed","ping_status":"closed","sticky":false,"template":"","format":"standard","meta":{"om_disable_all_campaigns":false,"_monsterinsights_skip_tracking":false,"_monsterinsights_sitenote_active":false,"_monsterinsights_sitenote_note":"","_monsterinsights_sitenote_category":0},"categories":[4],"tags":[],"aioseo_notices":[],"gutentor_comment":0,"rttpg_featured_image_url":{"full":["https:\/\/arantv.az\/wp-content\/uploads\/2023\/10\/F8OXrhbW4AAkttf.jpg",620,413,false],"landscape":["https:\/\/arantv.az\/wp-content\/uploads\/2023\/10\/F8OXrhbW4AAkttf.jpg",620,413,false],"portraits":["https:\/\/arantv.az\/wp-content\/uploads\/2023\/10\/F8OXrhbW4AAkttf.jpg",620,413,false],"thumbnail":["https:\/\/arantv.az\/wp-content\/uploads\/2023\/10\/F8OXrhbW4AAkttf-500x280.jpg",500,280,true],"medium":["https:\/\/arantv.az\/wp-content\/uploads\/2023\/10\/F8OXrhbW4AAkttf-548x365.jpg",548,365,true],"large":["https:\/\/arantv.az\/wp-content\/uploads\/2023\/10\/F8OXrhbW4AAkttf.jpg",620,413,false],"1536x1536":["https:\/\/arantv.az\/wp-content\/uploads\/2023\/10\/F8OXrhbW4AAkttf.jpg",620,413,false],"2048x2048":["https:\/\/arantv.az\/wp-content\/uploads\/2023\/10\/F8OXrhbW4AAkttf.jpg",620,413,false],"post-thumbnail":["https:\/\/arantv.az\/wp-content\/uploads\/2023\/10\/F8OXrhbW4AAkttf-240x172.jpg",240,172,true],"advps-thumb-one":["https:\/\/arantv.az\/wp-content\/uploads\/2023\/10\/F8OXrhbW4AAkttf.jpg",620,413,false]},"rttpg_author":{"display_name":"V\u00fcsal Rafiqo\u011flu","author_link":"https:\/\/arantv.az\/?author=2"},"rttpg_comment":0,"rttpg_category":"<a href=\"https:\/\/arantv.az\/?cat=4\" rel=\"category\">Siyas\u0259t<\/a>","rttpg_excerpt":"Az\u0259rbaycanl\u0131 biznesmen Adnan \u018fhm\u0259dzad\u0259 bu g\u00fcn Qazax\u0131stan\u0131n n\u0259qliyyat naziri Marat Karabayevl\u0259 g\u00f6r\u00fc\u015f\u00fcb. ARANTV.AZ-\u0131n m\u0259lumat\u0131na g\u00f6r\u0259, bu bar\u0259d\u0259 i\u015f adam\u0131 \u00f6z\u00fcn\u00fcn \u201cX\u201d sosial \u015f\u0259b\u0259k\u0259 hesab\u0131ndan x\u0259b\u0259r verib. Onun s\u00f6zl\u0259rin\u0259 g\u00f6r\u0259, g\u00f6r\u00fc\u015fd\u0259 d\u00f6vl\u0259t d\u0259st\u0259yi il\u0259 Qazax\u0131stan\u0131n \u00f6z\u0259l \u015firk\u0259tl\u0259ri il\u0259 \u0259m\u0259kda\u015fl\u0131q, h\u0259m\u00e7inin, Qazax\u0131standa azad iqtisadi zonalarda istehsal \u00fczr\u0259 v\u0259 n\u0259qliyyat-logistika layih\u0259l\u0259rind\u0259 i\u015ftirak imkanlar\u0131 m\u00fczakir\u0259 edilib. &nbsp;","_links":{"self":[{"href":"https:\/\/arantv.az\/index.php?rest_route=\/wp\/v2\/posts\/644651"}],"collection":[{"href":"https:\/\/arantv.az\/index.php?rest_route=\/wp\/v2\/posts"}],"about":[{"href":"https:\/\/arantv.az\/index.php?rest_route=\/wp\/v2\/types\/post"}],"author":[{"embeddable":true,"href":"https:\/\/arantv.az\/index.php?rest_route=\/wp\/v2\/users\/2"}],"replies":[{"embeddable":true,"href":"https:\/\/arantv.az\/index.php?rest_route=%2Fwp%2Fv2%2Fcomments&post=644651"}],"version-history":[{"count":0,"href":"https:\/\/arantv.az\/index.php?rest_route=\/wp\/v2\/posts\/644651\/revisions"}],"wp:featuredmedia":[{"embeddable":true,"href":"https:\/\/arantv.az\/index.php?rest_route=\/wp\/v2\/media\/644654"}],"wp:attachment":[{"href":"https:\/\/arantv.az\/index.php?rest_route=%2Fwp%2Fv2%2Fmedia&parent=644651"}],"wp:term":[{"taxonomy":"category","embeddable":true,"href":"https:\/\/arantv.az\/index.php?rest_route=%2Fwp%2Fv2%2Fcategories&post=644651"},{"taxonomy":"post_tag","embeddable":true,"href":"https:\/\/arantv.az\/index.php?rest_route=%2Fwp%2Fv2%2Ftags&post=644651"}],"curies":[{"name":"wp","href":"https:\/\/api.w.org\/{rel}","templated":true}]}}