{"id":644693,"date":"2023-10-12T19:20:52","date_gmt":"2023-10-12T15:20:52","guid":{"rendered":"https:\/\/arantv.az\/?p=644693"},"modified":"2023-10-12T19:20:52","modified_gmt":"2023-10-12T15:20:52","slug":"f%c9%99rid-sahbazli-g%c9%99ncl%c9%99r-siyas%c9%99tinin-muhum-bir-istiqam%c9%99t%c9%99-cevrilm%c9%99si-ilham-%c9%99liyevin-siyasi-irad%c9%99sidir","status":"publish","type":"post","link":"https:\/\/arantv.az\/?p=644693","title":{"rendered":"F\u0259rid \u015eahbazl\u0131: \u201cG\u0259ncl\u0259r siyas\u0259tinin m\u00fch\u00fcm bir istiqam\u0259t\u0259 \u00e7evrilm\u0259si \u0130lham \u018fliyevin siyasi irad\u0259sidir\u201d"},"content":{"rendered":"<p>\u201cAz\u0259rbaycan\u0131n son 20 ild\u0259 qazand\u0131\u011f\u0131 b\u00f6y\u00fck u\u011furlar, d\u00fcnyan\u0131n siyasi v\u0259 iqtisadi g\u00fcc m\u0259rk\u0259zl\u0259rind\u0259n birin\u0259 \u00e7evrilm\u0259si, beyn\u0259lxalq m\u00fcnasib\u0259tl\u0259r sistemind\u0259 h\u0259lledici aktora \u00e7evrilm\u0259si Prezident \u0130lham \u018fliyevin ad\u0131 il\u0259 ba\u011fl\u0131d\u0131r. Bu g\u00fcn Az\u0259rbaycan\u0131n m\u00fcxt\u0259lif sah\u0259l\u0259rd\u0259ki u\u011furlu t\u0259cr\u00fcb\u0259si d\u00fcnyan\u0131n bir \u00e7ox qabaqc\u0131l \u00f6lk\u0259l\u0259ri t\u0259r\u0259find\u0259n bir model kimi \u00f6yr\u0259nilir v\u0259 t\u0259tbiq edilir\u201d.<\/p>\n<p>Bu s\u00f6zl\u0259ri \u201c\u0130slahat\u00e7\u0131 G\u0259ncl\u0259r\u201d \u0130ctimai Birliyinin s\u0259dri F\u0259rid \u015eahbazl\u0131 deyib.<\/p>\n<p>Onun s\u00f6zl\u0259rin\u0259 g\u00f6r\u0259,\u00a0<strong>\u0130lham \u018fliyevin<\/strong>\u00a0hakimiyy\u0259ti d\u00f6vr\u00fcnd\u0259n b\u00fct\u00fcn sah\u0259l\u0259rd\u0259 oldu\u011fu kimi, g\u0259ncl\u0259r siyas\u0259ti sah\u0259sind\u0259 d\u0259 b\u00f6y\u00fck u\u011furlar \u0259ld\u0259 edilib:<\/p>\n<p>\u201c\u00d6lk\u0259mizd\u0259 \u0259sas\u0131 Ulu \u00d6nd\u0259r Heyd\u0259r \u018fliyev t\u0259r\u0259find\u0259n qoyulan d\u00f6vl\u0259t g\u0259ncl\u0259r siyas\u0259ti Prezident t\u0259r\u0259find\u0259n b\u00f6y\u00fck u\u011furla davam etdirilir. G\u0259ncl\u0259r siyas\u0259ti bu ill\u0259rd\u0259 keyfiyy\u0259tc\u0259 yeni m\u0259rh\u0259l\u0259y\u0259 q\u0259d\u0259m qoyub. Prezident \u0130lham \u018fliyevin prinspial siyasi irad\u0259sinin n\u0259tic\u0259si olaraq, g\u0259ncl\u0259r siyas\u0259ti Az\u0259rbaycanda d\u00f6vl\u0259t siyas\u0259tinin m\u00fch\u00fcm bir istiqam\u0259tin\u0259 \u00e7evrilib. Haz\u0131rda \u00f6lk\u0259mizd\u0259 g\u0259ncliyin h\u0259rt\u0259r\u0259fli inki\u015faf\u0131n\u0131 t\u0259min etm\u0259k \u00fc\u00e7\u00fcn m\u00fcxt\u0259lif d\u00f6vl\u0259t proqramlar\u0131, g\u0259ncl\u0259rin inki\u015faf strategiyalar\u0131 icra edilir. Az\u0259rbaycan G\u0259ncl\u0259r Fondunun, g\u0259nc kadrlar\u0131n \u00f6n\u0259 \u00e7\u0259kilm\u0259sini h\u0259d\u0259fl\u0259y\u0259n \u201cY\u00fcks\u0259li\u015f\u201d m\u00fcsabiq\u0259sinin f\u0259aliyy\u0259t g\u00f6st\u0259rm\u0259si, g\u0259ncl\u0259rin f\u0259aliyy\u0259tinin d\u00f6vl\u0259t ba\u015f\u00e7\u0131s\u0131 t\u0259r\u0259find\u0259n m\u00fct\u0259madi olaraq qiym\u0259tl\u0259ndirilm\u0259si g\u0259ncl\u0259rin d\u00f6vl\u0259t idar\u0259\u00e7iliyind\u0259 i\u015ftirak\u0131n\u0131 v\u0259 rolunu ciddi \u015f\u0259kild\u0259 art\u0131r\u0131b. G\u0259ncl\u0259rl\u0259 apar\u0131lan m\u0259qs\u0259dy\u00f6nl\u00fc i\u015fin n\u0259tic\u0259sidir ki, Az\u0259rbaycan g\u0259ncliyi 44 g\u00fcnl\u00fck V\u0259t\u0259n M\u00fcharib\u0259si s\u0131na\u011f\u0131ndan \u00f6n c\u0259bh\u0259d\u0259 q\u0259hr\u0259man \u0259sg\u0259r, arxa c\u0259bh\u0259d\u0259 informasiya c\u0259bh\u0259sinin d\u00f6y\u00fc\u015f\u00e7\u00fcs\u00fc kimi \u00fcz\u00fca\u011f \u00e7\u0131xd\u0131\u201d.<\/p>\n<p>F.\u015eahbazl\u0131 bildirib ki, M\u00fcz\u0259ff\u0259r Ali Ba\u015f Komandan \u0130lham \u018fliyevin r\u0259hb\u0259rliyi il\u0259 Qaraba\u011fda 30 illik i\u015f\u011fala son qoyularaq, \u00f6lk\u0259mizin \u0259razi b\u00fct\u00f6vl\u00fcy\u00fcn\u00fcn tam t\u0259min edilm\u0259si il\u0259 tarixi \u0259dal\u0259t b\u0259rpa edildi: \u201cBu fakt 20 ildir Az\u0259rbaycana b\u00f6y\u00fck u\u011furlar qazand\u0131ran Prezidentin f\u0259aliyy\u0259t d\u00f6vr\u00fcn\u00fcn \u0259n parlaq s\u0259hif\u0259si kimi Az\u0259rbaycan tarixind\u0259 \u0259b\u0259di ya\u015fayacaq\u201d.<\/p>\n","protected":false},"excerpt":{"rendered":"<p>\u201cAz\u0259rbaycan\u0131n son 20 ild\u0259 qazand\u0131\u011f\u0131 b\u00f6y\u00fck u\u011furlar, d\u00fcnyan\u0131n siyasi v\u0259 iqtisadi g\u00fcc m\u0259rk\u0259zl\u0259rind\u0259n birin\u0259 \u00e7evrilm\u0259si, beyn\u0259lxalq m\u00fcnasib\u0259tl\u0259r sistemind\u0259 h\u0259lledici aktora \u00e7evrilm\u0259si Prezident \u0130lham \u018fliyevin ad\u0131 il\u0259 ba\u011fl\u0131d\u0131r. Bu g\u00fcn Az\u0259rbaycan\u0131n m\u00fcxt\u0259lif sah\u0259l\u0259rd\u0259ki u\u011furlu t\u0259cr\u00fcb\u0259si d\u00fcnyan\u0131n bir \u00e7ox qabaqc\u0131l \u00f6lk\u0259l\u0259ri t\u0259r\u0259find\u0259n bir model kimi \u00f6yr\u0259nilir v\u0259 t\u0259tbiq edilir\u201d. Bu s\u00f6zl\u0259ri \u201c\u0130slahat\u00e7\u0131 G\u0259ncl\u0259r\u201d \u0130ctimai Birliyinin s\u0259dri F\u0259rid \u015eahbazl\u0131 deyib. Onun s\u00f6zl\u0259rin\u0259 g\u00f6r\u0259,\u00a0\u0130lham \u018fliyevin\u00a0hakimiyy\u0259ti d\u00f6vr\u00fcnd\u0259n b\u00fct\u00fcn sah\u0259l\u0259rd\u0259 oldu\u011fu kimi, g\u0259ncl\u0259r siyas\u0259ti sah\u0259sind\u0259 d\u0259 b\u00f6y\u00fck u\u011furlar \u0259ld\u0259 edilib: \u201c\u00d6lk\u0259mizd\u0259 \u0259sas\u0131 Ulu \u00d6nd\u0259r Heyd\u0259r \u018fliyev t\u0259r\u0259find\u0259n qoyulan d\u00f6vl\u0259t g\u0259ncl\u0259r siyas\u0259ti Prezident t\u0259r\u0259find\u0259n b\u00f6y\u00fck u\u011furla davam&hellip;<\/p>\n","protected":false},"author":2,"featured_media":644698,"comment_status":"closed","ping_status":"closed","sticky":false,"template":"","format":"standard","meta":{"om_disable_all_campaigns":false,"_monsterinsights_skip_tracking":false,"_monsterinsights_sitenote_active":false,"_monsterinsights_sitenote_note":"","_monsterinsights_sitenote_category":0},"categories":[4],"tags":[],"aioseo_notices":[],"gutentor_comment":0,"rttpg_featured_image_url":{"full":["https:\/\/arantv.az\/wp-content\/uploads\/2023\/10\/370302240_1800578213772103_5438311380552604292_n.jpg",620,413,false],"landscape":["https:\/\/arantv.az\/wp-content\/uploads\/2023\/10\/370302240_1800578213772103_5438311380552604292_n.jpg",620,413,false],"portraits":["https:\/\/arantv.az\/wp-content\/uploads\/2023\/10\/370302240_1800578213772103_5438311380552604292_n.jpg",620,413,false],"thumbnail":["https:\/\/arantv.az\/wp-content\/uploads\/2023\/10\/370302240_1800578213772103_5438311380552604292_n-500x280.jpg",500,280,true],"medium":["https:\/\/arantv.az\/wp-content\/uploads\/2023\/10\/370302240_1800578213772103_5438311380552604292_n-548x365.jpg",548,365,true],"large":["https:\/\/arantv.az\/wp-content\/uploads\/2023\/10\/370302240_1800578213772103_5438311380552604292_n.jpg",620,413,false],"1536x1536":["https:\/\/arantv.az\/wp-content\/uploads\/2023\/10\/370302240_1800578213772103_5438311380552604292_n.jpg",620,413,false],"2048x2048":["https:\/\/arantv.az\/wp-content\/uploads\/2023\/10\/370302240_1800578213772103_5438311380552604292_n.jpg",620,413,false],"post-thumbnail":["https:\/\/arantv.az\/wp-content\/uploads\/2023\/10\/370302240_1800578213772103_5438311380552604292_n-240x172.jpg",240,172,true],"advps-thumb-one":["https:\/\/arantv.az\/wp-content\/uploads\/2023\/10\/370302240_1800578213772103_5438311380552604292_n.jpg",620,413,false]},"rttpg_author":{"display_name":"V\u00fcsal Rafiqo\u011flu","author_link":"https:\/\/arantv.az\/?author=2"},"rttpg_comment":0,"rttpg_category":"<a href=\"https:\/\/arantv.az\/?cat=4\" rel=\"category\">Siyas\u0259t<\/a>","rttpg_excerpt":"\u201cAz\u0259rbaycan\u0131n son 20 ild\u0259 qazand\u0131\u011f\u0131 b\u00f6y\u00fck u\u011furlar, d\u00fcnyan\u0131n siyasi v\u0259 iqtisadi g\u00fcc m\u0259rk\u0259zl\u0259rind\u0259n birin\u0259 \u00e7evrilm\u0259si, beyn\u0259lxalq m\u00fcnasib\u0259tl\u0259r sistemind\u0259 h\u0259lledici aktora \u00e7evrilm\u0259si Prezident \u0130lham \u018fliyevin ad\u0131 il\u0259 ba\u011fl\u0131d\u0131r. Bu g\u00fcn Az\u0259rbaycan\u0131n m\u00fcxt\u0259lif sah\u0259l\u0259rd\u0259ki u\u011furlu t\u0259cr\u00fcb\u0259si d\u00fcnyan\u0131n bir \u00e7ox qabaqc\u0131l \u00f6lk\u0259l\u0259ri t\u0259r\u0259find\u0259n bir model kimi \u00f6yr\u0259nilir v\u0259 t\u0259tbiq edilir\u201d. Bu s\u00f6zl\u0259ri \u201c\u0130slahat\u00e7\u0131 G\u0259ncl\u0259r\u201d \u0130ctimai Birliyinin s\u0259dri F\u0259rid&hellip;","_links":{"self":[{"href":"https:\/\/arantv.az\/index.php?rest_route=\/wp\/v2\/posts\/644693"}],"collection":[{"href":"https:\/\/arantv.az\/index.php?rest_route=\/wp\/v2\/posts"}],"about":[{"href":"https:\/\/arantv.az\/index.php?rest_route=\/wp\/v2\/types\/post"}],"author":[{"embeddable":true,"href":"https:\/\/arantv.az\/index.php?rest_route=\/wp\/v2\/users\/2"}],"replies":[{"embeddable":true,"href":"https:\/\/arantv.az\/index.php?rest_route=%2Fwp%2Fv2%2Fcomments&post=644693"}],"version-history":[{"count":0,"href":"https:\/\/arantv.az\/index.php?rest_route=\/wp\/v2\/posts\/644693\/revisions"}],"wp:featuredmedia":[{"embeddable":true,"href":"https:\/\/arantv.az\/index.php?rest_route=\/wp\/v2\/media\/644698"}],"wp:attachment":[{"href":"https:\/\/arantv.az\/index.php?rest_route=%2Fwp%2Fv2%2Fmedia&parent=644693"}],"wp:term":[{"taxonomy":"category","embeddable":true,"href":"https:\/\/arantv.az\/index.php?rest_route=%2Fwp%2Fv2%2Fcategories&post=644693"},{"taxonomy":"post_tag","embeddable":true,"href":"https:\/\/arantv.az\/index.php?rest_route=%2Fwp%2Fv2%2Ftags&post=644693"}],"curies":[{"name":"wp","href":"https:\/\/api.w.org\/{rel}","templated":true}]}}