{"id":644702,"date":"2023-10-12T19:21:57","date_gmt":"2023-10-12T15:21:57","guid":{"rendered":"https:\/\/arantv.az\/?p=644702"},"modified":"2023-10-12T19:21:57","modified_gmt":"2023-10-12T15:21:57","slug":"turkiy%c9%99nin-hakim-partiyasi-fransanin-az%c9%99rbaycanla-bagli-ittihamlari-%c9%99sassizdir","status":"publish","type":"post","link":"https:\/\/arantv.az\/?p=644702","title":{"rendered":"T\u00fcrkiy\u0259nin hakim partiyas\u0131: \u201cFransan\u0131n Az\u0259rbaycanla ba\u011fl\u0131 ittihamlar\u0131 \u0259sass\u0131zd\u0131r\u201d"},"content":{"rendered":"<p>\u201cFransan\u0131n Az\u0259rbaycanla ba\u011fl\u0131 ittihamlar\u0131 \u0259sass\u0131zd\u0131r\u201d<\/p>\n<p>Bunu T\u00fcrkiy\u0259nin hakim \u018fdal\u0259t v\u0259 \u0130nki\u015faf Partiyas\u0131n\u0131n s\u00f6z\u00e7\u00fcs\u00fc \u00d6m\u0259r \u00c7\u0259lik jurnalistl\u0259r\u0259 a\u00e7\u0131qlamas\u0131nda deyib.<\/p>\n<p>O xat\u0131rlad\u0131b ki, Az\u0259rbaycan\u0131n \u00f6z torpa\u011f\u0131 olan Qaraba\u011fda erm\u0259ni terror\u00e7ular\u0131n \u00e7\u0131xar\u0131lmas\u0131 \u00fc\u00e7\u00fcn antiterror t\u0259dbirl\u0259ri ke\u00e7irib:<\/p>\n<p>\u201cAntiterror t\u0259dbirl\u0259ri n\u0259tic\u0259sind\u0259 terror\u00e7ular \u0259razid\u0259n \u00e7\u0131xar\u0131ld\u0131. Bundan sonra Az\u0259rbaycana qar\u015f\u0131 soyq\u0131r\u0131m\u0131 ittihamlar\u0131 s\u0259sl\u0259ndi. Amma bu t\u0259sdiql\u0259nm\u0259di. \u00dcmumiyy\u0259tl\u0259, bel\u0259 bir \u015feyd\u0259n s\u00f6hb\u0259t ged\u0259 bilm\u0259z. \u018fraziy\u0259 g\u00f6nd\u0259ril\u0259n BMT missiyalar\u0131 n\u0259y\u0259s\u0259 nail ola bilm\u0259di. X\u00fcsusil\u0259 Fransan\u0131n ittihamlar\u0131n\u0131n he\u00e7 bir \u0259sas\u0131 yoxdur\u201d.<\/p>\n<p>\u00d6.\u00c7\u0259lik h\u0259m\u00e7inin bildirib ki, Az\u0259rbaycan Qaraba\u011fdak\u0131 erm\u0259nil\u0259r\u0259 qal\u0131b ya\u015fama\u011f\u0131 da t\u0259klif edib.<\/p>\n","protected":false},"excerpt":{"rendered":"<p>\u201cFransan\u0131n Az\u0259rbaycanla ba\u011fl\u0131 ittihamlar\u0131 \u0259sass\u0131zd\u0131r\u201d Bunu T\u00fcrkiy\u0259nin hakim \u018fdal\u0259t v\u0259 \u0130nki\u015faf Partiyas\u0131n\u0131n s\u00f6z\u00e7\u00fcs\u00fc \u00d6m\u0259r \u00c7\u0259lik jurnalistl\u0259r\u0259 a\u00e7\u0131qlamas\u0131nda deyib. O xat\u0131rlad\u0131b ki, Az\u0259rbaycan\u0131n \u00f6z torpa\u011f\u0131 olan Qaraba\u011fda erm\u0259ni terror\u00e7ular\u0131n \u00e7\u0131xar\u0131lmas\u0131 \u00fc\u00e7\u00fcn antiterror t\u0259dbirl\u0259ri ke\u00e7irib: \u201cAntiterror t\u0259dbirl\u0259ri n\u0259tic\u0259sind\u0259 terror\u00e7ular \u0259razid\u0259n \u00e7\u0131xar\u0131ld\u0131. Bundan sonra Az\u0259rbaycana qar\u015f\u0131 soyq\u0131r\u0131m\u0131 ittihamlar\u0131 s\u0259sl\u0259ndi. Amma bu t\u0259sdiql\u0259nm\u0259di. \u00dcmumiyy\u0259tl\u0259, bel\u0259 bir \u015feyd\u0259n s\u00f6hb\u0259t ged\u0259 bilm\u0259z. \u018fraziy\u0259 g\u00f6nd\u0259ril\u0259n BMT missiyalar\u0131 n\u0259y\u0259s\u0259 nail ola bilm\u0259di. X\u00fcsusil\u0259 Fransan\u0131n ittihamlar\u0131n\u0131n he\u00e7 bir \u0259sas\u0131 yoxdur\u201d. \u00d6.\u00c7\u0259lik h\u0259m\u00e7inin bildirib ki, Az\u0259rbaycan Qaraba\u011fdak\u0131 erm\u0259nil\u0259r\u0259 qal\u0131b ya\u015fama\u011f\u0131 da t\u0259klif edib.<\/p>\n","protected":false},"author":2,"featured_media":644703,"comment_status":"closed","ping_status":"closed","sticky":false,"template":"","format":"standard","meta":{"om_disable_all_campaigns":false,"_monsterinsights_skip_tracking":false,"_monsterinsights_sitenote_active":false,"_monsterinsights_sitenote_note":"","_monsterinsights_sitenote_category":0},"categories":[4],"tags":[],"aioseo_notices":[],"gutentor_comment":0,"rttpg_featured_image_url":{"full":["https:\/\/arantv.az\/wp-content\/uploads\/2023\/10\/1082381.jpg",620,413,false],"landscape":["https:\/\/arantv.az\/wp-content\/uploads\/2023\/10\/1082381.jpg",620,413,false],"portraits":["https:\/\/arantv.az\/wp-content\/uploads\/2023\/10\/1082381.jpg",620,413,false],"thumbnail":["https:\/\/arantv.az\/wp-content\/uploads\/2023\/10\/1082381-500x280.jpg",500,280,true],"medium":["https:\/\/arantv.az\/wp-content\/uploads\/2023\/10\/1082381-548x365.jpg",548,365,true],"large":["https:\/\/arantv.az\/wp-content\/uploads\/2023\/10\/1082381.jpg",620,413,false],"1536x1536":["https:\/\/arantv.az\/wp-content\/uploads\/2023\/10\/1082381.jpg",620,413,false],"2048x2048":["https:\/\/arantv.az\/wp-content\/uploads\/2023\/10\/1082381.jpg",620,413,false],"post-thumbnail":["https:\/\/arantv.az\/wp-content\/uploads\/2023\/10\/1082381-240x172.jpg",240,172,true],"advps-thumb-one":["https:\/\/arantv.az\/wp-content\/uploads\/2023\/10\/1082381.jpg",620,413,false]},"rttpg_author":{"display_name":"V\u00fcsal Rafiqo\u011flu","author_link":"https:\/\/arantv.az\/?author=2"},"rttpg_comment":0,"rttpg_category":"<a href=\"https:\/\/arantv.az\/?cat=4\" rel=\"category\">Siyas\u0259t<\/a>","rttpg_excerpt":"\u201cFransan\u0131n Az\u0259rbaycanla ba\u011fl\u0131 ittihamlar\u0131 \u0259sass\u0131zd\u0131r\u201d Bunu T\u00fcrkiy\u0259nin hakim \u018fdal\u0259t v\u0259 \u0130nki\u015faf Partiyas\u0131n\u0131n s\u00f6z\u00e7\u00fcs\u00fc \u00d6m\u0259r \u00c7\u0259lik jurnalistl\u0259r\u0259 a\u00e7\u0131qlamas\u0131nda deyib. O xat\u0131rlad\u0131b ki, Az\u0259rbaycan\u0131n \u00f6z torpa\u011f\u0131 olan Qaraba\u011fda erm\u0259ni terror\u00e7ular\u0131n \u00e7\u0131xar\u0131lmas\u0131 \u00fc\u00e7\u00fcn antiterror t\u0259dbirl\u0259ri ke\u00e7irib: \u201cAntiterror t\u0259dbirl\u0259ri n\u0259tic\u0259sind\u0259 terror\u00e7ular \u0259razid\u0259n \u00e7\u0131xar\u0131ld\u0131. Bundan sonra Az\u0259rbaycana qar\u015f\u0131 soyq\u0131r\u0131m\u0131 ittihamlar\u0131 s\u0259sl\u0259ndi. Amma bu t\u0259sdiql\u0259nm\u0259di. \u00dcmumiyy\u0259tl\u0259, bel\u0259 bir \u015feyd\u0259n s\u00f6hb\u0259t ged\u0259&hellip;","_links":{"self":[{"href":"https:\/\/arantv.az\/index.php?rest_route=\/wp\/v2\/posts\/644702"}],"collection":[{"href":"https:\/\/arantv.az\/index.php?rest_route=\/wp\/v2\/posts"}],"about":[{"href":"https:\/\/arantv.az\/index.php?rest_route=\/wp\/v2\/types\/post"}],"author":[{"embeddable":true,"href":"https:\/\/arantv.az\/index.php?rest_route=\/wp\/v2\/users\/2"}],"replies":[{"embeddable":true,"href":"https:\/\/arantv.az\/index.php?rest_route=%2Fwp%2Fv2%2Fcomments&post=644702"}],"version-history":[{"count":0,"href":"https:\/\/arantv.az\/index.php?rest_route=\/wp\/v2\/posts\/644702\/revisions"}],"wp:featuredmedia":[{"embeddable":true,"href":"https:\/\/arantv.az\/index.php?rest_route=\/wp\/v2\/media\/644703"}],"wp:attachment":[{"href":"https:\/\/arantv.az\/index.php?rest_route=%2Fwp%2Fv2%2Fmedia&parent=644702"}],"wp:term":[{"taxonomy":"category","embeddable":true,"href":"https:\/\/arantv.az\/index.php?rest_route=%2Fwp%2Fv2%2Fcategories&post=644702"},{"taxonomy":"post_tag","embeddable":true,"href":"https:\/\/arantv.az\/index.php?rest_route=%2Fwp%2Fv2%2Ftags&post=644702"}],"curies":[{"name":"wp","href":"https:\/\/api.w.org\/{rel}","templated":true}]}}