{"id":644704,"date":"2023-10-12T19:22:36","date_gmt":"2023-10-12T15:22:36","guid":{"rendered":"https:\/\/arantv.az\/?p=644704"},"modified":"2023-10-12T19:22:36","modified_gmt":"2023-10-12T15:22:36","slug":"az%c9%99rbaycan-t%c9%99r%c9%99fi-beyn%c9%99lxalq-%c9%99dal%c9%99t-m%c9%99hk%c9%99m%c9%99sind%c9%99-erm%c9%99nistanin-ittihamlarina-cavab-verib-yenil%c9%99nib-foto","status":"publish","type":"post","link":"https:\/\/arantv.az\/?p=644704","title":{"rendered":"Az\u0259rbaycan t\u0259r\u0259fi Beyn\u0259lxalq \u018fdal\u0259t M\u0259hk\u0259m\u0259sind\u0259 Erm\u0259nistan\u0131n ittihamlar\u0131na cavab verib &#8211; YEN\u0130L\u018fN\u0130B + FOTO"},"content":{"rendered":"<p>\u201c20 sentyabr 2023-c\u00fc ild\u0259 Erm\u0259nistan\u0131n 30 illik qanunsuz h\u0259rbi i\u015f\u011fal\u0131ndan sonra Az\u0259rbaycan n\u0259hay\u0259t, \u00f6z beyn\u0259lxalq s\u0259viyy\u0259d\u0259 tan\u0131nm\u0131\u015f \u0259razil\u0259ri \u00fcz\u0259rind\u0259 tam suverenliyini b\u0259rpa etdi\u201d.<\/p>\n<p>APA\u00a0x\u0259b\u0259r verir ki, bunu Az\u0259rbaycan xarici i\u015fl\u0259r nazirinin m\u00fcavini Elnur M\u0259mm\u0259dov Beyn\u0259lxalq \u018fdal\u0259t M\u0259hk\u0259m\u0259sind\u0259 Erm\u0259nistan\u0131n Az\u0259rbaycana qar\u015f\u0131 m\u00fcraci\u0259ti \u00fczr\u0259 dinl\u0259m\u0259l\u0259rd\u0259 \u00e7\u0131x\u0131\u015f ed\u0259rk\u0259n bildirib.<\/p>\n<p>Nazir m\u00fcavini qeyd edib ki, Erm\u0259nistan\u0131n sentyabr\u0131n 19-dan b\u0259ri Az\u0259rbaycana qar\u015f\u0131 \u0259sass\u0131z ittihamlar\u0131 Qaraba\u011fda ba\u015f ver\u0259nl\u0259ri \u0259ks etdirmir.<\/p>\n<p>\u201cDaha da vacibi onlar Az\u0259rbaycan\u0131n Qaraba\u011fa giri\u015fin\u0259 icaz\u0259 verdiyi iki BMT missiyas\u0131n\u0131n m\u00fc\u015fahid\u0259l\u0259rini v\u0259 tap\u0131nt\u0131lar\u0131n\u0131 \u0259ks etdirmir. 30 ild\u0259n \u00e7ox bir m\u00fcdd\u0259td\u0259 regionda ilk d\u0259f\u0259 beyn\u0259lxalq missiya olub. Onlar m\u00fcst\u0259qil beyn\u0259lxalq median\u0131n orada olan v\u0259 oran\u0131 g\u00f6r\u0259n \u00fczvl\u0259rinin x\u0259b\u0259rl\u0259rini \u0259ks etdirmir. Az\u0259rbaycan Qaraba\u011f\u0131n m\u00fclki \u0259halisin\u0259 qar\u015f\u0131 he\u00e7 vaxt etnik t\u0259mizl\u0259m\u0259 v\u0259 ya h\u0259r hans\u0131 bir h\u00fccum h\u0259yata ke\u00e7irm\u0259yib v\u0259 ke\u00e7irm\u0259y\u0259c\u0259k. Az\u0259rbaycan sentyabr\u0131n 19-dan sonra ciddi t\u0259minatlar verib\u201d, &#8211; Elnur M\u0259mm\u0259dov vur\u011fulay\u0131b.<\/p>\n<p><strong>16:34<\/strong><\/p>\n<p>Bu g\u00fcn Beyn\u0259lxalq \u018fdal\u0259t M\u0259hk\u0259m\u0259si Beyn\u0259lxalq Konvensiyan\u0131n (CERD) t\u0259tbiqi il\u0259 ba\u011fl\u0131 i\u015f \u00fczr\u0259 ictimai dinl\u0259m\u0259l\u0259r ke\u00e7irir.<\/p>\n<p>Bu bar\u0259d\u0259 Az\u0259rbaycan Xarici \u0130\u015fl\u0259r Nazirliyinin M\u0259tbuat Xidm\u0259ti \u0130dar\u0259sinin r\u0259isi Ayxan Hac\u0131zad\u0259 \u201cX\u201d hesab\u0131nda payla\u015f\u0131m edib.<\/p>\n<p>\u201c16:00-da (Bak\u0131 vaxt\u0131 il\u0259 18:00) Az\u0259rbaycan xarici i\u015fl\u0259r nazirinin m\u00fcavini Elnur M\u0259mm\u0259dovun r\u0259hb\u0259rlik etdiyi Az\u0259rbaycan n\u00fcmay\u0259nd\u0259 hey\u0259ti Erm\u0259nistan\u0131n b\u0259yanatlar\u0131na qar\u015f\u0131 \u015fifahi arqumentl\u0259r t\u0259qdim ed\u0259c\u0259k\u201d, &#8211; dey\u0259 o qeyd edib.<\/p>\n<div>\n<div class=\"twitter-tweet twitter-tweet-rendered\"><iframe id=\"twitter-widget-0\" class=\"\" title=\"Twitter Tweet\" src=\"https:\/\/platform.twitter.com\/embed\/Tweet.html?creatorScreenName=oxuaz&amp;dnt=false&amp;embedId=twitter-widget-0&amp;features=eyJ0ZndfdGltZWxpbmVfbGlzdCI6eyJidWNrZXQiOltdLCJ2ZXJzaW9uIjpudWxsfSwidGZ3X2ZvbGxvd2VyX2NvdW50X3N1bnNldCI6eyJidWNrZXQiOnRydWUsInZlcnNpb24iOm51bGx9LCJ0ZndfdHdlZXRfZWRpdF9iYWNrZW5kIjp7ImJ1Y2tldCI6Im9uIiwidmVyc2lvbiI6bnVsbH0sInRmd19yZWZzcmNfc2Vzc2lvbiI6eyJidWNrZXQiOiJvbiIsInZlcnNpb24iOm51bGx9LCJ0ZndfZm9zbnJfc29mdF9pbnRlcnZlbnRpb25zX2VuYWJsZWQiOnsiYnVja2V0Ijoib24iLCJ2ZXJzaW9uIjpudWxsfSwidGZ3X21peGVkX21lZGlhXzE1ODk3Ijp7ImJ1Y2tldCI6InRyZWF0bWVudCIsInZlcnNpb24iOm51bGx9LCJ0ZndfZXhwZXJpbWVudHNfY29va2llX2V4cGlyYXRpb24iOnsiYnVja2V0IjoxMjA5NjAwLCJ2ZXJzaW9uIjpudWxsfSwidGZ3X3Nob3dfYmlyZHdhdGNoX3Bpdm90c19lbmFibGVkIjp7ImJ1Y2tldCI6Im9uIiwidmVyc2lvbiI6bnVsbH0sInRmd19kdXBsaWNhdGVfc2NyaWJlc190b19zZXR0aW5ncyI6eyJidWNrZXQiOiJvbiIsInZlcnNpb24iOm51bGx9LCJ0ZndfdXNlX3Byb2ZpbGVfaW1hZ2Vfc2hhcGVfZW5hYmxlZCI6eyJidWNrZXQiOiJvbiIsInZlcnNpb24iOm51bGx9LCJ0ZndfdmlkZW9faGxzX2R5bmFtaWNfbWFuaWZlc3RzXzE1MDgyIjp7ImJ1Y2tldCI6InRydWVfYml0cmF0ZSIsInZlcnNpb24iOm51bGx9LCJ0ZndfbGVnYWN5X3RpbWVsaW5lX3N1bnNldCI6eyJidWNrZXQiOnRydWUsInZlcnNpb24iOm51bGx9LCJ0ZndfdHdlZXRfZWRpdF9mcm9udGVuZCI6eyJidWNrZXQiOiJvbiIsInZlcnNpb24iOm51bGx9fQ%3D%3D&amp;frame=false&amp;hideCard=false&amp;hideThread=false&amp;id=1712432746520367162&amp;lang=en&amp;origin=https%3A%2F%2Foxu.az%2Fpolitics%2F789296&amp;sessionId=3a5b7e8180a7e07c249548ebe79df5674f7a642e&amp;siteScreenName=oxuaz&amp;theme=light&amp;widgetsVersion=01917f4d1d4cb%3A1696883169554&amp;width=550px\" frameborder=\"0\" scrolling=\"no\" allowfullscreen=\"allowfullscreen\" data-tweet-id=\"1712432746520367162\" data-mce-fragment=\"1\"><\/iframe><\/div>\n<\/div>\n<p>&nbsp;<\/p>\n","protected":false},"excerpt":{"rendered":"<p>\u201c20 sentyabr 2023-c\u00fc ild\u0259 Erm\u0259nistan\u0131n 30 illik qanunsuz h\u0259rbi i\u015f\u011fal\u0131ndan sonra Az\u0259rbaycan n\u0259hay\u0259t, \u00f6z beyn\u0259lxalq s\u0259viyy\u0259d\u0259 tan\u0131nm\u0131\u015f \u0259razil\u0259ri \u00fcz\u0259rind\u0259 tam suverenliyini b\u0259rpa etdi\u201d. APA\u00a0x\u0259b\u0259r verir ki, bunu Az\u0259rbaycan xarici i\u015fl\u0259r nazirinin m\u00fcavini Elnur M\u0259mm\u0259dov Beyn\u0259lxalq \u018fdal\u0259t M\u0259hk\u0259m\u0259sind\u0259 Erm\u0259nistan\u0131n Az\u0259rbaycana qar\u015f\u0131 m\u00fcraci\u0259ti \u00fczr\u0259 dinl\u0259m\u0259l\u0259rd\u0259 \u00e7\u0131x\u0131\u015f ed\u0259rk\u0259n bildirib. Nazir m\u00fcavini qeyd edib ki, Erm\u0259nistan\u0131n sentyabr\u0131n 19-dan b\u0259ri Az\u0259rbaycana qar\u015f\u0131 \u0259sass\u0131z ittihamlar\u0131 Qaraba\u011fda ba\u015f ver\u0259nl\u0259ri \u0259ks etdirmir. \u201cDaha da vacibi onlar Az\u0259rbaycan\u0131n Qaraba\u011fa giri\u015fin\u0259 icaz\u0259 verdiyi iki BMT missiyas\u0131n\u0131n m\u00fc\u015fahid\u0259l\u0259rini v\u0259 tap\u0131nt\u0131lar\u0131n\u0131 \u0259ks etdirmir. 30 ild\u0259n \u00e7ox bir m\u00fcdd\u0259td\u0259 regionda ilk d\u0259f\u0259 beyn\u0259lxalq&hellip;<\/p>\n","protected":false},"author":2,"featured_media":644706,"comment_status":"closed","ping_status":"closed","sticky":false,"template":"","format":"standard","meta":{"om_disable_all_campaigns":false,"_monsterinsights_skip_tracking":false,"_monsterinsights_sitenote_active":false,"_monsterinsights_sitenote_note":"","_monsterinsights_sitenote_category":0},"categories":[4],"tags":[],"aioseo_notices":[],"gutentor_comment":0,"rttpg_featured_image_url":{"full":["https:\/\/arantv.az\/wp-content\/uploads\/2023\/10\/FotoJet-2023-10-12T160656.330-1.jpg",620,413,false],"landscape":["https:\/\/arantv.az\/wp-content\/uploads\/2023\/10\/FotoJet-2023-10-12T160656.330-1.jpg",620,413,false],"portraits":["https:\/\/arantv.az\/wp-content\/uploads\/2023\/10\/FotoJet-2023-10-12T160656.330-1.jpg",620,413,false],"thumbnail":["https:\/\/arantv.az\/wp-content\/uploads\/2023\/10\/FotoJet-2023-10-12T160656.330-1-500x280.jpg",500,280,true],"medium":["https:\/\/arantv.az\/wp-content\/uploads\/2023\/10\/FotoJet-2023-10-12T160656.330-1-548x365.jpg",548,365,true],"large":["https:\/\/arantv.az\/wp-content\/uploads\/2023\/10\/FotoJet-2023-10-12T160656.330-1.jpg",620,413,false],"1536x1536":["https:\/\/arantv.az\/wp-content\/uploads\/2023\/10\/FotoJet-2023-10-12T160656.330-1.jpg",620,413,false],"2048x2048":["https:\/\/arantv.az\/wp-content\/uploads\/2023\/10\/FotoJet-2023-10-12T160656.330-1.jpg",620,413,false],"post-thumbnail":["https:\/\/arantv.az\/wp-content\/uploads\/2023\/10\/FotoJet-2023-10-12T160656.330-1-240x172.jpg",240,172,true],"advps-thumb-one":["https:\/\/arantv.az\/wp-content\/uploads\/2023\/10\/FotoJet-2023-10-12T160656.330-1.jpg",620,413,false]},"rttpg_author":{"display_name":"V\u00fcsal Rafiqo\u011flu","author_link":"https:\/\/arantv.az\/?author=2"},"rttpg_comment":0,"rttpg_category":"<a href=\"https:\/\/arantv.az\/?cat=4\" rel=\"category\">Siyas\u0259t<\/a>","rttpg_excerpt":"\u201c20 sentyabr 2023-c\u00fc ild\u0259 Erm\u0259nistan\u0131n 30 illik qanunsuz h\u0259rbi i\u015f\u011fal\u0131ndan sonra Az\u0259rbaycan n\u0259hay\u0259t, \u00f6z beyn\u0259lxalq s\u0259viyy\u0259d\u0259 tan\u0131nm\u0131\u015f \u0259razil\u0259ri \u00fcz\u0259rind\u0259 tam suverenliyini b\u0259rpa etdi\u201d. APA\u00a0x\u0259b\u0259r verir ki, bunu Az\u0259rbaycan xarici i\u015fl\u0259r nazirinin m\u00fcavini Elnur M\u0259mm\u0259dov Beyn\u0259lxalq \u018fdal\u0259t M\u0259hk\u0259m\u0259sind\u0259 Erm\u0259nistan\u0131n Az\u0259rbaycana qar\u015f\u0131 m\u00fcraci\u0259ti \u00fczr\u0259 dinl\u0259m\u0259l\u0259rd\u0259 \u00e7\u0131x\u0131\u015f ed\u0259rk\u0259n bildirib. Nazir m\u00fcavini qeyd edib ki, Erm\u0259nistan\u0131n sentyabr\u0131n 19-dan b\u0259ri&hellip;","_links":{"self":[{"href":"https:\/\/arantv.az\/index.php?rest_route=\/wp\/v2\/posts\/644704"}],"collection":[{"href":"https:\/\/arantv.az\/index.php?rest_route=\/wp\/v2\/posts"}],"about":[{"href":"https:\/\/arantv.az\/index.php?rest_route=\/wp\/v2\/types\/post"}],"author":[{"embeddable":true,"href":"https:\/\/arantv.az\/index.php?rest_route=\/wp\/v2\/users\/2"}],"replies":[{"embeddable":true,"href":"https:\/\/arantv.az\/index.php?rest_route=%2Fwp%2Fv2%2Fcomments&post=644704"}],"version-history":[{"count":0,"href":"https:\/\/arantv.az\/index.php?rest_route=\/wp\/v2\/posts\/644704\/revisions"}],"wp:featuredmedia":[{"embeddable":true,"href":"https:\/\/arantv.az\/index.php?rest_route=\/wp\/v2\/media\/644706"}],"wp:attachment":[{"href":"https:\/\/arantv.az\/index.php?rest_route=%2Fwp%2Fv2%2Fmedia&parent=644704"}],"wp:term":[{"taxonomy":"category","embeddable":true,"href":"https:\/\/arantv.az\/index.php?rest_route=%2Fwp%2Fv2%2Fcategories&post=644704"},{"taxonomy":"post_tag","embeddable":true,"href":"https:\/\/arantv.az\/index.php?rest_route=%2Fwp%2Fv2%2Ftags&post=644704"}],"curies":[{"name":"wp","href":"https:\/\/api.w.org\/{rel}","templated":true}]}}