{"id":644709,"date":"2023-10-12T19:23:57","date_gmt":"2023-10-12T15:23:57","guid":{"rendered":"https:\/\/arantv.az\/?p=644709"},"modified":"2023-10-12T19:23:57","modified_gmt":"2023-10-12T15:23:57","slug":"biskekd%c9%99-az%c9%99rbaycan-prezidenti-ilham-%c9%99liyevin-rusiya-prezidenti-vladimir-putin-il%c9%99-gorusu-baslayib-foto","status":"publish","type":"post","link":"https:\/\/arantv.az\/?p=644709","title":{"rendered":"Bi\u015fkekd\u0259 Az\u0259rbaycan Prezidenti \u0130lham \u018fliyevin Rusiya Prezidenti Vladimir Putin il\u0259 g\u00f6r\u00fc\u015f\u00fc ba\u015flay\u0131b &#8211; FOTO"},"content":{"rendered":"<p>Bi\u015fkekd\u0259 Az\u0259rbaycan Prezidenti\u00a0<strong>\u0130lham \u018fliyevin<\/strong>\u00a0Rusiya Prezidenti Vladimir Putin il\u0259 g\u00f6r\u00fc\u015f\u00fc ba\u015flay\u0131b.<\/p>\n<p><a href=\"https:\/\/azertag.az\/xeber\/biskekde_azerbaycan_prezidenti_ilham_eliyevin_rusiya_prezidenti_vladimir_putin_ile_gorusu_baslayib_yenilenecek-2784934\" target=\"_blank\" rel=\"noopener\">AZ\u018fRTAC<\/a>\u00a0x\u0259b\u0259r verir ki, oktyabr\u0131n 12-d\u0259 Bi\u015fkekd\u0259 Az\u0259rbaycan Respublikas\u0131n\u0131n Prezidenti \u0130lham \u018fliyevin Rusiya Federasiyas\u0131n\u0131n Prezidenti Vladimir Putin il\u0259 g\u00f6r\u00fc\u015f\u00fc ba\u015flay\u0131b.<\/p>\n<p>&nbsp;<\/p>\n<div class=\"gallery\">\n<div class=\"gallery-i\"><img src=\"https:\/\/cdn.oxu.az\/uploads\/W1siZiIsIjIwMjMvMTAvMTIvMTgvNDIvMTAvMjRkNzc3ODEtZjcyZC00N2QzLWFhNGUtN2ZiNmU0ZDU5MmFiLzE2OTcxMjEzOTYzODYwMzI3MjUyXzEyMDB4NjMwLmpwZyJdLFsicCIsImVuY29kZSIsImpwZyIsIi1xdWFsaXR5IDgwIl0sWyJwIiwidGh1bWIiLCI1OTB4NTkwXHUwMDNlIl1d?sha=247de1a15ca623c6\" alt=\"\" \/><\/p>\n<div class=\"gallery-i-caption\"><\/div>\n<\/div>\n<div class=\"gallery-i\"><img src=\"https:\/\/cdn.oxu.az\/uploads\/W1siZiIsIjIwMjMvMTAvMTIvMTgvNDIvMTAvMWE1NjM3ODQtNDI4MS00ZGU1LTgyYTMtMjE2NmU1NjdjMTg3LzE2OTcxMjEzOTc0MDg4MjI4NTMxXzEyMDB4NjMwLmpwZyJdLFsicCIsImVuY29kZSIsImpwZyIsIi1xdWFsaXR5IDgwIl0sWyJwIiwidGh1bWIiLCI1OTB4NTkwXHUwMDNlIl1d?sha=51adbd5a0f8ec36f\" alt=\"\" \/><\/p>\n<div class=\"gallery-i-caption\"><\/div>\n<\/div>\n<div class=\"gallery-i\"><img src=\"https:\/\/cdn.oxu.az\/uploads\/W1siZiIsIjIwMjMvMTAvMTIvMTgvNDIvMTEvYzM2ZDE1NjAtMTZhNi00NzhiLWE1YzYtN2QzMTM5ODU0ZTQyLzE2OTcxMjEzOTc1NjY5Njk0NzJfMTIwMHg2MzAuanBnIl0sWyJwIiwiZW5jb2RlIiwianBnIiwiLXF1YWxpdHkgODAiXSxbInAiLCJ0aHVtYiIsIjU5MHg1OTBcdTAwM2UiXV0?sha=bd182cb36246edd5\" alt=\"\" \/><\/p>\n<div class=\"gallery-i-caption\"><\/div>\n<\/div>\n<div class=\"gallery-i\"><img src=\"https:\/\/cdn.oxu.az\/uploads\/W1siZiIsIjIwMjMvMTAvMTIvMTgvNDIvMTEvMmM5YjdhODgtZmJkMi00ZmFjLWFhNDYtYWE5OTAxYTQ1YmUyLzE2OTcxMjEzOTc4NjUyMTIzMzFfMTIwMHg2MzAuanBnIl0sWyJwIiwiZW5jb2RlIiwianBnIiwiLXF1YWxpdHkgODAiXSxbInAiLCJ0aHVtYiIsIjU5MHg1OTBcdTAwM2UiXV0?sha=87edfdc394dec6a6\" alt=\"\" \/><\/div>\n<\/div>\n","protected":false},"excerpt":{"rendered":"<p>Bi\u015fkekd\u0259 Az\u0259rbaycan Prezidenti\u00a0\u0130lham \u018fliyevin\u00a0Rusiya Prezidenti Vladimir Putin il\u0259 g\u00f6r\u00fc\u015f\u00fc ba\u015flay\u0131b. AZ\u018fRTAC\u00a0x\u0259b\u0259r verir ki, oktyabr\u0131n 12-d\u0259 Bi\u015fkekd\u0259 Az\u0259rbaycan Respublikas\u0131n\u0131n Prezidenti \u0130lham \u018fliyevin Rusiya Federasiyas\u0131n\u0131n Prezidenti Vladimir Putin il\u0259 g\u00f6r\u00fc\u015f\u00fc ba\u015flay\u0131b. &nbsp;<\/p>\n","protected":false},"author":2,"featured_media":644714,"comment_status":"closed","ping_status":"closed","sticky":false,"template":"","format":"standard","meta":{"om_disable_all_campaigns":false,"_monsterinsights_skip_tracking":false,"_monsterinsights_sitenote_active":false,"_monsterinsights_sitenote_note":"","_monsterinsights_sitenote_category":0},"categories":[4],"tags":[],"aioseo_notices":[],"gutentor_comment":0,"rttpg_featured_image_url":{"full":["https:\/\/arantv.az\/wp-content\/uploads\/2023\/10\/16971213543019033775_1200x630.jpg",620,413,false],"landscape":["https:\/\/arantv.az\/wp-content\/uploads\/2023\/10\/16971213543019033775_1200x630.jpg",620,413,false],"portraits":["https:\/\/arantv.az\/wp-content\/uploads\/2023\/10\/16971213543019033775_1200x630.jpg",620,413,false],"thumbnail":["https:\/\/arantv.az\/wp-content\/uploads\/2023\/10\/16971213543019033775_1200x630-500x280.jpg",500,280,true],"medium":["https:\/\/arantv.az\/wp-content\/uploads\/2023\/10\/16971213543019033775_1200x630-548x365.jpg",548,365,true],"large":["https:\/\/arantv.az\/wp-content\/uploads\/2023\/10\/16971213543019033775_1200x630.jpg",620,413,false],"1536x1536":["https:\/\/arantv.az\/wp-content\/uploads\/2023\/10\/16971213543019033775_1200x630.jpg",620,413,false],"2048x2048":["https:\/\/arantv.az\/wp-content\/uploads\/2023\/10\/16971213543019033775_1200x630.jpg",620,413,false],"post-thumbnail":["https:\/\/arantv.az\/wp-content\/uploads\/2023\/10\/16971213543019033775_1200x630-240x172.jpg",240,172,true],"advps-thumb-one":["https:\/\/arantv.az\/wp-content\/uploads\/2023\/10\/16971213543019033775_1200x630.jpg",620,413,false]},"rttpg_author":{"display_name":"V\u00fcsal Rafiqo\u011flu","author_link":"https:\/\/arantv.az\/?author=2"},"rttpg_comment":0,"rttpg_category":"<a href=\"https:\/\/arantv.az\/?cat=4\" rel=\"category\">Siyas\u0259t<\/a>","rttpg_excerpt":"Bi\u015fkekd\u0259 Az\u0259rbaycan Prezidenti\u00a0\u0130lham \u018fliyevin\u00a0Rusiya Prezidenti Vladimir Putin il\u0259 g\u00f6r\u00fc\u015f\u00fc ba\u015flay\u0131b. AZ\u018fRTAC\u00a0x\u0259b\u0259r verir ki, oktyabr\u0131n 12-d\u0259 Bi\u015fkekd\u0259 Az\u0259rbaycan Respublikas\u0131n\u0131n Prezidenti \u0130lham \u018fliyevin Rusiya Federasiyas\u0131n\u0131n Prezidenti Vladimir Putin il\u0259 g\u00f6r\u00fc\u015f\u00fc ba\u015flay\u0131b. &nbsp;","_links":{"self":[{"href":"https:\/\/arantv.az\/index.php?rest_route=\/wp\/v2\/posts\/644709"}],"collection":[{"href":"https:\/\/arantv.az\/index.php?rest_route=\/wp\/v2\/posts"}],"about":[{"href":"https:\/\/arantv.az\/index.php?rest_route=\/wp\/v2\/types\/post"}],"author":[{"embeddable":true,"href":"https:\/\/arantv.az\/index.php?rest_route=\/wp\/v2\/users\/2"}],"replies":[{"embeddable":true,"href":"https:\/\/arantv.az\/index.php?rest_route=%2Fwp%2Fv2%2Fcomments&post=644709"}],"version-history":[{"count":0,"href":"https:\/\/arantv.az\/index.php?rest_route=\/wp\/v2\/posts\/644709\/revisions"}],"wp:featuredmedia":[{"embeddable":true,"href":"https:\/\/arantv.az\/index.php?rest_route=\/wp\/v2\/media\/644714"}],"wp:attachment":[{"href":"https:\/\/arantv.az\/index.php?rest_route=%2Fwp%2Fv2%2Fmedia&parent=644709"}],"wp:term":[{"taxonomy":"category","embeddable":true,"href":"https:\/\/arantv.az\/index.php?rest_route=%2Fwp%2Fv2%2Fcategories&post=644709"},{"taxonomy":"post_tag","embeddable":true,"href":"https:\/\/arantv.az\/index.php?rest_route=%2Fwp%2Fv2%2Ftags&post=644709"}],"curies":[{"name":"wp","href":"https:\/\/api.w.org\/{rel}","templated":true}]}}