{"id":644713,"date":"2023-10-12T19:24:33","date_gmt":"2023-10-12T15:24:33","guid":{"rendered":"https:\/\/arantv.az\/?p=644713"},"modified":"2023-10-12T19:24:33","modified_gmt":"2023-10-12T15:24:33","slug":"bu-il-naxcivanda-acilmis-is-yerl%c9%99rinin-sayi-m%c9%99lum-olub-foto","status":"publish","type":"post","link":"https:\/\/arantv.az\/?p=644713","title":{"rendered":"Bu il Nax\u00e7\u0131vanda a\u00e7\u0131lm\u0131\u015f i\u015f yerl\u0259rinin say\u0131 m\u0259lum olub &#8211; FOTO"},"content":{"rendered":"<p>\u201cBu ilin yanvar-avqust aylar\u0131nda Nax\u00e7\u0131van Muxtar Respublikas\u0131nda 454 daimi yeni i\u015f yeri a\u00e7\u0131l\u0131b\u201d.<\/p>\n<p>Bu bar\u0259d\u0259 Nax\u00e7\u0131van Muxtar Respublikas\u0131nda Az\u0259rbaycan Respublikas\u0131 Prezidentinin s\u0259lahiyy\u0259tli n\u00fcmay\u0259nd\u0259si Fuad N\u0259c\u0259fli \u00f6z\u00fcn\u00fcn \u201cX\u201d sosial \u015f\u0259b\u0259k\u0259 hesab\u0131nda payla\u015f\u0131m edib.<\/p>\n<p>\u201c\u0130\u015f yerl\u0259rinin 47-si d\u00f6vl\u0259t, 407-si \u00f6z\u0259l sektorun pay\u0131na d\u00fc\u015f\u00fcr. Onlardan 357-si Nax\u00e7\u0131van \u015f\u0259h\u0259rind\u0259, 50-si \u015e\u0259rur, 30-u Bab\u0259k, 7-si Ordubad, 5-i K\u0259ng\u0259rli v\u0259 5-i \u015eahbuz rayonlar\u0131nda yerl\u0259\u015fir\u201d, &#8211; dey\u0259 s\u0259lahiyy\u0259tli n\u00fcmay\u0259nd\u0259 payla\u015f\u0131m\u0131nda bildirib.<\/p>\n<div>\n<div class=\"twitter-tweet twitter-tweet-rendered\"><iframe id=\"twitter-widget-0\" class=\"\" title=\"Twitter Tweet\" src=\"https:\/\/platform.twitter.com\/embed\/Tweet.html?creatorScreenName=oxuaz&amp;dnt=false&amp;embedId=twitter-widget-0&amp;features=eyJ0ZndfdGltZWxpbmVfbGlzdCI6eyJidWNrZXQiOltdLCJ2ZXJzaW9uIjpudWxsfSwidGZ3X2ZvbGxvd2VyX2NvdW50X3N1bnNldCI6eyJidWNrZXQiOnRydWUsInZlcnNpb24iOm51bGx9LCJ0ZndfdHdlZXRfZWRpdF9iYWNrZW5kIjp7ImJ1Y2tldCI6Im9uIiwidmVyc2lvbiI6bnVsbH0sInRmd19yZWZzcmNfc2Vzc2lvbiI6eyJidWNrZXQiOiJvbiIsInZlcnNpb24iOm51bGx9LCJ0ZndfZm9zbnJfc29mdF9pbnRlcnZlbnRpb25zX2VuYWJsZWQiOnsiYnVja2V0Ijoib24iLCJ2ZXJzaW9uIjpudWxsfSwidGZ3X21peGVkX21lZGlhXzE1ODk3Ijp7ImJ1Y2tldCI6InRyZWF0bWVudCIsInZlcnNpb24iOm51bGx9LCJ0ZndfZXhwZXJpbWVudHNfY29va2llX2V4cGlyYXRpb24iOnsiYnVja2V0IjoxMjA5NjAwLCJ2ZXJzaW9uIjpudWxsfSwidGZ3X3Nob3dfYmlyZHdhdGNoX3Bpdm90c19lbmFibGVkIjp7ImJ1Y2tldCI6Im9uIiwidmVyc2lvbiI6bnVsbH0sInRmd19kdXBsaWNhdGVfc2NyaWJlc190b19zZXR0aW5ncyI6eyJidWNrZXQiOiJvbiIsInZlcnNpb24iOm51bGx9LCJ0ZndfdXNlX3Byb2ZpbGVfaW1hZ2Vfc2hhcGVfZW5hYmxlZCI6eyJidWNrZXQiOiJvbiIsInZlcnNpb24iOm51bGx9LCJ0ZndfdmlkZW9faGxzX2R5bmFtaWNfbWFuaWZlc3RzXzE1MDgyIjp7ImJ1Y2tldCI6InRydWVfYml0cmF0ZSIsInZlcnNpb24iOm51bGx9LCJ0ZndfbGVnYWN5X3RpbWVsaW5lX3N1bnNldCI6eyJidWNrZXQiOnRydWUsInZlcnNpb24iOm51bGx9LCJ0ZndfdHdlZXRfZWRpdF9mcm9udGVuZCI6eyJidWNrZXQiOiJvbiIsInZlcnNpb24iOm51bGx9fQ%3D%3D&amp;frame=false&amp;hideCard=false&amp;hideThread=false&amp;id=1712442871624728647&amp;lang=en&amp;origin=https%3A%2F%2Foxu.az%2Fsociety%2F789347&amp;sessionId=e36b3c5f9e6b0285c26015d72294ed743976f91f&amp;siteScreenName=oxuaz&amp;theme=light&amp;widgetsVersion=01917f4d1d4cb%3A1696883169554&amp;width=550px\" frameborder=\"0\" scrolling=\"no\" allowfullscreen=\"allowfullscreen\" data-tweet-id=\"1712442871624728647\" data-mce-fragment=\"1\"><\/iframe><\/div>\n<\/div>\n<p>&nbsp;<\/p>\n","protected":false},"excerpt":{"rendered":"<p>\u201cBu ilin yanvar-avqust aylar\u0131nda Nax\u00e7\u0131van Muxtar Respublikas\u0131nda 454 daimi yeni i\u015f yeri a\u00e7\u0131l\u0131b\u201d. Bu bar\u0259d\u0259 Nax\u00e7\u0131van Muxtar Respublikas\u0131nda Az\u0259rbaycan Respublikas\u0131 Prezidentinin s\u0259lahiyy\u0259tli n\u00fcmay\u0259nd\u0259si Fuad N\u0259c\u0259fli \u00f6z\u00fcn\u00fcn \u201cX\u201d sosial \u015f\u0259b\u0259k\u0259 hesab\u0131nda payla\u015f\u0131m edib. \u201c\u0130\u015f yerl\u0259rinin 47-si d\u00f6vl\u0259t, 407-si \u00f6z\u0259l sektorun pay\u0131na d\u00fc\u015f\u00fcr. Onlardan 357-si Nax\u00e7\u0131van \u015f\u0259h\u0259rind\u0259, 50-si \u015e\u0259rur, 30-u Bab\u0259k, 7-si Ordubad, 5-i K\u0259ng\u0259rli v\u0259 5-i \u015eahbuz rayonlar\u0131nda yerl\u0259\u015fir\u201d, &#8211; dey\u0259 s\u0259lahiyy\u0259tli n\u00fcmay\u0259nd\u0259 payla\u015f\u0131m\u0131nda bildirib. &nbsp;<\/p>\n","protected":false},"author":2,"featured_media":644718,"comment_status":"closed","ping_status":"closed","sticky":false,"template":"","format":"standard","meta":{"om_disable_all_campaigns":false,"_monsterinsights_skip_tracking":false,"_monsterinsights_sitenote_active":false,"_monsterinsights_sitenote_note":"","_monsterinsights_sitenote_category":0},"categories":[1],"tags":[],"aioseo_notices":[],"gutentor_comment":0,"rttpg_featured_image_url":{"full":["https:\/\/arantv.az\/wp-content\/uploads\/2023\/10\/f34967f1-f037-36d6-8fde-e8c8c084563c_850-1.jpg",620,413,false],"landscape":["https:\/\/arantv.az\/wp-content\/uploads\/2023\/10\/f34967f1-f037-36d6-8fde-e8c8c084563c_850-1.jpg",620,413,false],"portraits":["https:\/\/arantv.az\/wp-content\/uploads\/2023\/10\/f34967f1-f037-36d6-8fde-e8c8c084563c_850-1.jpg",620,413,false],"thumbnail":["https:\/\/arantv.az\/wp-content\/uploads\/2023\/10\/f34967f1-f037-36d6-8fde-e8c8c084563c_850-1-500x280.jpg",500,280,true],"medium":["https:\/\/arantv.az\/wp-content\/uploads\/2023\/10\/f34967f1-f037-36d6-8fde-e8c8c084563c_850-1-548x365.jpg",548,365,true],"large":["https:\/\/arantv.az\/wp-content\/uploads\/2023\/10\/f34967f1-f037-36d6-8fde-e8c8c084563c_850-1.jpg",620,413,false],"1536x1536":["https:\/\/arantv.az\/wp-content\/uploads\/2023\/10\/f34967f1-f037-36d6-8fde-e8c8c084563c_850-1.jpg",620,413,false],"2048x2048":["https:\/\/arantv.az\/wp-content\/uploads\/2023\/10\/f34967f1-f037-36d6-8fde-e8c8c084563c_850-1.jpg",620,413,false],"post-thumbnail":["https:\/\/arantv.az\/wp-content\/uploads\/2023\/10\/f34967f1-f037-36d6-8fde-e8c8c084563c_850-1-240x172.jpg",240,172,true],"advps-thumb-one":["https:\/\/arantv.az\/wp-content\/uploads\/2023\/10\/f34967f1-f037-36d6-8fde-e8c8c084563c_850-1.jpg",620,413,false]},"rttpg_author":{"display_name":"V\u00fcsal Rafiqo\u011flu","author_link":"https:\/\/arantv.az\/?author=2"},"rttpg_comment":0,"rttpg_category":"<a href=\"https:\/\/arantv.az\/?cat=1\" rel=\"category\">C\u0259miyy\u0259t<\/a>","rttpg_excerpt":"\u201cBu ilin yanvar-avqust aylar\u0131nda Nax\u00e7\u0131van Muxtar Respublikas\u0131nda 454 daimi yeni i\u015f yeri a\u00e7\u0131l\u0131b\u201d. Bu bar\u0259d\u0259 Nax\u00e7\u0131van Muxtar Respublikas\u0131nda Az\u0259rbaycan Respublikas\u0131 Prezidentinin s\u0259lahiyy\u0259tli n\u00fcmay\u0259nd\u0259si Fuad N\u0259c\u0259fli \u00f6z\u00fcn\u00fcn \u201cX\u201d sosial \u015f\u0259b\u0259k\u0259 hesab\u0131nda payla\u015f\u0131m edib. \u201c\u0130\u015f yerl\u0259rinin 47-si d\u00f6vl\u0259t, 407-si \u00f6z\u0259l sektorun pay\u0131na d\u00fc\u015f\u00fcr. Onlardan 357-si Nax\u00e7\u0131van \u015f\u0259h\u0259rind\u0259, 50-si \u015e\u0259rur, 30-u Bab\u0259k, 7-si Ordubad, 5-i K\u0259ng\u0259rli v\u0259 5-i&hellip;","_links":{"self":[{"href":"https:\/\/arantv.az\/index.php?rest_route=\/wp\/v2\/posts\/644713"}],"collection":[{"href":"https:\/\/arantv.az\/index.php?rest_route=\/wp\/v2\/posts"}],"about":[{"href":"https:\/\/arantv.az\/index.php?rest_route=\/wp\/v2\/types\/post"}],"author":[{"embeddable":true,"href":"https:\/\/arantv.az\/index.php?rest_route=\/wp\/v2\/users\/2"}],"replies":[{"embeddable":true,"href":"https:\/\/arantv.az\/index.php?rest_route=%2Fwp%2Fv2%2Fcomments&post=644713"}],"version-history":[{"count":0,"href":"https:\/\/arantv.az\/index.php?rest_route=\/wp\/v2\/posts\/644713\/revisions"}],"wp:featuredmedia":[{"embeddable":true,"href":"https:\/\/arantv.az\/index.php?rest_route=\/wp\/v2\/media\/644718"}],"wp:attachment":[{"href":"https:\/\/arantv.az\/index.php?rest_route=%2Fwp%2Fv2%2Fmedia&parent=644713"}],"wp:term":[{"taxonomy":"category","embeddable":true,"href":"https:\/\/arantv.az\/index.php?rest_route=%2Fwp%2Fv2%2Fcategories&post=644713"},{"taxonomy":"post_tag","embeddable":true,"href":"https:\/\/arantv.az\/index.php?rest_route=%2Fwp%2Fv2%2Ftags&post=644713"}],"curies":[{"name":"wp","href":"https:\/\/api.w.org\/{rel}","templated":true}]}}