{"id":644724,"date":"2023-10-12T20:00:08","date_gmt":"2023-10-12T16:00:08","guid":{"rendered":"https:\/\/arantv.az\/?p=644724"},"modified":"2023-10-12T20:00:08","modified_gmt":"2023-10-12T16:00:08","slug":"az%c9%99rbaycan-bmt-ni-qarabagda-%c9%99l%c9%99-keciril%c9%99n-h%c9%99rbi-vasit%c9%99l%c9%99rin-s%c9%99n%c9%99dl%c9%99sdirilm%c9%99sin%c9%99-d%c9%99v%c9%99t-edib","status":"publish","type":"post","link":"https:\/\/arantv.az\/?p=644724","title":{"rendered":"Az\u0259rbaycan BMT-ni Qaraba\u011fda \u0259l\u0259 ke\u00e7iril\u0259n h\u0259rbi vasit\u0259l\u0259rin s\u0259n\u0259dl\u0259\u015fdirilm\u0259sin\u0259 d\u0259v\u0259t edib"},"content":{"rendered":"<p>\u201cAntiterror t\u0259dbirl\u0259ri n\u0259tic\u0259sind\u0259 z\u0259r\u0259rsizl\u0259\u015fdiril\u0259n v\u0259 ya \u0259l\u0259 ke\u00e7iril\u0259n silahlar\u0131n m\u00fcr\u0259kk\u0259bliyi v\u0259 t\u0259\u015fkilatland\u0131r\u0131lmas\u0131 Erm\u0259nistan\u0131n Qaraba\u011fdak\u0131 h\u0259rbi personal\u0131n\u0131 yerli milisl\u0259r v\u0259 ya silahl\u0131 m\u00fclki \u015f\u0259xsl\u0259r kimi t\u0259svir etm\u0259k c\u0259hdl\u0259rini if\u015fa edib\u201d.<\/p>\n<p>APA\u00a0x\u0259b\u0259r verir ki, bunu Az\u0259rbaycan xarici i\u015fl\u0259r nazirinin m\u00fcavini Elnur M\u0259mm\u0259dov Beyn\u0259lxalq \u018fdal\u0259t M\u0259hk\u0259m\u0259sind\u0259 Erm\u0259nistan\u0131n Az\u0259rbaycana qar\u015f\u0131 m\u00fcraci\u0259ti \u00fczr\u0259 dinl\u0259m\u0259l\u0259rd\u0259 \u00e7\u0131x\u0131\u015f ed\u0259rk\u0259n bildirib.<\/p>\n<p>\u201cErm\u0259nistan q\u00fcvv\u0259l\u0259rinin Qaraba\u011fda t\u00f6r\u0259tdiyi t\u0259hl\u00fck\u0259sizlik t\u0259hdidl\u0259rinin \u0259n bariz g\u00f6st\u0259ricisi \u0259m\u0259liyyat zaman\u0131 m\u0259hv edilmi\u015f v\u0259 ya \u0259l\u0259 ke\u00e7irilmi\u015f, h\u0259m\u00e7inin Qaraba\u011f boyunca tap\u0131lm\u0131\u015f silahlar\u0131n h\u0259cmi v\u0259 qabaqc\u0131l texnologiyal\u0131 h\u0259rbi vasit\u0259l\u0259rdir\u201d, &#8211; Elnur M\u0259mm\u0259dov vur\u011fulay\u0131b.<\/p>\n<p>Nazir m\u00fcavini qeyd edib ki, Az\u0259rbaycan BMT-ni bu h\u0259rbi vasit\u0259l\u0259rin s\u0259n\u0259dl\u0259\u015fdirilm\u0259sin\u0259, t\u0259rk-silah prosesin\u0259 yard\u0131m etm\u0259y\u0259 v\u0259 Erm\u0259nistan\u0131n qanunsuz f\u0259aliyy\u0259tl\u0259rini b\u00fct\u00fcn d\u00fcnya \u00fc\u00e7\u00fcn s\u0259n\u0259dl\u0259\u015fdirm\u0259y\u0259 d\u0259v\u0259t edib.<\/p>\n","protected":false},"excerpt":{"rendered":"<p>\u201cAntiterror t\u0259dbirl\u0259ri n\u0259tic\u0259sind\u0259 z\u0259r\u0259rsizl\u0259\u015fdiril\u0259n v\u0259 ya \u0259l\u0259 ke\u00e7iril\u0259n silahlar\u0131n m\u00fcr\u0259kk\u0259bliyi v\u0259 t\u0259\u015fkilatland\u0131r\u0131lmas\u0131 Erm\u0259nistan\u0131n Qaraba\u011fdak\u0131 h\u0259rbi personal\u0131n\u0131 yerli milisl\u0259r v\u0259 ya silahl\u0131 m\u00fclki \u015f\u0259xsl\u0259r kimi t\u0259svir etm\u0259k c\u0259hdl\u0259rini if\u015fa edib\u201d. APA\u00a0x\u0259b\u0259r verir ki, bunu Az\u0259rbaycan xarici i\u015fl\u0259r nazirinin m\u00fcavini Elnur M\u0259mm\u0259dov Beyn\u0259lxalq \u018fdal\u0259t M\u0259hk\u0259m\u0259sind\u0259 Erm\u0259nistan\u0131n Az\u0259rbaycana qar\u015f\u0131 m\u00fcraci\u0259ti \u00fczr\u0259 dinl\u0259m\u0259l\u0259rd\u0259 \u00e7\u0131x\u0131\u015f ed\u0259rk\u0259n bildirib. \u201cErm\u0259nistan q\u00fcvv\u0259l\u0259rinin Qaraba\u011fda t\u00f6r\u0259tdiyi t\u0259hl\u00fck\u0259sizlik t\u0259hdidl\u0259rinin \u0259n bariz g\u00f6st\u0259ricisi \u0259m\u0259liyyat zaman\u0131 m\u0259hv edilmi\u015f v\u0259 ya \u0259l\u0259 ke\u00e7irilmi\u015f, h\u0259m\u00e7inin Qaraba\u011f boyunca tap\u0131lm\u0131\u015f silahlar\u0131n h\u0259cmi v\u0259 qabaqc\u0131l texnologiyal\u0131 h\u0259rbi vasit\u0259l\u0259rdir\u201d, &#8211; Elnur M\u0259mm\u0259dov vur\u011fulay\u0131b. Nazir m\u00fcavini qeyd edib ki, Az\u0259rbaycan&hellip;<\/p>\n","protected":false},"author":2,"featured_media":644726,"comment_status":"closed","ping_status":"closed","sticky":false,"template":"","format":"standard","meta":{"om_disable_all_campaigns":false,"_monsterinsights_skip_tracking":false,"_monsterinsights_sitenote_active":false,"_monsterinsights_sitenote_note":"","_monsterinsights_sitenote_category":0},"categories":[4],"tags":[],"aioseo_notices":[],"gutentor_comment":0,"rttpg_featured_image_url":{"full":["https:\/\/arantv.az\/wp-content\/uploads\/2023\/10\/652812953fa19652812953fa1a1697125013652812953fa17652812953fa18.jpg",620,413,false],"landscape":["https:\/\/arantv.az\/wp-content\/uploads\/2023\/10\/652812953fa19652812953fa1a1697125013652812953fa17652812953fa18.jpg",620,413,false],"portraits":["https:\/\/arantv.az\/wp-content\/uploads\/2023\/10\/652812953fa19652812953fa1a1697125013652812953fa17652812953fa18.jpg",620,413,false],"thumbnail":["https:\/\/arantv.az\/wp-content\/uploads\/2023\/10\/652812953fa19652812953fa1a1697125013652812953fa17652812953fa18-500x280.jpg",500,280,true],"medium":["https:\/\/arantv.az\/wp-content\/uploads\/2023\/10\/652812953fa19652812953fa1a1697125013652812953fa17652812953fa18-548x365.jpg",548,365,true],"large":["https:\/\/arantv.az\/wp-content\/uploads\/2023\/10\/652812953fa19652812953fa1a1697125013652812953fa17652812953fa18.jpg",620,413,false],"1536x1536":["https:\/\/arantv.az\/wp-content\/uploads\/2023\/10\/652812953fa19652812953fa1a1697125013652812953fa17652812953fa18.jpg",620,413,false],"2048x2048":["https:\/\/arantv.az\/wp-content\/uploads\/2023\/10\/652812953fa19652812953fa1a1697125013652812953fa17652812953fa18.jpg",620,413,false],"post-thumbnail":["https:\/\/arantv.az\/wp-content\/uploads\/2023\/10\/652812953fa19652812953fa1a1697125013652812953fa17652812953fa18-240x172.jpg",240,172,true],"advps-thumb-one":["https:\/\/arantv.az\/wp-content\/uploads\/2023\/10\/652812953fa19652812953fa1a1697125013652812953fa17652812953fa18.jpg",620,413,false]},"rttpg_author":{"display_name":"V\u00fcsal Rafiqo\u011flu","author_link":"https:\/\/arantv.az\/?author=2"},"rttpg_comment":0,"rttpg_category":"<a href=\"https:\/\/arantv.az\/?cat=4\" rel=\"category\">Siyas\u0259t<\/a>","rttpg_excerpt":"\u201cAntiterror t\u0259dbirl\u0259ri n\u0259tic\u0259sind\u0259 z\u0259r\u0259rsizl\u0259\u015fdiril\u0259n v\u0259 ya \u0259l\u0259 ke\u00e7iril\u0259n silahlar\u0131n m\u00fcr\u0259kk\u0259bliyi v\u0259 t\u0259\u015fkilatland\u0131r\u0131lmas\u0131 Erm\u0259nistan\u0131n Qaraba\u011fdak\u0131 h\u0259rbi personal\u0131n\u0131 yerli milisl\u0259r v\u0259 ya silahl\u0131 m\u00fclki \u015f\u0259xsl\u0259r kimi t\u0259svir etm\u0259k c\u0259hdl\u0259rini if\u015fa edib\u201d. APA\u00a0x\u0259b\u0259r verir ki, bunu Az\u0259rbaycan xarici i\u015fl\u0259r nazirinin m\u00fcavini Elnur M\u0259mm\u0259dov Beyn\u0259lxalq \u018fdal\u0259t M\u0259hk\u0259m\u0259sind\u0259 Erm\u0259nistan\u0131n Az\u0259rbaycana qar\u015f\u0131 m\u00fcraci\u0259ti \u00fczr\u0259 dinl\u0259m\u0259l\u0259rd\u0259 \u00e7\u0131x\u0131\u015f ed\u0259rk\u0259n bildirib. \u201cErm\u0259nistan q\u00fcvv\u0259l\u0259rinin Qaraba\u011fda&hellip;","_links":{"self":[{"href":"https:\/\/arantv.az\/index.php?rest_route=\/wp\/v2\/posts\/644724"}],"collection":[{"href":"https:\/\/arantv.az\/index.php?rest_route=\/wp\/v2\/posts"}],"about":[{"href":"https:\/\/arantv.az\/index.php?rest_route=\/wp\/v2\/types\/post"}],"author":[{"embeddable":true,"href":"https:\/\/arantv.az\/index.php?rest_route=\/wp\/v2\/users\/2"}],"replies":[{"embeddable":true,"href":"https:\/\/arantv.az\/index.php?rest_route=%2Fwp%2Fv2%2Fcomments&post=644724"}],"version-history":[{"count":0,"href":"https:\/\/arantv.az\/index.php?rest_route=\/wp\/v2\/posts\/644724\/revisions"}],"wp:featuredmedia":[{"embeddable":true,"href":"https:\/\/arantv.az\/index.php?rest_route=\/wp\/v2\/media\/644726"}],"wp:attachment":[{"href":"https:\/\/arantv.az\/index.php?rest_route=%2Fwp%2Fv2%2Fmedia&parent=644724"}],"wp:term":[{"taxonomy":"category","embeddable":true,"href":"https:\/\/arantv.az\/index.php?rest_route=%2Fwp%2Fv2%2Fcategories&post=644724"},{"taxonomy":"post_tag","embeddable":true,"href":"https:\/\/arantv.az\/index.php?rest_route=%2Fwp%2Fv2%2Ftags&post=644724"}],"curies":[{"name":"wp","href":"https:\/\/api.w.org\/{rel}","templated":true}]}}