{"id":644725,"date":"2023-10-12T20:00:23","date_gmt":"2023-10-12T16:00:23","guid":{"rendered":"https:\/\/arantv.az\/?p=644725"},"modified":"2023-10-12T20:00:23","modified_gmt":"2023-10-12T16:00:23","slug":"c%c9%99lilabadin-goyt%c9%99p%c9%99-s%c9%99h%c9%99rinin-bas-planinin-t%c9%99qdimati-olub-foto","status":"publish","type":"post","link":"https:\/\/arantv.az\/?p=644725","title":{"rendered":"C\u0259lilabad\u0131n G\u00f6yt\u0259p\u0259 \u015f\u0259h\u0259rinin Ba\u015f plan\u0131n\u0131n t\u0259qdimat\u0131 olub &#8211; FOTO"},"content":{"rendered":"<p>C\u0259lilabad rayonunun G\u00f6yt\u0259p\u0259 \u015f\u0259h\u0259rinin Ba\u015f plan\u0131n\u0131n t\u0259qdimat\u0131 olub.<\/p>\n<p>Rayon \u0130cra Hakimiyy\u0259tind\u0259n veril\u0259n m\u0259lumata g\u00f6r\u0259, t\u0259qdimatda C\u0259lilabad Rayon \u0130cra Hakimiyy\u0259ti ba\u015f\u00e7\u0131s\u0131n\u0131n birinci m\u00fcavini, aparat \u0259m\u0259kda\u015flar\u0131, D\u00f6vl\u0259t \u015e\u0259h\u0259rsalma v\u0259 Arxitektura Komit\u0259sinin \u015e\u0259h\u0259rsalma v\u0259 \u0259razinin inki\u015faf \u015f\u00f6b\u0259si m\u00fcdirinin m\u00fcavini, Ba\u015f plan\u0131 haz\u0131rlayan \u015firk\u0259tin n\u00fcmay\u0259nd\u0259l\u0259ri i\u015ftirak edibl\u0259r.<\/p>\n<p>Rayon \u0130cra Hakimiyy\u0259ti ba\u015f\u00e7\u0131s\u0131n\u0131n birinci m\u00fcavini \u00e7\u0131x\u0131\u015f ed\u0259r\u0259k C\u0259lilabad rayonunda 2 \u015f\u0259h\u0259r, 118 k\u0259nd oldu\u011funu v\u0259 G\u00f6yt\u0259p\u0259y\u0259 1976-ci ild\u0259 \u015f\u0259h\u0259r statusunun verildiyini bildirib. Sosial, iqtisadi v\u0259 demoqrafik qurulu\u015f \u00e7\u0259r\u00e7iv\u0259sind\u0259 \u015f\u0259h\u0259rin regional yerl\u0259\u015fm\u0259si v\u0259 \u0259laq\u0259l\u0259ri, \u0259halisi, iqtisadi v\u0259 sosial strukturu \u015f\u0259h\u0259rin ba\u015f plan\u0131n\u0131 haz\u0131rlayark\u0259n ara\u015fd\u0131r\u0131l\u0131r v\u0259 son n\u0259tic\u0259d\u0259 g\u0259l\u0259c\u0259k regional rol, \u0259hali v\u0259 iqtisadi struktur planla\u015fd\u0131rma \u00fc\u00e7\u00fcn \u0259sas kimi m\u00fc\u0259yy\u0259n edilir. G\u00f6yt\u0259p\u0259 \u015f\u0259h\u0259ri \u0259razisinin m\u00fcasir istifad\u0259 plan\u0131n\u0131n, \u015f\u0259h\u0259r\u0259traf\u0131 \u0259razinin haz\u0131rlanmas\u0131, \u0259razinin kompleks qiym\u0259tl\u0259ndirilm\u0259si, n\u0259qliyyat, su t\u0259hcizat\u0131 v\u0259 kanalizasiya, ya\u011f\u0131\u015f kanalizasiya, qaz t\u0259hcizat\u0131, istilik t\u0259hcizat\u0131, elektrik t\u0259hcizat\u0131 sxeml\u0259rinin kompleks haz\u0131rlanmas\u0131 z\u0259rur\u0259tinin yarand\u0131\u011f\u0131n\u0131 v\u0259 G\u00f6yt\u0259p\u0259 \u015f\u0259h\u0259rind\u0259 g\u00f6r\u00fcl\u0259c\u0259k h\u0259r bir i\u015fin Ba\u015f plana uy\u011fun apar\u0131laca\u011f\u0131n\u0131 qeyd edib.<\/p>\n<p>D\u00f6vl\u0259t \u015e\u0259h\u0259rsalma v\u0259 Arxitektura Komit\u0259sinin \u015e\u0259h\u0259rsalma v\u0259 \u0259razinin inki\u015faf \u015f\u00f6b\u0259si m\u00fcdirinin m\u00fcavini qeyd edib ki, G\u00f6yt\u0259p\u0259 \u015f\u0259h\u0259rinin Ba\u015f plan\u0131 D\u00f6vl\u0259t \u015e\u0259h\u0259rsalma v\u0259 Arxitektura Komit\u0259sinin sifari\u015fin\u0259 \u0259sas\u0259n d\u00f6vl\u0259t b\u00fcdc\u0259si hesab\u0131na i\u015fl\u0259nilib. T\u0259rtib olunan plan\u0131n yekun layih\u0259si \u015e\u0259h\u0259rsalma v\u0259 Tikinti M\u0259c\u0259ll\u0259sinin t\u0259l\u0259bl\u0259rin\u0259 uy\u011fun haz\u0131rlan\u0131b.<\/p>\n<p>&nbsp;<\/p>\n<div class=\"gallery\">\n<div class=\"gallery-i\"><img src=\"https:\/\/cdn.oxu.az\/uploads\/W1siZiIsIjIwMjMvMTAvMTIvMTkvMjkvMDkvZDA0OTc3MDctODc3MC00NzFjLWJmMWMtOWUxYTM1ZWZhYmJhL2UyZjcyYTM0LTUzNzAtMzI2Yi05OGMxLTEzYTI4ZGJhMzEwYi5qcGciXSxbInAiLCJlbmNvZGUiLCJqcGciLCItcXVhbGl0eSA4MCJdLFsicCIsInRodW1iIiwiNTkweDU5MFx1MDAzZSJdXQ?sha=77363370927ee36f\" alt=\"\" \/><\/div>\n<\/div>\n","protected":false},"excerpt":{"rendered":"<p>C\u0259lilabad rayonunun G\u00f6yt\u0259p\u0259 \u015f\u0259h\u0259rinin Ba\u015f plan\u0131n\u0131n t\u0259qdimat\u0131 olub. Rayon \u0130cra Hakimiyy\u0259tind\u0259n veril\u0259n m\u0259lumata g\u00f6r\u0259, t\u0259qdimatda C\u0259lilabad Rayon \u0130cra Hakimiyy\u0259ti ba\u015f\u00e7\u0131s\u0131n\u0131n birinci m\u00fcavini, aparat \u0259m\u0259kda\u015flar\u0131, D\u00f6vl\u0259t \u015e\u0259h\u0259rsalma v\u0259 Arxitektura Komit\u0259sinin \u015e\u0259h\u0259rsalma v\u0259 \u0259razinin inki\u015faf \u015f\u00f6b\u0259si m\u00fcdirinin m\u00fcavini, Ba\u015f plan\u0131 haz\u0131rlayan \u015firk\u0259tin n\u00fcmay\u0259nd\u0259l\u0259ri i\u015ftirak edibl\u0259r. Rayon \u0130cra Hakimiyy\u0259ti ba\u015f\u00e7\u0131s\u0131n\u0131n birinci m\u00fcavini \u00e7\u0131x\u0131\u015f ed\u0259r\u0259k C\u0259lilabad rayonunda 2 \u015f\u0259h\u0259r, 118 k\u0259nd oldu\u011funu v\u0259 G\u00f6yt\u0259p\u0259y\u0259 1976-ci ild\u0259 \u015f\u0259h\u0259r statusunun verildiyini bildirib. Sosial, iqtisadi v\u0259 demoqrafik qurulu\u015f \u00e7\u0259r\u00e7iv\u0259sind\u0259 \u015f\u0259h\u0259rin regional yerl\u0259\u015fm\u0259si v\u0259 \u0259laq\u0259l\u0259ri, \u0259halisi, iqtisadi v\u0259 sosial strukturu \u015f\u0259h\u0259rin ba\u015f plan\u0131n\u0131 haz\u0131rlayark\u0259n ara\u015fd\u0131r\u0131l\u0131r v\u0259 son n\u0259tic\u0259d\u0259&hellip;<\/p>\n","protected":false},"author":2,"featured_media":644727,"comment_status":"closed","ping_status":"closed","sticky":false,"template":"","format":"standard","meta":{"om_disable_all_campaigns":false,"_monsterinsights_skip_tracking":false,"_monsterinsights_sitenote_active":false,"_monsterinsights_sitenote_note":"","_monsterinsights_sitenote_category":0},"categories":[19],"tags":[],"aioseo_notices":[],"gutentor_comment":0,"rttpg_featured_image_url":{"full":["https:\/\/arantv.az\/wp-content\/uploads\/2023\/10\/FotoJet-2023-10-12T192841.309.jpg",620,413,false],"landscape":["https:\/\/arantv.az\/wp-content\/uploads\/2023\/10\/FotoJet-2023-10-12T192841.309.jpg",620,413,false],"portraits":["https:\/\/arantv.az\/wp-content\/uploads\/2023\/10\/FotoJet-2023-10-12T192841.309.jpg",620,413,false],"thumbnail":["https:\/\/arantv.az\/wp-content\/uploads\/2023\/10\/FotoJet-2023-10-12T192841.309-500x280.jpg",500,280,true],"medium":["https:\/\/arantv.az\/wp-content\/uploads\/2023\/10\/FotoJet-2023-10-12T192841.309-548x365.jpg",548,365,true],"large":["https:\/\/arantv.az\/wp-content\/uploads\/2023\/10\/FotoJet-2023-10-12T192841.309.jpg",620,413,false],"1536x1536":["https:\/\/arantv.az\/wp-content\/uploads\/2023\/10\/FotoJet-2023-10-12T192841.309.jpg",620,413,false],"2048x2048":["https:\/\/arantv.az\/wp-content\/uploads\/2023\/10\/FotoJet-2023-10-12T192841.309.jpg",620,413,false],"post-thumbnail":["https:\/\/arantv.az\/wp-content\/uploads\/2023\/10\/FotoJet-2023-10-12T192841.309-240x172.jpg",240,172,true],"advps-thumb-one":["https:\/\/arantv.az\/wp-content\/uploads\/2023\/10\/FotoJet-2023-10-12T192841.309.jpg",620,413,false]},"rttpg_author":{"display_name":"V\u00fcsal Rafiqo\u011flu","author_link":"https:\/\/arantv.az\/?author=2"},"rttpg_comment":0,"rttpg_category":"<a href=\"https:\/\/arantv.az\/?cat=19\" rel=\"category\">G\u00fcnd\u0259m<\/a>","rttpg_excerpt":"C\u0259lilabad rayonunun G\u00f6yt\u0259p\u0259 \u015f\u0259h\u0259rinin Ba\u015f plan\u0131n\u0131n t\u0259qdimat\u0131 olub. Rayon \u0130cra Hakimiyy\u0259tind\u0259n veril\u0259n m\u0259lumata g\u00f6r\u0259, t\u0259qdimatda C\u0259lilabad Rayon \u0130cra Hakimiyy\u0259ti ba\u015f\u00e7\u0131s\u0131n\u0131n birinci m\u00fcavini, aparat \u0259m\u0259kda\u015flar\u0131, D\u00f6vl\u0259t \u015e\u0259h\u0259rsalma v\u0259 Arxitektura Komit\u0259sinin \u015e\u0259h\u0259rsalma v\u0259 \u0259razinin inki\u015faf \u015f\u00f6b\u0259si m\u00fcdirinin m\u00fcavini, Ba\u015f plan\u0131 haz\u0131rlayan \u015firk\u0259tin n\u00fcmay\u0259nd\u0259l\u0259ri i\u015ftirak edibl\u0259r. Rayon \u0130cra Hakimiyy\u0259ti ba\u015f\u00e7\u0131s\u0131n\u0131n birinci m\u00fcavini \u00e7\u0131x\u0131\u015f ed\u0259r\u0259k C\u0259lilabad rayonunda 2 \u015f\u0259h\u0259r,&hellip;","_links":{"self":[{"href":"https:\/\/arantv.az\/index.php?rest_route=\/wp\/v2\/posts\/644725"}],"collection":[{"href":"https:\/\/arantv.az\/index.php?rest_route=\/wp\/v2\/posts"}],"about":[{"href":"https:\/\/arantv.az\/index.php?rest_route=\/wp\/v2\/types\/post"}],"author":[{"embeddable":true,"href":"https:\/\/arantv.az\/index.php?rest_route=\/wp\/v2\/users\/2"}],"replies":[{"embeddable":true,"href":"https:\/\/arantv.az\/index.php?rest_route=%2Fwp%2Fv2%2Fcomments&post=644725"}],"version-history":[{"count":0,"href":"https:\/\/arantv.az\/index.php?rest_route=\/wp\/v2\/posts\/644725\/revisions"}],"wp:featuredmedia":[{"embeddable":true,"href":"https:\/\/arantv.az\/index.php?rest_route=\/wp\/v2\/media\/644727"}],"wp:attachment":[{"href":"https:\/\/arantv.az\/index.php?rest_route=%2Fwp%2Fv2%2Fmedia&parent=644725"}],"wp:term":[{"taxonomy":"category","embeddable":true,"href":"https:\/\/arantv.az\/index.php?rest_route=%2Fwp%2Fv2%2Fcategories&post=644725"},{"taxonomy":"post_tag","embeddable":true,"href":"https:\/\/arantv.az\/index.php?rest_route=%2Fwp%2Fv2%2Ftags&post=644725"}],"curies":[{"name":"wp","href":"https:\/\/api.w.org\/{rel}","templated":true}]}}