{"id":644729,"date":"2023-10-12T20:01:12","date_gmt":"2023-10-12T16:01:12","guid":{"rendered":"https:\/\/arantv.az\/?p=644729"},"modified":"2023-10-12T20:01:12","modified_gmt":"2023-10-12T16:01:12","slug":"xin-erm%c9%99nistanin-qirgizistandaki-gorusl%c9%99rd%c9%99n-imtina-etm%c9%99sind%c9%99n-t%c9%99%c9%99ssufl%c9%99nir","status":"publish","type":"post","link":"https:\/\/arantv.az\/?p=644729","title":{"rendered":"X\u0130N Erm\u0259nistan\u0131n Q\u0131r\u011f\u0131z\u0131standak\u0131 g\u00f6r\u00fc\u015fl\u0259rd\u0259n imtina etm\u0259sind\u0259n t\u0259\u0259ss\u00fcfl\u0259nir"},"content":{"rendered":"<p>&#8220;Biz Erm\u0259nistan\u0131n bu g\u00fcn Q\u0131r\u011f\u0131z\u0131stan Respublikas\u0131nda ke\u00e7irilm\u0259si planla\u015fd\u0131r\u0131lan Az\u0259rbaycan v\u0259 Erm\u0259nistan\u0131n liderl\u0259rinin v\u0259 xarici i\u015fl\u0259r nazirl\u0259rinin g\u00f6r\u00fc\u015f\u00fcnd\u0259n imtina etm\u0259sind\u0259n t\u0259\u0259ss\u00fcfl\u0259nirik&#8221;.<\/p>\n<p>APA\u00a0x\u0259b\u0259r verir ki, bunu Az\u0259rbaycan xarici i\u015fl\u0259r nazirinin m\u00fcavini Elnur M\u0259mm\u0259dov Beyn\u0259lxalq \u018fdal\u0259t M\u0259hk\u0259m\u0259sind\u0259 Erm\u0259nistan\u0131n Az\u0259rbaycana qar\u015f\u0131 m\u00fcraci\u0259ti \u00fczr\u0259 dinl\u0259m\u0259l\u0259rd\u0259 \u00e7\u0131x\u0131\u015f ed\u0259rk\u0259n bildirib.<\/p>\n<p>Elnur M\u0259mm\u0259dov qeyd edib ki, t\u0259r\u0259fl\u0259r aras\u0131nda n\u00f6vb\u0259ti g\u00f6r\u00fc\u015f\u00fcn Avropa \u0130ttifaq\u0131n\u0131n himay\u0259si alt\u0131nda bu ay\u0131n sonunda Br\u00fcsseld\u0259 ke\u00e7irilm\u0259si n\u0259z\u0259rd\u0259 tutulub.<\/p>\n<p>O, g\u00f6r\u00fc\u015fd\u0259 \u00f6lk\u0259l\u0259rin \u0259razi b\u00fct\u00f6vl\u00fcy\u00fc v\u0259 suverenliyin\u0259 qar\u015f\u0131l\u0131ql\u0131 h\u00f6rm\u0259tin, eyni zamanda, m\u00fcnaqi\u015f\u0259 ba\u015flayandan b\u0259ri k\u00f6\u00e7k\u00fcn d\u00fc\u015fm\u00fc\u015f az\u0259rbaycanl\u0131lar v\u0259 erm\u0259nil\u0259rin qay\u0131d\u0131\u015f\u0131 \u015f\u0259rtl\u0259rinin m\u00fczakir\u0259 edil\u0259c\u0259yini bildirib.<\/p>\n","protected":false},"excerpt":{"rendered":"<p>&#8220;Biz Erm\u0259nistan\u0131n bu g\u00fcn Q\u0131r\u011f\u0131z\u0131stan Respublikas\u0131nda ke\u00e7irilm\u0259si planla\u015fd\u0131r\u0131lan Az\u0259rbaycan v\u0259 Erm\u0259nistan\u0131n liderl\u0259rinin v\u0259 xarici i\u015fl\u0259r nazirl\u0259rinin g\u00f6r\u00fc\u015f\u00fcnd\u0259n imtina etm\u0259sind\u0259n t\u0259\u0259ss\u00fcfl\u0259nirik&#8221;. APA\u00a0x\u0259b\u0259r verir ki, bunu Az\u0259rbaycan xarici i\u015fl\u0259r nazirinin m\u00fcavini Elnur M\u0259mm\u0259dov Beyn\u0259lxalq \u018fdal\u0259t M\u0259hk\u0259m\u0259sind\u0259 Erm\u0259nistan\u0131n Az\u0259rbaycana qar\u015f\u0131 m\u00fcraci\u0259ti \u00fczr\u0259 dinl\u0259m\u0259l\u0259rd\u0259 \u00e7\u0131x\u0131\u015f ed\u0259rk\u0259n bildirib. Elnur M\u0259mm\u0259dov qeyd edib ki, t\u0259r\u0259fl\u0259r aras\u0131nda n\u00f6vb\u0259ti g\u00f6r\u00fc\u015f\u00fcn Avropa \u0130ttifaq\u0131n\u0131n himay\u0259si alt\u0131nda bu ay\u0131n sonunda Br\u00fcsseld\u0259 ke\u00e7irilm\u0259si n\u0259z\u0259rd\u0259 tutulub. O, g\u00f6r\u00fc\u015fd\u0259 \u00f6lk\u0259l\u0259rin \u0259razi b\u00fct\u00f6vl\u00fcy\u00fc v\u0259 suverenliyin\u0259 qar\u015f\u0131l\u0131ql\u0131 h\u00f6rm\u0259tin, eyni zamanda, m\u00fcnaqi\u015f\u0259 ba\u015flayandan b\u0259ri k\u00f6\u00e7k\u00fcn d\u00fc\u015fm\u00fc\u015f az\u0259rbaycanl\u0131lar v\u0259 erm\u0259nil\u0259rin qay\u0131d\u0131\u015f\u0131 \u015f\u0259rtl\u0259rinin m\u00fczakir\u0259 edil\u0259c\u0259yini bildirib.<\/p>\n","protected":false},"author":2,"featured_media":644731,"comment_status":"closed","ping_status":"closed","sticky":false,"template":"","format":"standard","meta":{"om_disable_all_campaigns":false,"_monsterinsights_skip_tracking":false,"_monsterinsights_sitenote_active":false,"_monsterinsights_sitenote_note":"","_monsterinsights_sitenote_category":0},"categories":[4],"tags":[],"aioseo_notices":[],"gutentor_comment":0,"rttpg_featured_image_url":{"full":["https:\/\/arantv.az\/wp-content\/uploads\/2023\/10\/652808cedc0bf652808cedc0c01697122510652808cedc0bb652808cedc0bd.jpg",620,413,false],"landscape":["https:\/\/arantv.az\/wp-content\/uploads\/2023\/10\/652808cedc0bf652808cedc0c01697122510652808cedc0bb652808cedc0bd.jpg",620,413,false],"portraits":["https:\/\/arantv.az\/wp-content\/uploads\/2023\/10\/652808cedc0bf652808cedc0c01697122510652808cedc0bb652808cedc0bd.jpg",620,413,false],"thumbnail":["https:\/\/arantv.az\/wp-content\/uploads\/2023\/10\/652808cedc0bf652808cedc0c01697122510652808cedc0bb652808cedc0bd-500x280.jpg",500,280,true],"medium":["https:\/\/arantv.az\/wp-content\/uploads\/2023\/10\/652808cedc0bf652808cedc0c01697122510652808cedc0bb652808cedc0bd-548x365.jpg",548,365,true],"large":["https:\/\/arantv.az\/wp-content\/uploads\/2023\/10\/652808cedc0bf652808cedc0c01697122510652808cedc0bb652808cedc0bd.jpg",620,413,false],"1536x1536":["https:\/\/arantv.az\/wp-content\/uploads\/2023\/10\/652808cedc0bf652808cedc0c01697122510652808cedc0bb652808cedc0bd.jpg",620,413,false],"2048x2048":["https:\/\/arantv.az\/wp-content\/uploads\/2023\/10\/652808cedc0bf652808cedc0c01697122510652808cedc0bb652808cedc0bd.jpg",620,413,false],"post-thumbnail":["https:\/\/arantv.az\/wp-content\/uploads\/2023\/10\/652808cedc0bf652808cedc0c01697122510652808cedc0bb652808cedc0bd-240x172.jpg",240,172,true],"advps-thumb-one":["https:\/\/arantv.az\/wp-content\/uploads\/2023\/10\/652808cedc0bf652808cedc0c01697122510652808cedc0bb652808cedc0bd.jpg",620,413,false]},"rttpg_author":{"display_name":"V\u00fcsal Rafiqo\u011flu","author_link":"https:\/\/arantv.az\/?author=2"},"rttpg_comment":0,"rttpg_category":"<a href=\"https:\/\/arantv.az\/?cat=4\" rel=\"category\">Siyas\u0259t<\/a>","rttpg_excerpt":"&#8220;Biz Erm\u0259nistan\u0131n bu g\u00fcn Q\u0131r\u011f\u0131z\u0131stan Respublikas\u0131nda ke\u00e7irilm\u0259si planla\u015fd\u0131r\u0131lan Az\u0259rbaycan v\u0259 Erm\u0259nistan\u0131n liderl\u0259rinin v\u0259 xarici i\u015fl\u0259r nazirl\u0259rinin g\u00f6r\u00fc\u015f\u00fcnd\u0259n imtina etm\u0259sind\u0259n t\u0259\u0259ss\u00fcfl\u0259nirik&#8221;. APA\u00a0x\u0259b\u0259r verir ki, bunu Az\u0259rbaycan xarici i\u015fl\u0259r nazirinin m\u00fcavini Elnur M\u0259mm\u0259dov Beyn\u0259lxalq \u018fdal\u0259t M\u0259hk\u0259m\u0259sind\u0259 Erm\u0259nistan\u0131n Az\u0259rbaycana qar\u015f\u0131 m\u00fcraci\u0259ti \u00fczr\u0259 dinl\u0259m\u0259l\u0259rd\u0259 \u00e7\u0131x\u0131\u015f ed\u0259rk\u0259n bildirib. Elnur M\u0259mm\u0259dov qeyd edib ki, t\u0259r\u0259fl\u0259r aras\u0131nda n\u00f6vb\u0259ti g\u00f6r\u00fc\u015f\u00fcn Avropa \u0130ttifaq\u0131n\u0131n himay\u0259si&hellip;","_links":{"self":[{"href":"https:\/\/arantv.az\/index.php?rest_route=\/wp\/v2\/posts\/644729"}],"collection":[{"href":"https:\/\/arantv.az\/index.php?rest_route=\/wp\/v2\/posts"}],"about":[{"href":"https:\/\/arantv.az\/index.php?rest_route=\/wp\/v2\/types\/post"}],"author":[{"embeddable":true,"href":"https:\/\/arantv.az\/index.php?rest_route=\/wp\/v2\/users\/2"}],"replies":[{"embeddable":true,"href":"https:\/\/arantv.az\/index.php?rest_route=%2Fwp%2Fv2%2Fcomments&post=644729"}],"version-history":[{"count":0,"href":"https:\/\/arantv.az\/index.php?rest_route=\/wp\/v2\/posts\/644729\/revisions"}],"wp:featuredmedia":[{"embeddable":true,"href":"https:\/\/arantv.az\/index.php?rest_route=\/wp\/v2\/media\/644731"}],"wp:attachment":[{"href":"https:\/\/arantv.az\/index.php?rest_route=%2Fwp%2Fv2%2Fmedia&parent=644729"}],"wp:term":[{"taxonomy":"category","embeddable":true,"href":"https:\/\/arantv.az\/index.php?rest_route=%2Fwp%2Fv2%2Fcategories&post=644729"},{"taxonomy":"post_tag","embeddable":true,"href":"https:\/\/arantv.az\/index.php?rest_route=%2Fwp%2Fv2%2Ftags&post=644729"}],"curies":[{"name":"wp","href":"https:\/\/api.w.org\/{rel}","templated":true}]}}