{"id":644735,"date":"2023-10-12T20:14:19","date_gmt":"2023-10-12T16:14:19","guid":{"rendered":"https:\/\/arantv.az\/?p=644735"},"modified":"2023-10-12T20:14:19","modified_gmt":"2023-10-12T16:14:19","slug":"q%c9%99rbi-az%c9%99rbaycan-xronikasierm%c9%99nistanda-100-min-az%c9%99rbaycanli-ucun-yeni-evl%c9%99r-tikilir-video","status":"publish","type":"post","link":"https:\/\/arantv.az\/?p=644735","title":{"rendered":"Q\u0259rbi Az\u0259rbaycan Xronikas\u0131:\u201cErm\u0259nistanda 100 min az\u0259rbaycanl\u0131 \u00fc\u00e7\u00fcn yeni evl\u0259r tikilir\u201d &#8211; V\u0130DEO"},"content":{"rendered":"<blockquote>\n<article class=\"news\">\n<div class=\"news-inner\">\n<p>Bu g\u00fcn\u00a0s\u0259n\u0259t\u015f\u00fcnasl\u0131q \u00fczr\u0259 f\u0259ls\u0259f\u0259 doktoru El\u00e7in \u018flib\u0259ylinin t\u0259qdimat\u0131nda\u00a0Q\u0259rbi Az\u0259rbaycan Xronikas\u0131 layih\u0259si \u00e7\u0259r\u00e7iv\u0259sind\u0259 n\u00f6vb\u0259ti analitik s\u00fcjet\u00a0haz\u0131rlan\u0131b.<\/p>\n<p>Verli\u015fd\u0259\u00a0\u201cErm\u0259nistanda Q\u0259rbi Az\u0259rbaycanl\u0131lar\u0131n qay\u0131d\u0131\u015f x\u0259b\u0259ri al\u0259mi qatd\u0131\u201d adl\u0131 s\u00fcjetd\u0259 bu il sentyabr\u0131n 19-20-d\u0259 Qaraba\u011fda antiterror t\u0259dbirl\u0259tind\u0259n sonra Erm\u0259nistanda t\u0259\u015fvi\u015f ya\u015fand\u0131\u011f\u0131, h\u00fcquq m\u00fcdafi\u0259\u00e7isi obraz\u0131nda \u00e7\u0131x\u0131\u015f ed\u0259n Arman Tatoyan da daxil olmaqla m\u0259tbuat v\u0259 ekspertl\u0259rin Az\u0259rbaycan t\u0259r\u0259finin Erm\u0259nistana 100 min az\u0259rbaycanl\u0131n\u0131 yerl\u0259\u015fdirm\u0259k niyy\u0259tind\u0259 oldu\u011fu \u0259traf\u0131nda siyasi hay-k\u00fcy qald\u0131rmas\u0131ndan b\u0259hs olunur.<\/p>\n<p>Bildirilir ki, Q\u0259rbi Az\u0259rbaycan \u0130cmas\u0131 vaxta\u015f\u0131r\u0131 h\u0259m erm\u0259ni siyasi dair\u0259l\u0259ri, o c\u00fcml\u0259d\u0259n beyn\u0259lxalq qurumlar qar\u015f\u0131s\u0131nda m\u00fch\u00fcm m\u0259s\u0259l\u0259l\u0259r qald\u0131r\u0131b: \u201cB\u00fct\u00fcn bu m\u00fcraci\u0259tl\u0259r\u0259 Erm\u0259nistan hakimiyy\u0259ti son 35 ild\u0259 he\u00e7 bir reaksiya verm\u0259mi\u015f, m\u0259s\u0259sl\u0259ni ciddiy\u0259 almamaq davran\u0131\u015f\u0131 g\u00f6st\u0259ribl\u0259r. Erm\u0259nistan hakimiyy\u0259ti bu ger\u00e7\u0259yi q\u0259bul etm\u0259lidir. Media eksperti, informasiya t\u0259hl\u00fck\u0259sizliyi \u00fczr\u0259 m\u00fct\u0259x\u0259ssis Tiqran Ko\u00e7aryan m\u0259s\u0259l\u0259ni bel\u0259 \u015f\u0259rh edir: \u201cAz\u0259rbaycan diplomatiyas\u0131n\u0131 v\u0259 Pa\u015finyan\u0131n imkanlar\u0131n\u0131 bildiyind\u0259n \u0259min\u0259m ki, Nikol Pa\u015finyan\u0131n bu m\u0259s\u0259l\u0259 il\u0259 ba\u011fl\u0131 ilkin\u00a0 raz\u0131l\u0131\u011fa g\u0259lib. \u018fmin\u0259m ki, s\u0259n\u0259dl\u0259rd\u0259 \u0259ksini tapan b\u00fct\u00fcn antierm\u0259ni tezisl\u0259ri Nikol Pa\u015finyanla raz\u0131la\u015fd\u0131r\u0131b. Az\u0259rbaycanlar Z\u0259ng\u0259zur, Z\u0259ngibasarda yerl\u0259\u015f\u0259n k\u0259ndl\u0259rin\u0259 qay\u0131dacaqlar. Bu g\u00fcn Z\u0259ng\u0259zurda el\u0259 k\u0259ndl\u0259r var ki, c\u0259mi 10 ail\u0259 ya\u015fay\u0131r. Bu yerl\u0259rd\u0259 \u0259vv\u0259ll\u0259r az\u0259rbaycanl\u0131lar ya\u015fay\u0131b. Bununla ba\u011fl\u0131 Pa\u015finyan bilirsiniz n\u0259 deyir? \u018fg\u0259r bu k\u0259ndl\u0259r sisin \u00fc\u00e7\u00fcn yax\u015f\u0131d\u0131rsa, niy\u0259 gedib erm\u0259nil\u0259r orada ya\u015fam\u0131r\u0131ar?!<\/p>\n<p>Tan\u0131nm\u0131\u015f t\u00fcrkoloq Varujan Ge\u011famyan m\u0259s\u0259l\u0259ni \u015f\u0259rh ed\u0259r\u0259k bir az da d\u0259rin\u0259 gedir v\u0259 erm\u0259ni ictimaiyy\u0259tini \u00e7a\u015fd\u0131rmaq ist\u0259yir: \u201c\u018fg\u0259r bu \u0259razil\u0259r\u0259 baxsaq onlar tamamil\u0259 Az\u0259rbaycanda qald\u0131r\u0131lan\u00a0 Q\u0259rbi Az\u0259rbaycan deyil\u0259n \u0259razil\u0259r il\u0259 \u00fcst-\u00fcst\u0259 d\u00fc\u015f\u00fcr. \u0130ndi bu \u0259razil\u0259r az\u0259rbaycanl\u0131lar\u0131n \u0259lind\u0259 olacaq. Az\u0259rbaycan t\u0259r\u0259fi Erm\u0259nistan\u0131 t\u0259rk etm\u0259k m\u0259cburiyy\u0259tind\u0259 qalan az\u0259rbaycanl\u0131lar\u0131 b\u00fct\u00fcn bu \u0259razil\u0259r\u0259 qaytarmaq ist\u0259yir. Sonra bu insanlar\u0131n t\u0259hl\u00fck\u0259sizliyini t\u0259min etm\u0259k \u00fc\u00e7\u00fcn qo\u015funlar ora g\u00f6nd\u0259ril\u0259c\u0259k\u201d.<\/p>\n<p>Qeyd olunur ki, erm\u0259ni siyas\u0259t\u00e7il\u0259rini v\u0259 media ekspertl\u0259rini t\u0259\u0259cc\u00fcbl\u0259ndir\u0259n m\u0259qam Erm\u0259nistanda \u00e7oxlu \u00e7oxm\u0259rt\u0259b\u0259li binalar\u0131n tikintisinin s\u00fcr\u0259tl\u0259 h\u0259yata ke\u00e7irilm\u0259sidir. Bel\u0259 ya\u015fay\u0131\u015f layih\u0259l\u0259rinin h\u0259yata ke\u00e7m\u0259si erm\u0259nil\u0259rd\u0259 \u015f\u00fcbh\u0259l\u0259r do\u011furur. Erm\u0259nistanda bu evl\u0259rin tikilm\u0259sini Q\u0259rbi Az\u0259rbaycanl\u0131lar \u00fc\u00e7\u00fcn edildiyi hidd\u0259tl\u0259 deyilir.<\/p>\n<p>Sonda vur\u011fulan\u0131r ki, Az\u0259rbaycan Prezidenti\u00a0<strong>\u0130lham \u018fliyevin<\/strong>\u00a0iyulun 21-d\u0259 ke\u00e7iril\u0259n Qlobal Media Forumunda b\u0259yan etdiyi kimi, yax\u0131n 3 ild\u0259 150 \u200b\u200bmind\u0259n \u00e7ox insan Qaraba\u011fa v\u0259 \u015e\u0259rqi Z\u0259ng\u0259zura qay\u0131dacaq: \u201cErm\u0259nistan\u0131n regionun yeni reall\u0131qlar\u0131 il\u0259 bar\u0131\u015faraq, Q\u0259rbi Az\u0259rbaycanl\u0131lar\u0131n da tarixi torpaqlar\u0131na qay\u0131rmaq h\u00fcququnu tan\u0131y\u0131b, bu i\u015f\u0259 s\u0259y g\u00f6st\u0259rm\u0259kl\u0259 qon\u015fu \u00f6lk\u0259l\u0259rl\u0259 s\u00fclh v\u0259 dinc \u015f\u0259raitd\u0259 ya\u015famaq, monoetnik dalan olmaqdan \u00e7\u0131xmaq siyas\u0259ti yolunu tutmaqdan ba\u015fqa \u00e7\u0131x\u0131\u015f\u0131 yoxdur\u201d.<\/p>\n<p>Xat\u0131rladaq ki, Q\u0259rbi Az\u0259rbaycan Xronikas\u0131 layih\u0259sinin m\u0259qs\u0259di tarixi q\u0259dim torpaqlar\u0131m\u0131z\u0131n ad\u0131n\u0131n ya\u015fad\u0131lmas\u0131, tan\u0131d\u0131lmas\u0131, h\u0259m\u00e7inin az\u0259rbaycanl\u0131lar\u0131n erm\u0259nil\u0259r t\u0259r\u0259find\u0259n deportasiyaya m\u0259ruz qoyulmas\u0131ndan, h\u0259min \u0259razil\u0259rd\u0259 m\u00f6vcud olmu\u015f, lakin ad\u0131 silin\u0259n toponiml\u0259rin, says\u0131z-hesabs\u0131z yeralt\u0131 v\u0259 yer\u00fcst\u00fc maddi m\u0259d\u0259niyy\u0259t n\u00fcmun\u0259l\u0259ri \u2013 q\u0259dim ya\u015fay\u0131\u015f m\u0259sk\u0259nl\u0259ri, nekropollar, kurqanlar, qala, saray v\u0259 istehkam qal\u0131qlar\u0131, karvansaralar, k\u00f6rp\u00fcl\u0259r, q\u0259bir\u00fcst\u00fc s\u0259nduq\u0259l\u0259r, xa\u00e7da\u015flar, at-qo\u00e7 heyk\u0259ll\u0259ri, m\u0259b\u0259d, kils\u0259, m\u0259scid, pir v\u0259 ocaqlar\u0131n \u00fcz\u0259 \u00e7\u0131xar\u0131lmas\u0131, h\u0259min \u0259razinin t\u0259miz o\u011fuz-t\u00fcrk m\u0259sk\u0259nl\u0259ri oldu\u011funu t\u0259sdiq ed\u0259n faktlar\u0131n d\u00fcnya ictimaiyy\u0259tin\u0259 \u00e7atd\u0131r\u0131lmas\u0131d\u0131r.<\/p>\n<p>H\u0259m\u00e7inin Prezident \u0130lham \u018fliyevin Q\u0259rbi Az\u0259rbaycanla ba\u011fl\u0131 dediyi \u201cXX \u0259srin \u0259vv\u0259ll\u0259rin\u0259 t\u0259sad\u00fcf ed\u0259n x\u0259rit\u0259 bir daha onu g\u00f6st\u0259rir ki, Q\u0259rbi Az\u0259rbaycan tarixi Az\u0259rbaycan diyar\u0131d\u0131r, \u015f\u0259h\u0259rl\u0259rin, k\u0259ndl\u0259rin adlar\u0131 Az\u0259rbaycan m\u0259n\u015f\u0259lidir v\u0259 biz yax\u015f\u0131 bilirik ki, indiki Erm\u0259nistan \u0259razisind\u0259 tarix boyu Az\u0259rbaycan xalq\u0131 ya\u015fay\u0131b. \u0130ndi \u0259sas v\u0259zif\u0259 ondan ibar\u0259tdir ki, d\u00fcnya ictimaiyy\u0259ti d\u0259 bunu bilsin\u201d, \u2013 fikrini \u0259sas tutaraq Q\u0259rbi Az\u0259rbaycan \u0130cmas\u0131n\u0131n haz\u0131rlad\u0131\u011f\u0131 Qay\u0131d\u0131\u015f Konsepsiyas\u0131nda ir\u0259li g\u0259l\u0259n v\u0259zif\u0259l\u0259rin t\u0259bli\u011fidir.<\/p>\n<p>Bundan \u0259lav\u0259, Q\u0259rbi Az\u0259rbaycanla ba\u011fl\u0131 tarix\u00e7il\u0259rin, ara\u015fd\u0131rma\u00e7\u0131lar\u0131n d\u00fc\u015f\u00fcnc\u0259l\u0259rini, deportasiyaya m\u0259ruz qalm\u0131\u015f \u015f\u0259xsl\u0259rin h\u0259yat hekay\u0259sini i\u015f\u0131qland\u0131rmaqd\u0131r.<\/p>\n<p>\u018ftrafl\u0131 Baku TV-nin s\u00fcjetind\u0259:<\/p>\n<div><iframe loading=\"lazy\" title=\"YouTube video player\" src=\"https:\/\/www.youtube.com\/embed\/ZNnjeCkiGPQ?si=EMjGR4Z4VkWg31e8\" width=\"560\" height=\"315\" frameborder=\"0\" allowfullscreen=\"allowfullscreen\" data-mce-fragment=\"1\"><\/iframe><\/div>\n<\/div>\n<\/article>\n<\/blockquote>\n","protected":false},"excerpt":{"rendered":"<p>Bu g\u00fcn\u00a0s\u0259n\u0259t\u015f\u00fcnasl\u0131q \u00fczr\u0259 f\u0259ls\u0259f\u0259 doktoru El\u00e7in \u018flib\u0259ylinin t\u0259qdimat\u0131nda\u00a0Q\u0259rbi Az\u0259rbaycan Xronikas\u0131 layih\u0259si \u00e7\u0259r\u00e7iv\u0259sind\u0259 n\u00f6vb\u0259ti analitik s\u00fcjet\u00a0haz\u0131rlan\u0131b. Verli\u015fd\u0259\u00a0\u201cErm\u0259nistanda Q\u0259rbi Az\u0259rbaycanl\u0131lar\u0131n qay\u0131d\u0131\u015f x\u0259b\u0259ri al\u0259mi qatd\u0131\u201d adl\u0131 s\u00fcjetd\u0259 bu il sentyabr\u0131n 19-20-d\u0259 Qaraba\u011fda antiterror t\u0259dbirl\u0259tind\u0259n sonra Erm\u0259nistanda t\u0259\u015fvi\u015f ya\u015fand\u0131\u011f\u0131, h\u00fcquq m\u00fcdafi\u0259\u00e7isi obraz\u0131nda \u00e7\u0131x\u0131\u015f ed\u0259n Arman Tatoyan da daxil olmaqla m\u0259tbuat v\u0259 ekspertl\u0259rin Az\u0259rbaycan t\u0259r\u0259finin Erm\u0259nistana 100 min az\u0259rbaycanl\u0131n\u0131 yerl\u0259\u015fdirm\u0259k niyy\u0259tind\u0259 oldu\u011fu \u0259traf\u0131nda siyasi hay-k\u00fcy qald\u0131rmas\u0131ndan b\u0259hs olunur. Bildirilir ki, Q\u0259rbi Az\u0259rbaycan \u0130cmas\u0131 vaxta\u015f\u0131r\u0131 h\u0259m erm\u0259ni siyasi dair\u0259l\u0259ri, o c\u00fcml\u0259d\u0259n beyn\u0259lxalq qurumlar qar\u015f\u0131s\u0131nda m\u00fch\u00fcm m\u0259s\u0259l\u0259l\u0259r qald\u0131r\u0131b: \u201cB\u00fct\u00fcn bu m\u00fcraci\u0259tl\u0259r\u0259 Erm\u0259nistan hakimiyy\u0259ti son 35 ild\u0259 he\u00e7&hellip;<\/p>\n","protected":false},"author":2,"featured_media":644736,"comment_status":"closed","ping_status":"closed","sticky":false,"template":"","format":"standard","meta":{"om_disable_all_campaigns":false,"_monsterinsights_skip_tracking":false,"_monsterinsights_sitenote_active":false,"_monsterinsights_sitenote_note":"","_monsterinsights_sitenote_category":0},"categories":[4],"tags":[],"aioseo_notices":[],"gutentor_comment":0,"rttpg_featured_image_url":{"full":["https:\/\/arantv.az\/wp-content\/uploads\/2023\/10\/379942767_1927240217662304_7528817815778678889_n.jpg",620,413,false],"landscape":["https:\/\/arantv.az\/wp-content\/uploads\/2023\/10\/379942767_1927240217662304_7528817815778678889_n.jpg",620,413,false],"portraits":["https:\/\/arantv.az\/wp-content\/uploads\/2023\/10\/379942767_1927240217662304_7528817815778678889_n.jpg",620,413,false],"thumbnail":["https:\/\/arantv.az\/wp-content\/uploads\/2023\/10\/379942767_1927240217662304_7528817815778678889_n-500x280.jpg",500,280,true],"medium":["https:\/\/arantv.az\/wp-content\/uploads\/2023\/10\/379942767_1927240217662304_7528817815778678889_n-548x365.jpg",548,365,true],"large":["https:\/\/arantv.az\/wp-content\/uploads\/2023\/10\/379942767_1927240217662304_7528817815778678889_n.jpg",620,413,false],"1536x1536":["https:\/\/arantv.az\/wp-content\/uploads\/2023\/10\/379942767_1927240217662304_7528817815778678889_n.jpg",620,413,false],"2048x2048":["https:\/\/arantv.az\/wp-content\/uploads\/2023\/10\/379942767_1927240217662304_7528817815778678889_n.jpg",620,413,false],"post-thumbnail":["https:\/\/arantv.az\/wp-content\/uploads\/2023\/10\/379942767_1927240217662304_7528817815778678889_n-240x172.jpg",240,172,true],"advps-thumb-one":["https:\/\/arantv.az\/wp-content\/uploads\/2023\/10\/379942767_1927240217662304_7528817815778678889_n.jpg",620,413,false]},"rttpg_author":{"display_name":"V\u00fcsal Rafiqo\u011flu","author_link":"https:\/\/arantv.az\/?author=2"},"rttpg_comment":0,"rttpg_category":"<a href=\"https:\/\/arantv.az\/?cat=4\" rel=\"category\">Siyas\u0259t<\/a>","rttpg_excerpt":"Bu g\u00fcn\u00a0s\u0259n\u0259t\u015f\u00fcnasl\u0131q \u00fczr\u0259 f\u0259ls\u0259f\u0259 doktoru El\u00e7in \u018flib\u0259ylinin t\u0259qdimat\u0131nda\u00a0Q\u0259rbi Az\u0259rbaycan Xronikas\u0131 layih\u0259si \u00e7\u0259r\u00e7iv\u0259sind\u0259 n\u00f6vb\u0259ti analitik s\u00fcjet\u00a0haz\u0131rlan\u0131b. Verli\u015fd\u0259\u00a0\u201cErm\u0259nistanda Q\u0259rbi Az\u0259rbaycanl\u0131lar\u0131n qay\u0131d\u0131\u015f x\u0259b\u0259ri al\u0259mi qatd\u0131\u201d adl\u0131 s\u00fcjetd\u0259 bu il sentyabr\u0131n 19-20-d\u0259 Qaraba\u011fda antiterror t\u0259dbirl\u0259tind\u0259n sonra Erm\u0259nistanda t\u0259\u015fvi\u015f ya\u015fand\u0131\u011f\u0131, h\u00fcquq m\u00fcdafi\u0259\u00e7isi obraz\u0131nda \u00e7\u0131x\u0131\u015f ed\u0259n Arman Tatoyan da daxil olmaqla m\u0259tbuat v\u0259 ekspertl\u0259rin Az\u0259rbaycan t\u0259r\u0259finin Erm\u0259nistana 100 min az\u0259rbaycanl\u0131n\u0131 yerl\u0259\u015fdirm\u0259k&hellip;","_links":{"self":[{"href":"https:\/\/arantv.az\/index.php?rest_route=\/wp\/v2\/posts\/644735"}],"collection":[{"href":"https:\/\/arantv.az\/index.php?rest_route=\/wp\/v2\/posts"}],"about":[{"href":"https:\/\/arantv.az\/index.php?rest_route=\/wp\/v2\/types\/post"}],"author":[{"embeddable":true,"href":"https:\/\/arantv.az\/index.php?rest_route=\/wp\/v2\/users\/2"}],"replies":[{"embeddable":true,"href":"https:\/\/arantv.az\/index.php?rest_route=%2Fwp%2Fv2%2Fcomments&post=644735"}],"version-history":[{"count":0,"href":"https:\/\/arantv.az\/index.php?rest_route=\/wp\/v2\/posts\/644735\/revisions"}],"wp:featuredmedia":[{"embeddable":true,"href":"https:\/\/arantv.az\/index.php?rest_route=\/wp\/v2\/media\/644736"}],"wp:attachment":[{"href":"https:\/\/arantv.az\/index.php?rest_route=%2Fwp%2Fv2%2Fmedia&parent=644735"}],"wp:term":[{"taxonomy":"category","embeddable":true,"href":"https:\/\/arantv.az\/index.php?rest_route=%2Fwp%2Fv2%2Fcategories&post=644735"},{"taxonomy":"post_tag","embeddable":true,"href":"https:\/\/arantv.az\/index.php?rest_route=%2Fwp%2Fv2%2Ftags&post=644735"}],"curies":[{"name":"wp","href":"https:\/\/api.w.org\/{rel}","templated":true}]}}