{"id":644737,"date":"2023-10-12T20:14:54","date_gmt":"2023-10-12T16:14:54","guid":{"rendered":"https:\/\/arantv.az\/?p=644737"},"modified":"2023-10-12T20:14:54","modified_gmt":"2023-10-12T16:14:54","slug":"visa-az%c9%99rbaycanda-r%c9%99q%c9%99msal-valyuta-agilli-s%c9%99h%c9%99r-v%c9%99-agilli-k%c9%99nd-layih%c9%99l%c9%99rin%c9%99-d%c9%99st%c9%99k-ol","status":"publish","type":"post","link":"https:\/\/arantv.az\/?p=644737","title":{"rendered":"\u201cVisa\u201d Az\u0259rbaycanda r\u0259q\u0259msal valyuta, \u201cA\u011f\u0131ll\u0131 \u015f\u0259h\u0259r\u201d v\u0259 \u201cA\u011f\u0131ll\u0131 k\u0259nd\u201d layih\u0259l\u0259rin\u0259 d\u0259st\u0259k ola bil\u0259r &#8211; FOTO"},"content":{"rendered":"<p>Az\u0259rbaycan M\u0259rk\u0259zi Bank\u0131 (AMB) \u201cVisa\u201d beyn\u0259lxalq \u00f6d\u0259ni\u015f sistemi il\u0259 \u00f6d\u0259ni\u015f sisteml\u0259rinin inki\u015faf\u0131, Fintex, r\u0259q\u0259msal valyuta, maliyy\u0259 savadl\u0131l\u0131\u011f\u0131, \u201cA\u011f\u0131ll\u0131 \u015f\u0259h\u0259r\u201d v\u0259 \u201cA\u011f\u0131ll\u0131 k\u0259nd\u201d layih\u0259l\u0259rin\u0259 d\u0259st\u0259k m\u0259s\u0259l\u0259l\u0259rini m\u00fczakir\u0259 edib.<\/p>\n<p>Bu bar\u0259d\u0259 AMB-nin s\u0259dri Taleh Kaz\u0131mov \u201cX\u201d sosial \u015f\u0259b\u0259k\u0259sind\u0259ki hesab\u0131nda yaz\u0131b.<\/p>\n<p>\u201cD\u00fcnya Bank\u0131 v\u0259 Beyn\u0259lxalq Valyuta Fondunun (IMF) illik toplant\u0131lar\u0131n\u0131n ke\u00e7irildiyi M\u0259rake\u015f Krall\u0131\u011f\u0131na i\u015fg\u00fczar s\u0259f\u0259rimiz ba\u015flad\u0131. \u0130lk olaraq \u201cVisa\u201dn\u0131n M\u0259rk\u0259zi Avropa, Yax\u0131n \u015e\u0259rq v\u0259 Afrika regionu \u00fczr\u0259 prezidenti Endryu Torre il\u0259 g\u00f6r\u00fc\u015fd\u00fck\u201d, &#8211; T. Kaz\u0131mov qeyd edib.<\/p>\n<p>G\u00f6r\u00fc\u015fd\u0259 h\u0259m\u00e7inin M\u0259rk\u0259zi Bank il\u0259 Visa aras\u0131nda \u0259m\u0259kda\u015fl\u0131\u011f\u0131n cari v\u0259ziyy\u0259ti m\u00fczakir\u0259 olunub.<\/p>\n<div>\n<div class=\"twitter-tweet twitter-tweet-rendered\"><iframe id=\"twitter-widget-0\" class=\"\" title=\"Twitter Tweet\" src=\"https:\/\/platform.twitter.com\/embed\/Tweet.html?creatorScreenName=oxuaz&amp;dnt=false&amp;embedId=twitter-widget-0&amp;features=eyJ0ZndfdGltZWxpbmVfbGlzdCI6eyJidWNrZXQiOltdLCJ2ZXJzaW9uIjpudWxsfSwidGZ3X2ZvbGxvd2VyX2NvdW50X3N1bnNldCI6eyJidWNrZXQiOnRydWUsInZlcnNpb24iOm51bGx9LCJ0ZndfdHdlZXRfZWRpdF9iYWNrZW5kIjp7ImJ1Y2tldCI6Im9uIiwidmVyc2lvbiI6bnVsbH0sInRmd19yZWZzcmNfc2Vzc2lvbiI6eyJidWNrZXQiOiJvbiIsInZlcnNpb24iOm51bGx9LCJ0ZndfZm9zbnJfc29mdF9pbnRlcnZlbnRpb25zX2VuYWJsZWQiOnsiYnVja2V0Ijoib24iLCJ2ZXJzaW9uIjpudWxsfSwidGZ3X21peGVkX21lZGlhXzE1ODk3Ijp7ImJ1Y2tldCI6InRyZWF0bWVudCIsInZlcnNpb24iOm51bGx9LCJ0ZndfZXhwZXJpbWVudHNfY29va2llX2V4cGlyYXRpb24iOnsiYnVja2V0IjoxMjA5NjAwLCJ2ZXJzaW9uIjpudWxsfSwidGZ3X3Nob3dfYmlyZHdhdGNoX3Bpdm90c19lbmFibGVkIjp7ImJ1Y2tldCI6Im9uIiwidmVyc2lvbiI6bnVsbH0sInRmd19kdXBsaWNhdGVfc2NyaWJlc190b19zZXR0aW5ncyI6eyJidWNrZXQiOiJvbiIsInZlcnNpb24iOm51bGx9LCJ0ZndfdXNlX3Byb2ZpbGVfaW1hZ2Vfc2hhcGVfZW5hYmxlZCI6eyJidWNrZXQiOiJvbiIsInZlcnNpb24iOm51bGx9LCJ0ZndfdmlkZW9faGxzX2R5bmFtaWNfbWFuaWZlc3RzXzE1MDgyIjp7ImJ1Y2tldCI6InRydWVfYml0cmF0ZSIsInZlcnNpb24iOm51bGx9LCJ0ZndfbGVnYWN5X3RpbWVsaW5lX3N1bnNldCI6eyJidWNrZXQiOnRydWUsInZlcnNpb24iOm51bGx9LCJ0ZndfdHdlZXRfZWRpdF9mcm9udGVuZCI6eyJidWNrZXQiOiJvbiIsInZlcnNpb24iOm51bGx9fQ%3D%3D&amp;frame=false&amp;hideCard=false&amp;hideThread=false&amp;id=1712470615914123577&amp;lang=en&amp;origin=https%3A%2F%2Foxu.az%2Feconomy%2F789386&amp;sessionId=47474361d2c9a78908ec60e8c9ecc593fddc7b97&amp;siteScreenName=oxuaz&amp;theme=light&amp;widgetsVersion=01917f4d1d4cb%3A1696883169554&amp;width=550px\" frameborder=\"0\" scrolling=\"no\" allowfullscreen=\"allowfullscreen\" data-tweet-id=\"1712470615914123577\" data-mce-fragment=\"1\"><\/iframe><\/div>\n<\/div>\n<p>&nbsp;<\/p>\n","protected":false},"excerpt":{"rendered":"<p>Az\u0259rbaycan M\u0259rk\u0259zi Bank\u0131 (AMB) \u201cVisa\u201d beyn\u0259lxalq \u00f6d\u0259ni\u015f sistemi il\u0259 \u00f6d\u0259ni\u015f sisteml\u0259rinin inki\u015faf\u0131, Fintex, r\u0259q\u0259msal valyuta, maliyy\u0259 savadl\u0131l\u0131\u011f\u0131, \u201cA\u011f\u0131ll\u0131 \u015f\u0259h\u0259r\u201d v\u0259 \u201cA\u011f\u0131ll\u0131 k\u0259nd\u201d layih\u0259l\u0259rin\u0259 d\u0259st\u0259k m\u0259s\u0259l\u0259l\u0259rini m\u00fczakir\u0259 edib. Bu bar\u0259d\u0259 AMB-nin s\u0259dri Taleh Kaz\u0131mov \u201cX\u201d sosial \u015f\u0259b\u0259k\u0259sind\u0259ki hesab\u0131nda yaz\u0131b. \u201cD\u00fcnya Bank\u0131 v\u0259 Beyn\u0259lxalq Valyuta Fondunun (IMF) illik toplant\u0131lar\u0131n\u0131n ke\u00e7irildiyi M\u0259rake\u015f Krall\u0131\u011f\u0131na i\u015fg\u00fczar s\u0259f\u0259rimiz ba\u015flad\u0131. \u0130lk olaraq \u201cVisa\u201dn\u0131n M\u0259rk\u0259zi Avropa, Yax\u0131n \u015e\u0259rq v\u0259 Afrika regionu \u00fczr\u0259 prezidenti Endryu Torre il\u0259 g\u00f6r\u00fc\u015fd\u00fck\u201d, &#8211; T. Kaz\u0131mov qeyd edib. G\u00f6r\u00fc\u015fd\u0259 h\u0259m\u00e7inin M\u0259rk\u0259zi Bank il\u0259 Visa aras\u0131nda \u0259m\u0259kda\u015fl\u0131\u011f\u0131n cari v\u0259ziyy\u0259ti m\u00fczakir\u0259 olunub. &nbsp;<\/p>\n","protected":false},"author":2,"featured_media":644740,"comment_status":"closed","ping_status":"closed","sticky":false,"template":"","format":"standard","meta":{"om_disable_all_campaigns":false,"_monsterinsights_skip_tracking":false,"_monsterinsights_sitenote_active":false,"_monsterinsights_sitenote_note":"","_monsterinsights_sitenote_category":0},"categories":[19],"tags":[],"aioseo_notices":[],"gutentor_comment":0,"rttpg_featured_image_url":{"full":["https:\/\/arantv.az\/wp-content\/uploads\/2023\/10\/7bede1e2-82c7-3c00-a1ce-046ceb9a74b2_850.jpg",620,413,false],"landscape":["https:\/\/arantv.az\/wp-content\/uploads\/2023\/10\/7bede1e2-82c7-3c00-a1ce-046ceb9a74b2_850.jpg",620,413,false],"portraits":["https:\/\/arantv.az\/wp-content\/uploads\/2023\/10\/7bede1e2-82c7-3c00-a1ce-046ceb9a74b2_850.jpg",620,413,false],"thumbnail":["https:\/\/arantv.az\/wp-content\/uploads\/2023\/10\/7bede1e2-82c7-3c00-a1ce-046ceb9a74b2_850-500x280.jpg",500,280,true],"medium":["https:\/\/arantv.az\/wp-content\/uploads\/2023\/10\/7bede1e2-82c7-3c00-a1ce-046ceb9a74b2_850-548x365.jpg",548,365,true],"large":["https:\/\/arantv.az\/wp-content\/uploads\/2023\/10\/7bede1e2-82c7-3c00-a1ce-046ceb9a74b2_850.jpg",620,413,false],"1536x1536":["https:\/\/arantv.az\/wp-content\/uploads\/2023\/10\/7bede1e2-82c7-3c00-a1ce-046ceb9a74b2_850.jpg",620,413,false],"2048x2048":["https:\/\/arantv.az\/wp-content\/uploads\/2023\/10\/7bede1e2-82c7-3c00-a1ce-046ceb9a74b2_850.jpg",620,413,false],"post-thumbnail":["https:\/\/arantv.az\/wp-content\/uploads\/2023\/10\/7bede1e2-82c7-3c00-a1ce-046ceb9a74b2_850-240x172.jpg",240,172,true],"advps-thumb-one":["https:\/\/arantv.az\/wp-content\/uploads\/2023\/10\/7bede1e2-82c7-3c00-a1ce-046ceb9a74b2_850.jpg",620,413,false]},"rttpg_author":{"display_name":"V\u00fcsal Rafiqo\u011flu","author_link":"https:\/\/arantv.az\/?author=2"},"rttpg_comment":0,"rttpg_category":"<a href=\"https:\/\/arantv.az\/?cat=19\" rel=\"category\">G\u00fcnd\u0259m<\/a>","rttpg_excerpt":"Az\u0259rbaycan M\u0259rk\u0259zi Bank\u0131 (AMB) \u201cVisa\u201d beyn\u0259lxalq \u00f6d\u0259ni\u015f sistemi il\u0259 \u00f6d\u0259ni\u015f sisteml\u0259rinin inki\u015faf\u0131, Fintex, r\u0259q\u0259msal valyuta, maliyy\u0259 savadl\u0131l\u0131\u011f\u0131, \u201cA\u011f\u0131ll\u0131 \u015f\u0259h\u0259r\u201d v\u0259 \u201cA\u011f\u0131ll\u0131 k\u0259nd\u201d layih\u0259l\u0259rin\u0259 d\u0259st\u0259k m\u0259s\u0259l\u0259l\u0259rini m\u00fczakir\u0259 edib. Bu bar\u0259d\u0259 AMB-nin s\u0259dri Taleh Kaz\u0131mov \u201cX\u201d sosial \u015f\u0259b\u0259k\u0259sind\u0259ki hesab\u0131nda yaz\u0131b. \u201cD\u00fcnya Bank\u0131 v\u0259 Beyn\u0259lxalq Valyuta Fondunun (IMF) illik toplant\u0131lar\u0131n\u0131n ke\u00e7irildiyi M\u0259rake\u015f Krall\u0131\u011f\u0131na i\u015fg\u00fczar s\u0259f\u0259rimiz ba\u015flad\u0131. \u0130lk olaraq&hellip;","_links":{"self":[{"href":"https:\/\/arantv.az\/index.php?rest_route=\/wp\/v2\/posts\/644737"}],"collection":[{"href":"https:\/\/arantv.az\/index.php?rest_route=\/wp\/v2\/posts"}],"about":[{"href":"https:\/\/arantv.az\/index.php?rest_route=\/wp\/v2\/types\/post"}],"author":[{"embeddable":true,"href":"https:\/\/arantv.az\/index.php?rest_route=\/wp\/v2\/users\/2"}],"replies":[{"embeddable":true,"href":"https:\/\/arantv.az\/index.php?rest_route=%2Fwp%2Fv2%2Fcomments&post=644737"}],"version-history":[{"count":0,"href":"https:\/\/arantv.az\/index.php?rest_route=\/wp\/v2\/posts\/644737\/revisions"}],"wp:featuredmedia":[{"embeddable":true,"href":"https:\/\/arantv.az\/index.php?rest_route=\/wp\/v2\/media\/644740"}],"wp:attachment":[{"href":"https:\/\/arantv.az\/index.php?rest_route=%2Fwp%2Fv2%2Fmedia&parent=644737"}],"wp:term":[{"taxonomy":"category","embeddable":true,"href":"https:\/\/arantv.az\/index.php?rest_route=%2Fwp%2Fv2%2Fcategories&post=644737"},{"taxonomy":"post_tag","embeddable":true,"href":"https:\/\/arantv.az\/index.php?rest_route=%2Fwp%2Fv2%2Ftags&post=644737"}],"curies":[{"name":"wp","href":"https:\/\/api.w.org\/{rel}","templated":true}]}}