{"id":644742,"date":"2023-10-12T20:29:55","date_gmt":"2023-10-12T16:29:55","guid":{"rendered":"https:\/\/arantv.az\/?p=644742"},"modified":"2023-10-12T20:29:55","modified_gmt":"2023-10-12T16:29:55","slug":"sabah-susada-turksoy-a-uzv-dovl%c9%99tl%c9%99rin-m%c9%99d%c9%99niyy%c9%99t-nazirl%c9%99rinin-toplantisi-keciril%c9%99c%c9%99k","status":"publish","type":"post","link":"https:\/\/arantv.az\/?p=644742","title":{"rendered":"Sabah \u015eu\u015fada T\u00dcRKSOY-a \u00fczv d\u00f6vl\u0259tl\u0259rin m\u0259d\u0259niyy\u0259t nazirl\u0259rinin toplant\u0131s\u0131 ke\u00e7iril\u0259c\u0259k"},"content":{"rendered":"<p>\u201cSabah Az\u0259rbaycan\u0131n \u015eu\u015fa \u015f\u0259h\u0259rind\u0259 T\u00dcRKSOY-a \u00fczv d\u00f6vl\u0259tl\u0259rin m\u0259d\u0259niyy\u0259t nazirl\u0259rinin iclas\u0131 ke\u00e7iril\u0259c\u0259k\u201d.<\/p>\n<p>\u201cReport\u201dun x\u0259b\u0259rin\u0259 g\u00f6r\u0259, bunu \u015eimali Kipr T\u00fcrk Respublikas\u0131n\u0131n m\u0259d\u0259niyy\u0259t naziri Fikri Atao\u011flu oktyabr\u0131n 12-d\u0259 Bak\u0131da jurnalistl\u0259r\u0259 a\u00e7\u0131qlamas\u0131nda deyib.<\/p>\n<p>O bildirib ki, toplant\u0131da i\u015ftirak ed\u0259c\u0259k.<\/p>\n<p>Xat\u0131rladaq ki, iclasa T\u00dcRKSOY-a \u00fczv d\u00f6vl\u0259tl\u0259rin m\u0259d\u0259niyy\u0259t nazirl\u0259ri v\u0259 ba\u015fqa r\u0259smi \u015f\u0259xsl\u0259r qat\u0131lacaqlar.<\/p>\n","protected":false},"excerpt":{"rendered":"<p>\u201cSabah Az\u0259rbaycan\u0131n \u015eu\u015fa \u015f\u0259h\u0259rind\u0259 T\u00dcRKSOY-a \u00fczv d\u00f6vl\u0259tl\u0259rin m\u0259d\u0259niyy\u0259t nazirl\u0259rinin iclas\u0131 ke\u00e7iril\u0259c\u0259k\u201d. \u201cReport\u201dun x\u0259b\u0259rin\u0259 g\u00f6r\u0259, bunu \u015eimali Kipr T\u00fcrk Respublikas\u0131n\u0131n m\u0259d\u0259niyy\u0259t naziri Fikri Atao\u011flu oktyabr\u0131n 12-d\u0259 Bak\u0131da jurnalistl\u0259r\u0259 a\u00e7\u0131qlamas\u0131nda deyib. O bildirib ki, toplant\u0131da i\u015ftirak ed\u0259c\u0259k. Xat\u0131rladaq ki, iclasa T\u00dcRKSOY-a \u00fczv d\u00f6vl\u0259tl\u0259rin m\u0259d\u0259niyy\u0259t nazirl\u0259ri v\u0259 ba\u015fqa r\u0259smi \u015f\u0259xsl\u0259r qat\u0131lacaqlar.<\/p>\n","protected":false},"author":2,"featured_media":468094,"comment_status":"closed","ping_status":"closed","sticky":false,"template":"","format":"standard","meta":{"om_disable_all_campaigns":false,"_monsterinsights_skip_tracking":false,"_monsterinsights_sitenote_active":false,"_monsterinsights_sitenote_note":"","_monsterinsights_sitenote_category":0},"categories":[4],"tags":[],"aioseo_notices":[],"gutentor_comment":0,"rttpg_featured_image_url":{"full":["https:\/\/arantv.az\/wp-content\/uploads\/2022\/04\/susa_21650973327.png",649,356,false],"landscape":["https:\/\/arantv.az\/wp-content\/uploads\/2022\/04\/susa_21650973327.png",649,356,false],"portraits":["https:\/\/arantv.az\/wp-content\/uploads\/2022\/04\/susa_21650973327.png",649,356,false],"thumbnail":["https:\/\/arantv.az\/wp-content\/uploads\/2022\/04\/susa_21650973327-500x280.png",500,280,true],"medium":["https:\/\/arantv.az\/wp-content\/uploads\/2022\/04\/susa_21650973327.png",649,356,false],"large":["https:\/\/arantv.az\/wp-content\/uploads\/2022\/04\/susa_21650973327.png",640,351,false],"1536x1536":["https:\/\/arantv.az\/wp-content\/uploads\/2022\/04\/susa_21650973327.png",649,356,false],"2048x2048":["https:\/\/arantv.az\/wp-content\/uploads\/2022\/04\/susa_21650973327.png",649,356,false],"post-thumbnail":["https:\/\/arantv.az\/wp-content\/uploads\/2022\/04\/susa_21650973327-240x172.png",240,172,true],"advps-thumb-one":["https:\/\/arantv.az\/wp-content\/uploads\/2022\/04\/susa_21650973327.png",649,356,false]},"rttpg_author":{"display_name":"V\u00fcsal Rafiqo\u011flu","author_link":"https:\/\/arantv.az\/?author=2"},"rttpg_comment":0,"rttpg_category":"<a href=\"https:\/\/arantv.az\/?cat=4\" rel=\"category\">Siyas\u0259t<\/a>","rttpg_excerpt":"\u201cSabah Az\u0259rbaycan\u0131n \u015eu\u015fa \u015f\u0259h\u0259rind\u0259 T\u00dcRKSOY-a \u00fczv d\u00f6vl\u0259tl\u0259rin m\u0259d\u0259niyy\u0259t nazirl\u0259rinin iclas\u0131 ke\u00e7iril\u0259c\u0259k\u201d. \u201cReport\u201dun x\u0259b\u0259rin\u0259 g\u00f6r\u0259, bunu \u015eimali Kipr T\u00fcrk Respublikas\u0131n\u0131n m\u0259d\u0259niyy\u0259t naziri Fikri Atao\u011flu oktyabr\u0131n 12-d\u0259 Bak\u0131da jurnalistl\u0259r\u0259 a\u00e7\u0131qlamas\u0131nda deyib. O bildirib ki, toplant\u0131da i\u015ftirak ed\u0259c\u0259k. Xat\u0131rladaq ki, iclasa T\u00dcRKSOY-a \u00fczv d\u00f6vl\u0259tl\u0259rin m\u0259d\u0259niyy\u0259t nazirl\u0259ri v\u0259 ba\u015fqa r\u0259smi \u015f\u0259xsl\u0259r qat\u0131lacaqlar.","_links":{"self":[{"href":"https:\/\/arantv.az\/index.php?rest_route=\/wp\/v2\/posts\/644742"}],"collection":[{"href":"https:\/\/arantv.az\/index.php?rest_route=\/wp\/v2\/posts"}],"about":[{"href":"https:\/\/arantv.az\/index.php?rest_route=\/wp\/v2\/types\/post"}],"author":[{"embeddable":true,"href":"https:\/\/arantv.az\/index.php?rest_route=\/wp\/v2\/users\/2"}],"replies":[{"embeddable":true,"href":"https:\/\/arantv.az\/index.php?rest_route=%2Fwp%2Fv2%2Fcomments&post=644742"}],"version-history":[{"count":0,"href":"https:\/\/arantv.az\/index.php?rest_route=\/wp\/v2\/posts\/644742\/revisions"}],"wp:featuredmedia":[{"embeddable":true,"href":"https:\/\/arantv.az\/index.php?rest_route=\/wp\/v2\/media\/468094"}],"wp:attachment":[{"href":"https:\/\/arantv.az\/index.php?rest_route=%2Fwp%2Fv2%2Fmedia&parent=644742"}],"wp:term":[{"taxonomy":"category","embeddable":true,"href":"https:\/\/arantv.az\/index.php?rest_route=%2Fwp%2Fv2%2Fcategories&post=644742"},{"taxonomy":"post_tag","embeddable":true,"href":"https:\/\/arantv.az\/index.php?rest_route=%2Fwp%2Fv2%2Ftags&post=644742"}],"curies":[{"name":"wp","href":"https:\/\/api.w.org\/{rel}","templated":true}]}}