{"id":644764,"date":"2023-10-13T09:00:12","date_gmt":"2023-10-13T05:00:12","guid":{"rendered":"https:\/\/arantv.az\/?p=644764"},"modified":"2023-10-13T09:00:12","modified_gmt":"2023-10-13T05:00:12","slug":"az%c9%99rbaycanlilara-qarsi-soyqirimi-v%c9%99-deportasiyada-ittiham-olunan-vaqif-xacatryanin-m%c9%99hk%c9%99m%c9%99si-baslayir","status":"publish","type":"post","link":"https:\/\/arantv.az\/?p=644764","title":{"rendered":"Az\u0259rbaycanl\u0131lara qar\u015f\u0131 soyq\u0131r\u0131m\u0131 v\u0259 deportasiyada ittiham olunan Vaqif Xa\u00e7atryan\u0131n m\u0259hk\u0259m\u0259si ba\u015flay\u0131r"},"content":{"rendered":"<p>Bu g\u00fcn Qaraba\u011f\u0131n Me\u015f\u0259li k\u0259ndind\u0259 m\u00fclki \u0259halinin q\u0259tlind\u0259 ittiham olunan Vaqif Xa\u00e7atryan\u0131n cinay\u0259t i\u015fi \u00fczr\u0259 haz\u0131rl\u0131q iclas\u0131 ke\u00e7iril\u0259c\u0259k.<\/p>\n<p>Oxu.Az bildirir ki, Vaqif Xa\u00e7atryan\u0131n cinay\u0259t i\u015fi \u00fczr\u0259 m\u0259hk\u0259m\u0259 prosesi saat 10:15-d\u0259 ba\u015flayacaq.<\/p>\n<p>Xat\u0131rladaq ki, 29 iyul 2023-c\u00fc il tarixd\u0259 Xa\u00e7atryan Vaqif \u00c7erkezovi\u00e7 s\u0259hh\u0259ti il\u0259 ba\u011fl\u0131 Erm\u0259nistan Respublikas\u0131n\u0131n \u0259razisin\u0259 ke\u00e7m\u0259k ist\u0259y\u0259n zaman \u201cLa\u00e7\u0131n\u201d s\u0259rh\u0259d-burax\u0131l\u0131\u015f m\u0259nt\u0259q\u0259sind\u0259 saxlan\u0131laraq istintaqa t\u0259qdim olunub.<\/p>\n<p>H\u0259min tarixd\u0259 ona Cinay\u0259t M\u0259c\u0259ll\u0259sinin 103 (soyq\u0131r\u0131m\u0131) v\u0259 107-ci (\u0259halini deportasiya etm\u0259 v\u0259 ya m\u0259cburi k\u00f6\u00e7\u00fcrm\u0259) madd\u0259l\u0259rind\u0259 n\u0259z\u0259rd\u0259 tutulmu\u015f ittiham elan edil\u0259r\u0259k bar\u0259sind\u0259 \u00fc\u00e7 ay m\u00fcdd\u0259tin\u0259 h\u0259bs q\u0259timkan t\u0259dbiri se\u00e7ilib.<\/p>\n<p>Bu il sentyabr\u0131n 22-d\u0259 t\u0259qsirl\u0259ndiril\u0259n \u015f\u0259xs Vaqif Xa\u00e7atryana Cinay\u0259t M\u0259c\u0259ll\u0259sinin m\u00fcvafiq madd\u0259l\u0259ri il\u0259 yenid\u0259n ittiham elan edilib. Sentyabr\u0131n 29-da is\u0259 cinay\u0259t i\u015fi \u00fczr\u0259 ibtidai istintaq tamamlanaraq bax\u0131lmas\u0131 \u00fc\u00e7\u00fcn aidiyy\u0259ti \u00fczr\u0259 Bak\u0131 H\u0259rbi M\u0259hk\u0259m\u0259sin\u0259 g\u00f6nd\u0259rilib.<\/p>\n<p>Bildir\u0259k ki, Vaqif Xa\u00e7atryan qanunsuz erm\u0259ni silahl\u0131 birl\u0259\u015fm\u0259l\u0259rinin \u00fczvl\u0259ri t\u0259r\u0259find\u0259n 22 dekabr 1991-ci il tarixd\u0259 Xocal\u0131 rayonunun Me\u015f\u0259li k\u0259ndind\u0259 Az\u0259rbaycan milliy\u0259tind\u0259n olan \u015f\u0259xsl\u0259r\u0259 qar\u015f\u0131 t\u00f6r\u0259dilmi\u015f soyq\u0131r\u0131m\u0131 v\u0259 deportasiyada i\u015ftirakda ittimam olunur.<\/p>\n","protected":false},"excerpt":{"rendered":"<p>Bu g\u00fcn Qaraba\u011f\u0131n Me\u015f\u0259li k\u0259ndind\u0259 m\u00fclki \u0259halinin q\u0259tlind\u0259 ittiham olunan Vaqif Xa\u00e7atryan\u0131n cinay\u0259t i\u015fi \u00fczr\u0259 haz\u0131rl\u0131q iclas\u0131 ke\u00e7iril\u0259c\u0259k. Oxu.Az bildirir ki, Vaqif Xa\u00e7atryan\u0131n cinay\u0259t i\u015fi \u00fczr\u0259 m\u0259hk\u0259m\u0259 prosesi saat 10:15-d\u0259 ba\u015flayacaq. Xat\u0131rladaq ki, 29 iyul 2023-c\u00fc il tarixd\u0259 Xa\u00e7atryan Vaqif \u00c7erkezovi\u00e7 s\u0259hh\u0259ti il\u0259 ba\u011fl\u0131 Erm\u0259nistan Respublikas\u0131n\u0131n \u0259razisin\u0259 ke\u00e7m\u0259k ist\u0259y\u0259n zaman \u201cLa\u00e7\u0131n\u201d s\u0259rh\u0259d-burax\u0131l\u0131\u015f m\u0259nt\u0259q\u0259sind\u0259 saxlan\u0131laraq istintaqa t\u0259qdim olunub. H\u0259min tarixd\u0259 ona Cinay\u0259t M\u0259c\u0259ll\u0259sinin 103 (soyq\u0131r\u0131m\u0131) v\u0259 107-ci (\u0259halini deportasiya etm\u0259 v\u0259 ya m\u0259cburi k\u00f6\u00e7\u00fcrm\u0259) madd\u0259l\u0259rind\u0259 n\u0259z\u0259rd\u0259 tutulmu\u015f ittiham elan edil\u0259r\u0259k bar\u0259sind\u0259 \u00fc\u00e7 ay m\u00fcdd\u0259tin\u0259 h\u0259bs q\u0259timkan t\u0259dbiri se\u00e7ilib. Bu il sentyabr\u0131n&hellip;<\/p>\n","protected":false},"author":2,"featured_media":644768,"comment_status":"closed","ping_status":"closed","sticky":false,"template":"","format":"standard","meta":{"om_disable_all_campaigns":false,"_monsterinsights_skip_tracking":false,"_monsterinsights_sitenote_active":false,"_monsterinsights_sitenote_note":"","_monsterinsights_sitenote_category":0},"categories":[4],"tags":[],"aioseo_notices":[],"gutentor_comment":0,"rttpg_featured_image_url":{"full":["https:\/\/arantv.az\/wp-content\/uploads\/2023\/10\/349ef45c-f9ba-3662-9e48-3968bda8fe5c_850.jpg",620,413,false],"landscape":["https:\/\/arantv.az\/wp-content\/uploads\/2023\/10\/349ef45c-f9ba-3662-9e48-3968bda8fe5c_850.jpg",620,413,false],"portraits":["https:\/\/arantv.az\/wp-content\/uploads\/2023\/10\/349ef45c-f9ba-3662-9e48-3968bda8fe5c_850.jpg",620,413,false],"thumbnail":["https:\/\/arantv.az\/wp-content\/uploads\/2023\/10\/349ef45c-f9ba-3662-9e48-3968bda8fe5c_850-500x280.jpg",500,280,true],"medium":["https:\/\/arantv.az\/wp-content\/uploads\/2023\/10\/349ef45c-f9ba-3662-9e48-3968bda8fe5c_850-548x365.jpg",548,365,true],"large":["https:\/\/arantv.az\/wp-content\/uploads\/2023\/10\/349ef45c-f9ba-3662-9e48-3968bda8fe5c_850.jpg",620,413,false],"1536x1536":["https:\/\/arantv.az\/wp-content\/uploads\/2023\/10\/349ef45c-f9ba-3662-9e48-3968bda8fe5c_850.jpg",620,413,false],"2048x2048":["https:\/\/arantv.az\/wp-content\/uploads\/2023\/10\/349ef45c-f9ba-3662-9e48-3968bda8fe5c_850.jpg",620,413,false],"post-thumbnail":["https:\/\/arantv.az\/wp-content\/uploads\/2023\/10\/349ef45c-f9ba-3662-9e48-3968bda8fe5c_850-240x172.jpg",240,172,true],"advps-thumb-one":["https:\/\/arantv.az\/wp-content\/uploads\/2023\/10\/349ef45c-f9ba-3662-9e48-3968bda8fe5c_850.jpg",620,413,false]},"rttpg_author":{"display_name":"V\u00fcsal Rafiqo\u011flu","author_link":"https:\/\/arantv.az\/?author=2"},"rttpg_comment":0,"rttpg_category":"<a href=\"https:\/\/arantv.az\/?cat=4\" rel=\"category\">Siyas\u0259t<\/a>","rttpg_excerpt":"Bu g\u00fcn Qaraba\u011f\u0131n Me\u015f\u0259li k\u0259ndind\u0259 m\u00fclki \u0259halinin q\u0259tlind\u0259 ittiham olunan Vaqif Xa\u00e7atryan\u0131n cinay\u0259t i\u015fi \u00fczr\u0259 haz\u0131rl\u0131q iclas\u0131 ke\u00e7iril\u0259c\u0259k. Oxu.Az bildirir ki, Vaqif Xa\u00e7atryan\u0131n cinay\u0259t i\u015fi \u00fczr\u0259 m\u0259hk\u0259m\u0259 prosesi saat 10:15-d\u0259 ba\u015flayacaq. Xat\u0131rladaq ki, 29 iyul 2023-c\u00fc il tarixd\u0259 Xa\u00e7atryan Vaqif \u00c7erkezovi\u00e7 s\u0259hh\u0259ti il\u0259 ba\u011fl\u0131 Erm\u0259nistan Respublikas\u0131n\u0131n \u0259razisin\u0259 ke\u00e7m\u0259k ist\u0259y\u0259n zaman \u201cLa\u00e7\u0131n\u201d s\u0259rh\u0259d-burax\u0131l\u0131\u015f m\u0259nt\u0259q\u0259sind\u0259 saxlan\u0131laraq istintaqa&hellip;","_links":{"self":[{"href":"https:\/\/arantv.az\/index.php?rest_route=\/wp\/v2\/posts\/644764"}],"collection":[{"href":"https:\/\/arantv.az\/index.php?rest_route=\/wp\/v2\/posts"}],"about":[{"href":"https:\/\/arantv.az\/index.php?rest_route=\/wp\/v2\/types\/post"}],"author":[{"embeddable":true,"href":"https:\/\/arantv.az\/index.php?rest_route=\/wp\/v2\/users\/2"}],"replies":[{"embeddable":true,"href":"https:\/\/arantv.az\/index.php?rest_route=%2Fwp%2Fv2%2Fcomments&post=644764"}],"version-history":[{"count":0,"href":"https:\/\/arantv.az\/index.php?rest_route=\/wp\/v2\/posts\/644764\/revisions"}],"wp:featuredmedia":[{"embeddable":true,"href":"https:\/\/arantv.az\/index.php?rest_route=\/wp\/v2\/media\/644768"}],"wp:attachment":[{"href":"https:\/\/arantv.az\/index.php?rest_route=%2Fwp%2Fv2%2Fmedia&parent=644764"}],"wp:term":[{"taxonomy":"category","embeddable":true,"href":"https:\/\/arantv.az\/index.php?rest_route=%2Fwp%2Fv2%2Fcategories&post=644764"},{"taxonomy":"post_tag","embeddable":true,"href":"https:\/\/arantv.az\/index.php?rest_route=%2Fwp%2Fv2%2Ftags&post=644764"}],"curies":[{"name":"wp","href":"https:\/\/api.w.org\/{rel}","templated":true}]}}