{"id":644774,"date":"2023-10-13T09:04:20","date_gmt":"2023-10-13T05:04:20","guid":{"rendered":"https:\/\/arantv.az\/?p=644774"},"modified":"2023-10-13T09:04:20","modified_gmt":"2023-10-13T05:04:20","slug":"h%c9%99mid-h%c9%99midov-q%c9%99rb-mediasinda-munaqis%c9%99l%c9%99rin-isiqlandirilmasindaki-ikili-standartlardan-danisib-video","status":"publish","type":"post","link":"https:\/\/arantv.az\/?p=644774","title":{"rendered":"H\u0259mid H\u0259midov Q\u0259rb medias\u0131nda m\u00fcnaqi\u015f\u0259l\u0259rin i\u015f\u0131qland\u0131r\u0131lmas\u0131ndak\u0131 ikili standartlardan dan\u0131\u015f\u0131b \u2013 V\u0130DEO"},"content":{"rendered":"<article class=\"news\">\n<div class=\"news-inner\">\n<p>\u201cA\u011f Ev qeyd-\u015f\u0259rtsiz \u0130sraili d\u0259st\u0259kl\u0259s\u0259 d\u0259, AB\u015e, el\u0259c\u0259 d\u0259 Avropa m\u0259tbuat\u0131 Yax\u0131n \u015e\u0259rqd\u0259ki hadis\u0259l\u0259ri\u00a0h\u0259rt\u0259r\u0259fli i\u015f\u0131qland\u0131r\u0131r. Lakin Az\u0259rbaycana m\u00fcnasib\u0259td\u0259 Q\u0259rbin davran\u0131\u015f\u0131 yaln\u0131z birt\u0259r\u0259flidir ki, bu da ikili standartlar\u0131n n\u00f6vb\u0259ti t\u0259zah\u00fcr\u00fcd\u00fcr\u201d.<\/p>\n<p>Bu fikirl\u0259ri \u201cGlobal Media Group\u201d \u015firk\u0259tinin media direktoru, tan\u0131nm\u0131\u015f jurnalist H\u0259mid H\u0259midov s\u0259sl\u0259ndirib.<\/p>\n<p>O\u00a0bildirib ki, n\u0259 Q\u0259rb, n\u0259 d\u0259 Rusiya he\u00e7 vaxt Qaraba\u011f m\u00fcnaqi\u015f\u0259sinin h\u0259llinin v\u0259 Az\u0259rbaycan\u0131n \u00f6z suverenliyini b\u0259rpa etm\u0259sinin t\u0259r\u0259fdar\u0131 olmay\u0131b.<\/p>\n<p>Jurnalist d\u00fcnya medias\u0131nda C\u0259nubi Qafqazda ba\u015f ver\u0259n prosesl\u0259r\u0259 q\u0259r\u0259zli yana\u015fman\u0131n m\u00f6vcudlu\u011funu dil\u0259 g\u0259tirib.<\/p>\n<p>\u201cXarici \u00f6lk\u0259l\u0259rin r\u0259smil\u0259ri bir yana, onlar\u0131n m\u0259tbuat\u0131 da b\u00f6lg\u0259mizd\u0259 ba\u015f ver\u0259nl\u0259ri daim birt\u0259r\u0259fli i\u015f\u0131qland\u0131r\u0131b. Burada \u0259lb\u0259tt\u0259 ki, erm\u0259ni diasporu v\u0259 onun n\u00fcmay\u0259nd\u0259l\u0259rinin d\u00fcnya medias\u0131 il\u0259 \u0259laq\u0259l\u0259ri m\u00fch\u00fcm rol oynay\u0131r. M\u0259s\u0259l\u0259n, biz \u00e7ox sayda erm\u0259ni \u0259silli \u015f\u0259xsl\u0259rin Rusiya medias\u0131nda \u00e7al\u0131\u015fd\u0131\u011f\u0131n\u0131 bilirik. H\u0259m\u00e7inin, Fransa v\u0259 AB\u015e medias\u0131nda da m\u0259hz erm\u0259ni \u0259silli jurnalistl\u0259rin yazd\u0131\u011f\u0131 birt\u0259r\u0259fli m\u0259qal\u0259l\u0259ri g\u00f6rm\u0259k m\u00fcmk\u00fcnd\u00fcr\u201d, &#8211; dey\u0259 H.H\u0259midov qeyd edib.<\/p>\n<p>O vur\u011fulay\u0131b ki, Q\u0259rb medias\u0131n\u0131n Az\u0259rbaycana m\u00fcnasib\u0259tini bizim u\u011fursuz f\u0259aliyy\u0259timiz v\u0259 ya yanl\u0131\u015f yana\u015fmam\u0131zla \u0259laq\u0259l\u0259ndirm\u0259k do\u011fru deyil. Bel\u0259 ki, bu ilk n\u00f6vb\u0259d\u0259 h\u0259min \u00f6lk\u0259l\u0259rin r\u0259hb\u0259rliyinin Az\u0259rbaycana m\u00fcnasib\u0259tini \u0259ks etdirir v\u0259 erm\u0259ni diasporunun geni\u015f \u0259laq\u0259l\u0259rind\u0259n qaynaqlan\u0131r.<\/p>\n<p>Daha \u0259trafl\u0131 BakuTV-nin videomaterial\u0131nda:<\/p>\n<div><iframe loading=\"lazy\" title=\"YouTube video player\" src=\"https:\/\/www.youtube.com\/embed\/bNYKCym9ze0?si=abEAisMEpO_F1o5h\" width=\"560\" height=\"315\" frameborder=\"0\" allowfullscreen=\"allowfullscreen\" data-mce-fragment=\"1\"><\/iframe><\/div>\n<\/div>\n<\/article>\n","protected":false},"excerpt":{"rendered":"<p>\u201cA\u011f Ev qeyd-\u015f\u0259rtsiz \u0130sraili d\u0259st\u0259kl\u0259s\u0259 d\u0259, AB\u015e, el\u0259c\u0259 d\u0259 Avropa m\u0259tbuat\u0131 Yax\u0131n \u015e\u0259rqd\u0259ki hadis\u0259l\u0259ri\u00a0h\u0259rt\u0259r\u0259fli i\u015f\u0131qland\u0131r\u0131r. Lakin Az\u0259rbaycana m\u00fcnasib\u0259td\u0259 Q\u0259rbin davran\u0131\u015f\u0131 yaln\u0131z birt\u0259r\u0259flidir ki, bu da ikili standartlar\u0131n n\u00f6vb\u0259ti t\u0259zah\u00fcr\u00fcd\u00fcr\u201d. Bu fikirl\u0259ri \u201cGlobal Media Group\u201d \u015firk\u0259tinin media direktoru, tan\u0131nm\u0131\u015f jurnalist H\u0259mid H\u0259midov s\u0259sl\u0259ndirib. O\u00a0bildirib ki, n\u0259 Q\u0259rb, n\u0259 d\u0259 Rusiya he\u00e7 vaxt Qaraba\u011f m\u00fcnaqi\u015f\u0259sinin h\u0259llinin v\u0259 Az\u0259rbaycan\u0131n \u00f6z suverenliyini b\u0259rpa etm\u0259sinin t\u0259r\u0259fdar\u0131 olmay\u0131b. Jurnalist d\u00fcnya medias\u0131nda C\u0259nubi Qafqazda ba\u015f ver\u0259n prosesl\u0259r\u0259 q\u0259r\u0259zli yana\u015fman\u0131n m\u00f6vcudlu\u011funu dil\u0259 g\u0259tirib. \u201cXarici \u00f6lk\u0259l\u0259rin r\u0259smil\u0259ri bir yana, onlar\u0131n m\u0259tbuat\u0131 da b\u00f6lg\u0259mizd\u0259 ba\u015f ver\u0259nl\u0259ri daim birt\u0259r\u0259fli i\u015f\u0131qland\u0131r\u0131b. Burada&hellip;<\/p>\n","protected":false},"author":2,"featured_media":644775,"comment_status":"closed","ping_status":"closed","sticky":false,"template":"","format":"standard","meta":{"om_disable_all_campaigns":false,"_monsterinsights_skip_tracking":false,"_monsterinsights_sitenote_active":false,"_monsterinsights_sitenote_note":"","_monsterinsights_sitenote_category":0},"categories":[4],"tags":[],"aioseo_notices":[],"gutentor_comment":0,"rttpg_featured_image_url":{"full":["https:\/\/arantv.az\/wp-content\/uploads\/2023\/10\/387511289_1496806207818961_4542846315785550251_n.jpg",620,413,false],"landscape":["https:\/\/arantv.az\/wp-content\/uploads\/2023\/10\/387511289_1496806207818961_4542846315785550251_n.jpg",620,413,false],"portraits":["https:\/\/arantv.az\/wp-content\/uploads\/2023\/10\/387511289_1496806207818961_4542846315785550251_n.jpg",620,413,false],"thumbnail":["https:\/\/arantv.az\/wp-content\/uploads\/2023\/10\/387511289_1496806207818961_4542846315785550251_n-500x280.jpg",500,280,true],"medium":["https:\/\/arantv.az\/wp-content\/uploads\/2023\/10\/387511289_1496806207818961_4542846315785550251_n-548x365.jpg",548,365,true],"large":["https:\/\/arantv.az\/wp-content\/uploads\/2023\/10\/387511289_1496806207818961_4542846315785550251_n.jpg",620,413,false],"1536x1536":["https:\/\/arantv.az\/wp-content\/uploads\/2023\/10\/387511289_1496806207818961_4542846315785550251_n.jpg",620,413,false],"2048x2048":["https:\/\/arantv.az\/wp-content\/uploads\/2023\/10\/387511289_1496806207818961_4542846315785550251_n.jpg",620,413,false],"post-thumbnail":["https:\/\/arantv.az\/wp-content\/uploads\/2023\/10\/387511289_1496806207818961_4542846315785550251_n-240x172.jpg",240,172,true],"advps-thumb-one":["https:\/\/arantv.az\/wp-content\/uploads\/2023\/10\/387511289_1496806207818961_4542846315785550251_n.jpg",620,413,false]},"rttpg_author":{"display_name":"V\u00fcsal Rafiqo\u011flu","author_link":"https:\/\/arantv.az\/?author=2"},"rttpg_comment":0,"rttpg_category":"<a href=\"https:\/\/arantv.az\/?cat=4\" rel=\"category\">Siyas\u0259t<\/a>","rttpg_excerpt":"\u201cA\u011f Ev qeyd-\u015f\u0259rtsiz \u0130sraili d\u0259st\u0259kl\u0259s\u0259 d\u0259, AB\u015e, el\u0259c\u0259 d\u0259 Avropa m\u0259tbuat\u0131 Yax\u0131n \u015e\u0259rqd\u0259ki hadis\u0259l\u0259ri\u00a0h\u0259rt\u0259r\u0259fli i\u015f\u0131qland\u0131r\u0131r. Lakin Az\u0259rbaycana m\u00fcnasib\u0259td\u0259 Q\u0259rbin davran\u0131\u015f\u0131 yaln\u0131z birt\u0259r\u0259flidir ki, bu da ikili standartlar\u0131n n\u00f6vb\u0259ti t\u0259zah\u00fcr\u00fcd\u00fcr\u201d. Bu fikirl\u0259ri \u201cGlobal Media Group\u201d \u015firk\u0259tinin media direktoru, tan\u0131nm\u0131\u015f jurnalist H\u0259mid H\u0259midov s\u0259sl\u0259ndirib. O\u00a0bildirib ki, n\u0259 Q\u0259rb, n\u0259 d\u0259 Rusiya he\u00e7 vaxt Qaraba\u011f m\u00fcnaqi\u015f\u0259sinin h\u0259llinin v\u0259&hellip;","_links":{"self":[{"href":"https:\/\/arantv.az\/index.php?rest_route=\/wp\/v2\/posts\/644774"}],"collection":[{"href":"https:\/\/arantv.az\/index.php?rest_route=\/wp\/v2\/posts"}],"about":[{"href":"https:\/\/arantv.az\/index.php?rest_route=\/wp\/v2\/types\/post"}],"author":[{"embeddable":true,"href":"https:\/\/arantv.az\/index.php?rest_route=\/wp\/v2\/users\/2"}],"replies":[{"embeddable":true,"href":"https:\/\/arantv.az\/index.php?rest_route=%2Fwp%2Fv2%2Fcomments&post=644774"}],"version-history":[{"count":0,"href":"https:\/\/arantv.az\/index.php?rest_route=\/wp\/v2\/posts\/644774\/revisions"}],"wp:featuredmedia":[{"embeddable":true,"href":"https:\/\/arantv.az\/index.php?rest_route=\/wp\/v2\/media\/644775"}],"wp:attachment":[{"href":"https:\/\/arantv.az\/index.php?rest_route=%2Fwp%2Fv2%2Fmedia&parent=644774"}],"wp:term":[{"taxonomy":"category","embeddable":true,"href":"https:\/\/arantv.az\/index.php?rest_route=%2Fwp%2Fv2%2Fcategories&post=644774"},{"taxonomy":"post_tag","embeddable":true,"href":"https:\/\/arantv.az\/index.php?rest_route=%2Fwp%2Fv2%2Ftags&post=644774"}],"curies":[{"name":"wp","href":"https:\/\/api.w.org\/{rel}","templated":true}]}}