{"id":644788,"date":"2023-10-13T09:07:01","date_gmt":"2023-10-13T05:07:01","guid":{"rendered":"https:\/\/arantv.az\/?p=644788"},"modified":"2023-10-13T09:07:01","modified_gmt":"2023-10-13T05:07:01","slug":"must%c9%99ml%c9%99k%c9%99-t%c9%99f%c9%99kkurlu-fransaya-qafqazda-yer-yoxdur-erm%c9%99nistan-bunu-q%c9%99bul-etm%c9%99lidir-s%c9%99rh-foto","status":"publish","type":"post","link":"https:\/\/arantv.az\/?p=644788","title":{"rendered":"M\u00fcst\u0259ml\u0259k\u0259 t\u0259f\u0259kk\u00fcrl\u00fc Fransaya Qafqazda yer yoxdur, Erm\u0259nistan bunu q\u0259bul etm\u0259lidir &#8211; \u015e\u018fRH + FOTO"},"content":{"rendered":"<p>AT\u018fT-in ke\u00e7mi\u015f Minsk qrupunun h\u0259ms\u0259dr d\u00f6vl\u0259ti kimi Fransa beyn\u0259lxalq h\u00fcquq normalar\u0131n\u0131, insan h\u00fcquq v\u0259 azadl\u0131qlar\u0131n\u0131 kobud \u015f\u0259kild\u0259 pozmaqda davam edir. Bu d\u00f6vl\u0259t d\u00fcnya ictimaiyy\u0259tin\u0259 Az\u0259rbaycanla ba\u011fl\u0131 b\u00f6htan v\u0259 q\u0259r\u0259z dolu birt\u0259r\u0259fli m\u0259lumatlar s\u0131r\u0131y\u0131r. Ba\u015fqa s\u00f6zl\u0259, Paris h\u00f6kum\u0259ti erm\u0259ni lobbisind\u0259n ald\u0131\u011f\u0131 s\u0259d\u0259q\u0259nin \u201chaqq\u0131n\u0131\u201d verm\u0259k \u00fc\u00e7\u00fcn h\u0259r c\u00fcr \u00e7irkin, riyakar siyas\u0259t y\u00fcr\u00fctm\u0259kd\u0259 davam edir. Qat\u0131 erm\u0259nip\u0259r\u0259st m\u00f6vqe n\u00fcmayi\u015f etdir\u0259n bu d\u00f6vl\u0259t v\u0259 onun r\u0259smil\u0259ri beyn\u0259lxalq h\u00fcququn prinsipl\u0259rini kobud \u015f\u0259kild\u0259 pozur, yalan v\u0259 b\u00f6htan kampaniyas\u0131n\u0131 g\u00fccl\u0259ndirir, anti-Az\u0259rbaycan f\u0259aliyy\u0259tini geni\u015fl\u0259ndirir.<\/p>\n<p>Fransa Prezidenti Emmanuel Makronun \u00e7irkin t\u0259bli\u011fat\u0131n\u0131n ruporu rolunda \u00e7\u0131x\u0131\u015f ed\u0259n xarici i\u015fl\u0259r naziri Katrin Kolonna bu s\u0131rada x\u00fcsusi canf\u0259\u015fanl\u0131q g\u00f6st\u0259rir, d\u0259rid\u0259n-qab\u0131qdan \u00e7\u0131x\u0131r. O, Erm\u0259nistana s\u0259f\u0259rl\u0259r edir, Fransada tez-tez g\u00f6r\u00fc\u015fl\u0259r ke\u00e7ir\u0259r\u0259k d\u00fcnya ictimaiyy\u0259tin\u0259 dezinformasiya s\u0131zd\u0131r\u0131r. Az\u0259rbaycana qar\u015f\u0131 \u015f\u0259r-b\u00f6htan kampaniyas\u0131n\u0131n ba\u015f\u0131nda duran, erm\u0259ni diasporundan yeml\u0259n\u0259n X\u0130N r\u0259hb\u0259ri bu d\u0259f\u0259 Fransa Senat\u0131nda toplant\u0131 ke\u00e7ir\u0259r\u0259k n\u00f6vb\u0259ti d\u0259f\u0259 \u00e7irkin v\u0259 q\u0259r\u0259z dolu a\u00e7\u0131qlamalarla \u00e7\u0131x\u0131\u015f edib. O, Az\u0259rbaycan\u0131 Qaraba\u011fda ya\u015fayan erm\u0259ni sakinl\u0259rin \u00e7\u0131xar\u0131lmas\u0131n\u0131 t\u0259\u015fkil etm\u0259kd\u0259 g\u00fcnahland\u0131r\u0131b, buna g\u00f6r\u0259 r\u0259smi Bak\u0131n\u0131n c\u0259zaland\u0131r\u0131lmas\u0131 t\u0259klifini ir\u0259li s\u00fcr\u00fcb. Maraql\u0131d\u0131r ki, Qaraba\u011fda \u201cetnik t\u0259mizl\u0259m\u0259\u201d bar\u0259d\u0259 dan\u0131\u015fan nazir ortaya bir fakt bel\u0259 qoya bilm\u0259yib. Qoya da bilm\u0259z, \u00e7\u00fcnki bel\u0259 bir fakt m\u00f6vcud deyil. \u018fn \u0259sas\u0131, BMT-nin Az\u0259rbaycan\u0131n Qaraba\u011f b\u00f6lg\u0259sin\u0259 iki d\u0259f\u0259 missiya g\u00f6nd\u0259rm\u0259sini d\u0259 \u201cunudub\u201d. \u00c7\u00fcnki h\u0259min missiya bir d\u0259f\u0259 d\u0259 olsun Kolonnan\u0131n g\u0259tirdiyi arqumentl\u0259ri t\u0259sdiql\u0259m\u0259yib.<\/p>\n<p><img src=\"https:\/\/cdn.oxu.az\/uploads\/W1siZiIsIjIwMjMvMTAvMTIvMTcvMTcvNTgvYjk4YzJhODQtYTM5MC00ZmE1LWE1OGQtNmI5NTIxZjVjNDljLzcxNjI0NDkyLTlmYmYtMzlhMy1hNjk4LTJiODU5NDcyZTg5OS5qcGciXSxbInAiLCJlbmNvZGUiLCJqcGciLCItcXVhbGl0eSA4MCJdLFsicCIsInRodW1iIiwiNTkweDU5MFx1MDAzZSJdXQ?sha=cd560fdcfb54c38b\" alt=\"\" \/><\/p>\n<p>Az\u0259rbaycana qar\u015f\u0131 s\u0259lib y\u00fcr\u00fc\u015f\u00fcn\u0259 start ver\u0259n r\u0259smi Parisin t\u0259\u015f\u0259bb\u00fcs\u00fc il\u0259 n\u00f6vb\u0259ti riyakarl\u0131q BMT-nin \u0130nsan Haqlar\u0131 \u015euras\u0131nda ya\u015fan\u0131b. Erm\u0259nistan medias\u0131n\u0131n israrla 34 \u00f6lk\u0259nin birg\u0259 s\u0259n\u0259di kimi t\u0259qdim edilmi\u015f b\u0259yanat\u0131 Fransa v\u0259 Erm\u0259nistan\u0131n birg\u0259 t\u0259\u015f\u0259bb\u00fcs\u00fc d\u0259 adland\u0131ra bil\u0259rik. Az\u0259rbaycan t\u0259r\u0259fi d\u0259rhal s\u0259sl\u0259ndiril\u0259n \u0259sass\u0131z iddialar\u0131 r\u0259dd edib v\u0259 Fransan\u0131n Az\u0259rbaycanda ged\u0259n siyasi prosesl\u0259r\u0259 m\u00fcdaxil\u0259 c\u0259hdl\u0259rini q\u0131nay\u0131b.<\/p>\n<p>G\u00f6r\u00fcn\u0259n odur ki, m\u00fcst\u0259ml\u0259k\u0259 t\u0259f\u0259kk\u00fcrl\u00fc, milyonlarla insan\u0131 q\u0259tl\u0259 yetirib soyq\u0131r\u0131mlar\u0131 t\u00f6r\u0259d\u0259n Fransa Erm\u0259nistan\u0131 \u00f6z \u00e7irkin planlar\u0131n\u0131 h\u0259yata ke\u00e7irm\u0259kd\u0259 vasit\u0259 kimi g\u00f6r\u00fcr. T\u0259sad\u00fcfi deyil ki, Prezident\u00a0<strong>\u0130lham \u018fliyev\u00a0<\/strong>d\u0259 oktyabr\u0131n 11-d\u0259 MDB-y\u0259 \u00fczv d\u00f6vl\u0259tl\u0259rin t\u0259hl\u00fck\u0259sizlik v\u0259 x\u00fcsusi xidm\u0259t orqanlar\u0131 r\u0259hb\u0259rl\u0259ri \u015euras\u0131n\u0131n 53-c\u00fc iclas\u0131n\u0131n i\u015ftirak\u00e7\u0131lar\u0131n\u0131 q\u0259bul ed\u0259rk\u0259n Fransan\u0131n bu c\u00fcr siyas\u0259t aparmas\u0131n\u0131 s\u0259rt t\u0259nqid edib. D\u00f6vl\u0259t ba\u015f\u00e7\u0131s\u0131 Fransa bar\u0259d\u0259 dan\u0131\u015fark\u0259n bu \u00f6lk\u0259nin r\u0259hb\u0259rliyinin 2020-ci ild\u0259n ba\u015flayan v\u0259 indi d\u0259 davam ed\u0259n qeyri-konstruktiv v\u0259 t\u0259xribat\u00e7\u0131 rolunu qeyd edib. Az\u0259rbaycan\u0131n \u00f6z \u0259razisind\u0259 d\u00f6y\u00fc\u015fd\u00fcy\u00fcn\u00fc, separatizmi aradan qald\u0131rd\u0131\u011f\u0131n\u0131, b\u00fct\u00fcn humanitar normalara, Cenevr\u0259 Konvensiyas\u0131na \u0259m\u0259l etdiyini diqq\u0259t\u0259 \u00e7atd\u0131r\u0131b. \u0130lham \u018fliyev Fransan\u0131n milyon yar\u0131m \u0259lc\u0259zairlini \u0259lc\u0259zairli v\u0259 m\u00fcs\u0259lman oldu\u011funa g\u00f6r\u0259 m\u0259hv etdiyini, soyq\u0131r\u0131m\u0131 h\u0259yata ke\u00e7irdiyini xat\u0131rlad\u0131b. Prezident \u0130lham \u018fliyev Fransan\u0131n Afrika qit\u0259sind\u0259 t\u00f6r\u0259tdikl\u0259rini qanl\u0131 cinay\u0259t adland\u0131r\u0131b.<\/p>\n<p>\u201cAz\u0259rbaycan v\u0259 \u015f\u0259xs\u0259n m\u0259nim t\u0259r\u0259fimd\u0259n bu m\u0259s\u0259l\u0259 Qo\u015fulmama H\u0259r\u0259kat\u0131n\u0131n s\u0259dri kimi d\u0259f\u0259l\u0259rl\u0259 Qo\u015fulmama H\u0259r\u0259kat\u0131n\u0131n sammitl\u0259rind\u0259 qald\u0131r\u0131l\u0131b v\u0259 qanl\u0131 m\u00fcst\u0259ml\u0259k\u0259 ke\u00e7mi\u015fi olan v\u0259 h\u0259tta bu g\u00fcn b\u0259zi Afrika \u00f6lk\u0259l\u0259rinin n\u0259 q\u0259d\u0259r s\u0259y g\u00f6st\u0259rs\u0259l\u0259r d\u0259, xilas ola bilm\u0259dikl\u0259ri bu \u00f6lk\u0259 bizi beyn\u0259lxalq h\u00fcququ pozmaqda ittiham edir. Bu, absurddur\u201d, &#8211; dey\u0259 Prezident vur\u011fulay\u0131b.<\/p>\n<p><img src=\"https:\/\/cdn.oxu.az\/uploads\/W1siZiIsIjIwMjMvMTAvMTIvMTcvMTcvNTgvNjk0MDRhNTktNGJmOS00YTY5LWIwMTgtMmIyYjYzODhhZWYwLzMxOGQ5YTZjLWM4MmItM2YzNC04OTZkLWJmZWNjNWU4ODZkYS5qcGciXSxbInAiLCJlbmNvZGUiLCJqcGciLCItcXVhbGl0eSA4MCJdLFsicCIsInRodW1iIiwiNTkweDU5MFx1MDAzZSJdXQ?sha=b6728caef3e65f24\" alt=\"\" \/><\/p>\n<p>Az\u0259rbaycan\u0131n i\u015f\u011fal alt\u0131nda olan torpaqlar\u0131n\u0131 azad etm\u0259si il\u0259 he\u00e7 c\u00fcr bar\u0131\u015fa bilm\u0259y\u0259n Fransan\u0131n \u0130kinci Qaraba\u011f m\u00fcharib\u0259sind\u0259 tutdu\u011fu m\u00f6vqe b\u0259llidir. Bu \u00f6lk\u0259 Az\u0259rbaycan\u0131 sanksiyalarla h\u0259d\u0259l\u0259yib, ona qar\u015f\u0131 sanksiyalar\u0131n q\u0259buluna nail olma\u011fa \u00e7al\u0131\u015f\u0131b.<\/p>\n<p>Son olaraq bir m\u0259s\u0259l\u0259y\u0259 d\u0259 toxunmaq ist\u0259rdik. N\u0259 Makron, n\u0259 d\u0259 onun komandas\u0131 bir d\u0259f\u0259 bel\u0259 olsun Erm\u0259nistan\u0131n ba\u015f naziri Nikol Pa\u015finyan\u0131n Qaraba\u011f\u0131n \u0259z\u0259li Az\u0259rbaycan torpa\u011f\u0131 oldu\u011fu bar\u0259d\u0259 b\u0259yanat\u0131n\u0131 \u015f\u0259rh etm\u0259k ist\u0259m\u0259yib. Nec\u0259 olur ki, ke\u00e7mi\u015f m\u00fcnaqi\u015f\u0259 t\u0259r\u0259fi &#8211; r\u0259smi \u0130r\u0259van bu fakt\u0131 etiraf edir, amma Paris buna diqq\u0259t bel\u0259 ay\u0131rm\u0131r. Dig\u0259r ke\u00e7mi\u015f h\u0259ms\u0259dr d\u00f6vl\u0259t \u2013 Rusiya, onun prezidenti v\u0259 dig\u0259r r\u0259smil\u0259ri d\u0259 bu fakt\u0131 d\u0259f\u0259l\u0259rl\u0259 b\u0259yan edibl\u0259r. Amma Makrona bu h\u0259qiq\u0259t \u00e7atm\u0131r? T\u0259bii ki, s\u0259rf etmir. Afrikadan biab\u0131rcas\u0131na qovulan m\u00fcst\u0259ml\u0259k\u0259\u00e7i rejim C\u0259nubi Qafqazda k\u00f6k salma\u011fa \u00e7al\u0131\u015f\u0131r, Rusiyan\u0131 b\u00f6lg\u0259d\u0259n s\u0131x\u0131\u015fd\u0131r\u0131b \u00e7\u0131xarma\u011f\u0131 \u0259sas prioriteti hesab edir. T\u0259bii ki, yen\u0259 d\u0259 \u0259sas m\u0259suliyy\u0259t Erm\u0259nistan r\u0259hb\u0259rliyinin \u00fcz\u0259rind\u0259dir. \u0130r\u0259van yax\u0131n ke\u00e7mi\u015fd\u0259ki s\u0259hv q\u0259rarlar\u0131n\u0131 t\u0259krarlamamal\u0131d\u0131r.<\/p>\n<p>Ba\u015f nazir Nikol Pa\u015finyan anlamal\u0131d\u0131r ki, Fransan\u0131n t\u0259siri v\u0259 m\u00f6vqeyi h\u0259lledici deyil. Ba\u015fa d\u00fc\u015fm\u0259lidir ki, Fransan\u0131n onu silahland\u0131r\u0131b Az\u0259rbaycana qar\u015f\u0131 m\u00fcharib\u0259y\u0259 s\u00f6vq etm\u0259si avant\u00fcrad\u0131r v\u0259 he\u00e7 bir n\u0259tic\u0259 verm\u0259y\u0259c\u0259k. Fransa Hindistanla birl\u0259\u015fib n\u0259 q\u0259d\u0259r Erm\u0259nistan\u0131 silahland\u0131rma\u011fa c\u0259hd g\u00f6st\u0259rs\u0259 d\u0259, onlar Az\u0259rbaycana t\u0259sir etm\u0259k iqtidar\u0131nda olmayacaqlar. Erm\u0259nistan\u0131n bir do\u011fru yolu var: Az\u0259rbaycanla s\u00fclh m\u00fcqavil\u0259si imzalamaq, T\u00fcrkiy\u0259 il\u0259 m\u00fcnasib\u0259tl\u0259ri normalla\u015fd\u0131rmaq.<\/p>\n<p><strong>\u201cReport\u201d \u0130nformasiya Agentliyi<\/strong><\/p>\n","protected":false},"excerpt":{"rendered":"<p>AT\u018fT-in ke\u00e7mi\u015f Minsk qrupunun h\u0259ms\u0259dr d\u00f6vl\u0259ti kimi Fransa beyn\u0259lxalq h\u00fcquq normalar\u0131n\u0131, insan h\u00fcquq v\u0259 azadl\u0131qlar\u0131n\u0131 kobud \u015f\u0259kild\u0259 pozmaqda davam edir. Bu d\u00f6vl\u0259t d\u00fcnya ictimaiyy\u0259tin\u0259 Az\u0259rbaycanla ba\u011fl\u0131 b\u00f6htan v\u0259 q\u0259r\u0259z dolu birt\u0259r\u0259fli m\u0259lumatlar s\u0131r\u0131y\u0131r. Ba\u015fqa s\u00f6zl\u0259, Paris h\u00f6kum\u0259ti erm\u0259ni lobbisind\u0259n ald\u0131\u011f\u0131 s\u0259d\u0259q\u0259nin \u201chaqq\u0131n\u0131\u201d verm\u0259k \u00fc\u00e7\u00fcn h\u0259r c\u00fcr \u00e7irkin, riyakar siyas\u0259t y\u00fcr\u00fctm\u0259kd\u0259 davam edir. Qat\u0131 erm\u0259nip\u0259r\u0259st m\u00f6vqe n\u00fcmayi\u015f etdir\u0259n bu d\u00f6vl\u0259t v\u0259 onun r\u0259smil\u0259ri beyn\u0259lxalq h\u00fcququn prinsipl\u0259rini kobud \u015f\u0259kild\u0259 pozur, yalan v\u0259 b\u00f6htan kampaniyas\u0131n\u0131 g\u00fccl\u0259ndirir, anti-Az\u0259rbaycan f\u0259aliyy\u0259tini geni\u015fl\u0259ndirir. Fransa Prezidenti Emmanuel Makronun \u00e7irkin t\u0259bli\u011fat\u0131n\u0131n ruporu rolunda \u00e7\u0131x\u0131\u015f ed\u0259n xarici i\u015fl\u0259r naziri Katrin&hellip;<\/p>\n","protected":false},"author":2,"featured_media":644790,"comment_status":"closed","ping_status":"closed","sticky":false,"template":"","format":"standard","meta":{"om_disable_all_campaigns":false,"_monsterinsights_skip_tracking":false,"_monsterinsights_sitenote_active":false,"_monsterinsights_sitenote_note":"","_monsterinsights_sitenote_category":0},"categories":[4],"tags":[],"aioseo_notices":[],"gutentor_comment":0,"rttpg_featured_image_url":{"full":["https:\/\/arantv.az\/wp-content\/uploads\/2023\/10\/33e04965-9565-42d4-beb8-04b76c28364a_850.jpg",620,413,false],"landscape":["https:\/\/arantv.az\/wp-content\/uploads\/2023\/10\/33e04965-9565-42d4-beb8-04b76c28364a_850.jpg",620,413,false],"portraits":["https:\/\/arantv.az\/wp-content\/uploads\/2023\/10\/33e04965-9565-42d4-beb8-04b76c28364a_850.jpg",620,413,false],"thumbnail":["https:\/\/arantv.az\/wp-content\/uploads\/2023\/10\/33e04965-9565-42d4-beb8-04b76c28364a_850-500x280.jpg",500,280,true],"medium":["https:\/\/arantv.az\/wp-content\/uploads\/2023\/10\/33e04965-9565-42d4-beb8-04b76c28364a_850-548x365.jpg",548,365,true],"large":["https:\/\/arantv.az\/wp-content\/uploads\/2023\/10\/33e04965-9565-42d4-beb8-04b76c28364a_850.jpg",620,413,false],"1536x1536":["https:\/\/arantv.az\/wp-content\/uploads\/2023\/10\/33e04965-9565-42d4-beb8-04b76c28364a_850.jpg",620,413,false],"2048x2048":["https:\/\/arantv.az\/wp-content\/uploads\/2023\/10\/33e04965-9565-42d4-beb8-04b76c28364a_850.jpg",620,413,false],"post-thumbnail":["https:\/\/arantv.az\/wp-content\/uploads\/2023\/10\/33e04965-9565-42d4-beb8-04b76c28364a_850-240x172.jpg",240,172,true],"advps-thumb-one":["https:\/\/arantv.az\/wp-content\/uploads\/2023\/10\/33e04965-9565-42d4-beb8-04b76c28364a_850.jpg",620,413,false]},"rttpg_author":{"display_name":"V\u00fcsal Rafiqo\u011flu","author_link":"https:\/\/arantv.az\/?author=2"},"rttpg_comment":0,"rttpg_category":"<a href=\"https:\/\/arantv.az\/?cat=4\" rel=\"category\">Siyas\u0259t<\/a>","rttpg_excerpt":"AT\u018fT-in ke\u00e7mi\u015f Minsk qrupunun h\u0259ms\u0259dr d\u00f6vl\u0259ti kimi Fransa beyn\u0259lxalq h\u00fcquq normalar\u0131n\u0131, insan h\u00fcquq v\u0259 azadl\u0131qlar\u0131n\u0131 kobud \u015f\u0259kild\u0259 pozmaqda davam edir. Bu d\u00f6vl\u0259t d\u00fcnya ictimaiyy\u0259tin\u0259 Az\u0259rbaycanla ba\u011fl\u0131 b\u00f6htan v\u0259 q\u0259r\u0259z dolu birt\u0259r\u0259fli m\u0259lumatlar s\u0131r\u0131y\u0131r. Ba\u015fqa s\u00f6zl\u0259, Paris h\u00f6kum\u0259ti erm\u0259ni lobbisind\u0259n ald\u0131\u011f\u0131 s\u0259d\u0259q\u0259nin \u201chaqq\u0131n\u0131\u201d verm\u0259k \u00fc\u00e7\u00fcn h\u0259r c\u00fcr \u00e7irkin, riyakar siyas\u0259t y\u00fcr\u00fctm\u0259kd\u0259 davam edir. Qat\u0131 erm\u0259nip\u0259r\u0259st m\u00f6vqe&hellip;","_links":{"self":[{"href":"https:\/\/arantv.az\/index.php?rest_route=\/wp\/v2\/posts\/644788"}],"collection":[{"href":"https:\/\/arantv.az\/index.php?rest_route=\/wp\/v2\/posts"}],"about":[{"href":"https:\/\/arantv.az\/index.php?rest_route=\/wp\/v2\/types\/post"}],"author":[{"embeddable":true,"href":"https:\/\/arantv.az\/index.php?rest_route=\/wp\/v2\/users\/2"}],"replies":[{"embeddable":true,"href":"https:\/\/arantv.az\/index.php?rest_route=%2Fwp%2Fv2%2Fcomments&post=644788"}],"version-history":[{"count":0,"href":"https:\/\/arantv.az\/index.php?rest_route=\/wp\/v2\/posts\/644788\/revisions"}],"wp:featuredmedia":[{"embeddable":true,"href":"https:\/\/arantv.az\/index.php?rest_route=\/wp\/v2\/media\/644790"}],"wp:attachment":[{"href":"https:\/\/arantv.az\/index.php?rest_route=%2Fwp%2Fv2%2Fmedia&parent=644788"}],"wp:term":[{"taxonomy":"category","embeddable":true,"href":"https:\/\/arantv.az\/index.php?rest_route=%2Fwp%2Fv2%2Fcategories&post=644788"},{"taxonomy":"post_tag","embeddable":true,"href":"https:\/\/arantv.az\/index.php?rest_route=%2Fwp%2Fv2%2Ftags&post=644788"}],"curies":[{"name":"wp","href":"https:\/\/api.w.org\/{rel}","templated":true}]}}