{"id":644791,"date":"2023-10-13T09:07:33","date_gmt":"2023-10-13T05:07:33","guid":{"rendered":"https:\/\/arantv.az\/?p=644791"},"modified":"2023-10-13T09:07:33","modified_gmt":"2023-10-13T05:07:33","slug":"pasinyan-v%c9%99-klaar-erm%c9%99nistan-az%c9%99rbaycan-danisiqlar-prosesini-muzakir%c9%99-edibl%c9%99r-video","status":"publish","type":"post","link":"https:\/\/arantv.az\/?p=644791","title":{"rendered":"Pa\u015finyan v\u0259 Klaar Erm\u0259nistan-Az\u0259rbaycan dan\u0131\u015f\u0131qlar prosesini m\u00fczakir\u0259 edibl\u0259r &#8211; V\u0130DEO"},"content":{"rendered":"<article class=\"news\">\n<div class=\"news-inner\">\n<p>Erm\u0259nistan\u0131n ba\u015f naziri Nikol Pa\u015finyan v\u0259 Avropa \u0130ttifaq\u0131n\u0131n C\u0259nubi Qafqaz \u00fczr\u0259 x\u00fcsusi n\u00fcmay\u0259nd\u0259si Toivo Klaar \u0130r\u0259van v\u0259 Bak\u0131 aras\u0131nda dan\u0131\u015f\u0131qlar prosesini m\u00fczakir\u0259 edibl\u0259r.<\/p>\n<p>Bu bar\u0259d\u0259 Erm\u0259nistan h\u00f6kum\u0259tinin m\u0259tbuat xidm\u0259tind\u0259n bildirilib.<\/p>\n<p>M\u0259lumata g\u00f6r\u0259, t\u0259r\u0259fl\u0259r Erm\u0259nistan v\u0259 Az\u0259rbaycan aras\u0131nda m\u00fcnasib\u0259tl\u0259rin normalla\u015fd\u0131r\u0131lmas\u0131 prosesinin davam etdirilm\u0259sinin vacibliyini qeyd edibl\u0259r.<\/p>\n<p>Qeyd ed\u0259k ki, avropal\u0131 diplomat daha \u0259vv\u0259l Bak\u0131da olub.<\/p>\n<div><iframe loading=\"lazy\" title=\"YouTube video player\" src=\"https:\/\/www.youtube.com\/embed\/VQjsBSBsDCw?si=W5JEq9iL9XEnLLxz\" width=\"560\" height=\"315\" frameborder=\"0\" allowfullscreen=\"allowfullscreen\" data-mce-fragment=\"1\"><\/iframe><\/div>\n<\/div>\n<\/article>\n<section class=\"related-news\">\n<div class=\"l-center\"><\/div>\n<\/section>\n","protected":false},"excerpt":{"rendered":"<p>Erm\u0259nistan\u0131n ba\u015f naziri Nikol Pa\u015finyan v\u0259 Avropa \u0130ttifaq\u0131n\u0131n C\u0259nubi Qafqaz \u00fczr\u0259 x\u00fcsusi n\u00fcmay\u0259nd\u0259si Toivo Klaar \u0130r\u0259van v\u0259 Bak\u0131 aras\u0131nda dan\u0131\u015f\u0131qlar prosesini m\u00fczakir\u0259 edibl\u0259r. Bu bar\u0259d\u0259 Erm\u0259nistan h\u00f6kum\u0259tinin m\u0259tbuat xidm\u0259tind\u0259n bildirilib. M\u0259lumata g\u00f6r\u0259, t\u0259r\u0259fl\u0259r Erm\u0259nistan v\u0259 Az\u0259rbaycan aras\u0131nda m\u00fcnasib\u0259tl\u0259rin normalla\u015fd\u0131r\u0131lmas\u0131 prosesinin davam etdirilm\u0259sinin vacibliyini qeyd edibl\u0259r. Qeyd ed\u0259k ki, avropal\u0131 diplomat daha \u0259vv\u0259l Bak\u0131da olub.<\/p>\n","protected":false},"author":2,"featured_media":644794,"comment_status":"closed","ping_status":"closed","sticky":false,"template":"","format":"standard","meta":{"om_disable_all_campaigns":false,"_monsterinsights_skip_tracking":false,"_monsterinsights_sitenote_active":false,"_monsterinsights_sitenote_note":"","_monsterinsights_sitenote_category":0},"categories":[4],"tags":[],"aioseo_notices":[],"gutentor_comment":0,"rttpg_featured_image_url":{"full":["https:\/\/arantv.az\/wp-content\/uploads\/2023\/10\/Gfiij.jpg",620,413,false],"landscape":["https:\/\/arantv.az\/wp-content\/uploads\/2023\/10\/Gfiij.jpg",620,413,false],"portraits":["https:\/\/arantv.az\/wp-content\/uploads\/2023\/10\/Gfiij.jpg",620,413,false],"thumbnail":["https:\/\/arantv.az\/wp-content\/uploads\/2023\/10\/Gfiij-500x280.jpg",500,280,true],"medium":["https:\/\/arantv.az\/wp-content\/uploads\/2023\/10\/Gfiij-548x365.jpg",548,365,true],"large":["https:\/\/arantv.az\/wp-content\/uploads\/2023\/10\/Gfiij.jpg",620,413,false],"1536x1536":["https:\/\/arantv.az\/wp-content\/uploads\/2023\/10\/Gfiij.jpg",620,413,false],"2048x2048":["https:\/\/arantv.az\/wp-content\/uploads\/2023\/10\/Gfiij.jpg",620,413,false],"post-thumbnail":["https:\/\/arantv.az\/wp-content\/uploads\/2023\/10\/Gfiij-240x172.jpg",240,172,true],"advps-thumb-one":["https:\/\/arantv.az\/wp-content\/uploads\/2023\/10\/Gfiij.jpg",620,413,false]},"rttpg_author":{"display_name":"V\u00fcsal Rafiqo\u011flu","author_link":"https:\/\/arantv.az\/?author=2"},"rttpg_comment":0,"rttpg_category":"<a href=\"https:\/\/arantv.az\/?cat=4\" rel=\"category\">Siyas\u0259t<\/a>","rttpg_excerpt":"Erm\u0259nistan\u0131n ba\u015f naziri Nikol Pa\u015finyan v\u0259 Avropa \u0130ttifaq\u0131n\u0131n C\u0259nubi Qafqaz \u00fczr\u0259 x\u00fcsusi n\u00fcmay\u0259nd\u0259si Toivo Klaar \u0130r\u0259van v\u0259 Bak\u0131 aras\u0131nda dan\u0131\u015f\u0131qlar prosesini m\u00fczakir\u0259 edibl\u0259r. Bu bar\u0259d\u0259 Erm\u0259nistan h\u00f6kum\u0259tinin m\u0259tbuat xidm\u0259tind\u0259n bildirilib. M\u0259lumata g\u00f6r\u0259, t\u0259r\u0259fl\u0259r Erm\u0259nistan v\u0259 Az\u0259rbaycan aras\u0131nda m\u00fcnasib\u0259tl\u0259rin normalla\u015fd\u0131r\u0131lmas\u0131 prosesinin davam etdirilm\u0259sinin vacibliyini qeyd edibl\u0259r. Qeyd ed\u0259k ki, avropal\u0131 diplomat daha \u0259vv\u0259l Bak\u0131da olub.","_links":{"self":[{"href":"https:\/\/arantv.az\/index.php?rest_route=\/wp\/v2\/posts\/644791"}],"collection":[{"href":"https:\/\/arantv.az\/index.php?rest_route=\/wp\/v2\/posts"}],"about":[{"href":"https:\/\/arantv.az\/index.php?rest_route=\/wp\/v2\/types\/post"}],"author":[{"embeddable":true,"href":"https:\/\/arantv.az\/index.php?rest_route=\/wp\/v2\/users\/2"}],"replies":[{"embeddable":true,"href":"https:\/\/arantv.az\/index.php?rest_route=%2Fwp%2Fv2%2Fcomments&post=644791"}],"version-history":[{"count":0,"href":"https:\/\/arantv.az\/index.php?rest_route=\/wp\/v2\/posts\/644791\/revisions"}],"wp:featuredmedia":[{"embeddable":true,"href":"https:\/\/arantv.az\/index.php?rest_route=\/wp\/v2\/media\/644794"}],"wp:attachment":[{"href":"https:\/\/arantv.az\/index.php?rest_route=%2Fwp%2Fv2%2Fmedia&parent=644791"}],"wp:term":[{"taxonomy":"category","embeddable":true,"href":"https:\/\/arantv.az\/index.php?rest_route=%2Fwp%2Fv2%2Fcategories&post=644791"},{"taxonomy":"post_tag","embeddable":true,"href":"https:\/\/arantv.az\/index.php?rest_route=%2Fwp%2Fv2%2Ftags&post=644791"}],"curies":[{"name":"wp","href":"https:\/\/api.w.org\/{rel}","templated":true}]}}