{"id":644802,"date":"2023-10-13T09:10:56","date_gmt":"2023-10-13T05:10:56","guid":{"rendered":"https:\/\/arantv.az\/?p=644802"},"modified":"2023-10-13T09:10:56","modified_gmt":"2023-10-13T05:10:56","slug":"regionda-t%c9%99hluk%c9%99sizliyin-mohk%c9%99ml%c9%99nm%c9%99si-v%c9%99-sulh%c9%99-nail-olunmasi-ucun-imkanlar-yaranir","status":"publish","type":"post","link":"https:\/\/arantv.az\/?p=644802","title":{"rendered":"Regionda t\u0259hl\u00fck\u0259sizliyin m\u00f6hk\u0259ml\u0259nm\u0259si v\u0259 s\u00fclh\u0259 nail olunmas\u0131 \u00fc\u00e7\u00fcn imkanlar yaran\u0131r"},"content":{"rendered":"<p>Art\u0131q Qaraba\u011f m\u00fcnaqi\u015f\u0259si h\u0259ll olundu, Qaraba\u011f Az\u0259rbaycan\u0131n ayr\u0131lmaz hiss\u0259si olaraq qal\u0131r v\u0259 \u0259b\u0259di qalacaq. \u0130\u015f\u011fala art\u0131q son qoyaraq, s\u00fclh\u0259 daha da yax\u0131nla\u015fm\u0131\u015f\u0131q. Az\u0259rbaycanla Erm\u0259nistan aras\u0131nda imzalanacaq s\u00fclh m\u00fcqavil\u0259si art\u0131q s\u00fclh\u00fcn \u0259ld\u0259 edilm\u0259sin\u0259 g\u0259tirib \u00e7\u0131xaracaq. Biz b\u0259lli olan t\u0259klifl\u0259ri ir\u0259li s\u00fcrm\u00fc\u015f\u00fck v\u0259 b\u00fct\u00fcn \u0259zab-\u0259ziyy\u0259tl\u0259r\u0259, b\u00fct\u00fcn da\u011f\u0131nt\u0131lara baxmayaraq, yen\u0259 d\u0259 hesab edirik ki, s\u00fclh m\u00fcqavil\u0259si m\u00fctl\u0259q imzalanmal\u0131d\u0131r. \u018fks t\u0259qdird\u0259, bizim b\u00f6lg\u0259mizd\u0259 t\u0259hl\u00fck\u0259l\u0259r daha da arta bil\u0259r.<\/p>\n<p><em><strong>Q\u0131rm\u0131z\u0131 x\u0259tti ke\u00e7dil\u0259r v\u0259 ba\u015fqa yol qalmad\u0131<\/strong><\/em><\/p>\n<p>Az\u0259rbaycan\u0131n h\u0259rbi-siyasi Q\u0259l\u0259b\u0259sinin v\u0259 Erm\u0259nistan\u0131n kapitulyasiyas\u0131n\u0131n t\u0259sdiqi olan 10 noyabr 2020-ci il tarixli \u00fc\u00e7t\u0259r\u0259fli B\u0259yanat\u0131n imzalanmas\u0131ndan \u00fc\u00e7 il ke\u00e7m\u0259sin\u0259 baxmayaraq Erm\u0259nistan n\u0259 s\u0259n\u0259dd\u0259n ir\u0259li g\u0259l\u0259n \u00f6hd\u0259likl\u0259ri yerin\u0259 yetirir, n\u0259 d\u0259 Az\u0259rbaycan t\u0259r\u0259finin ir\u0259li s\u00fcrd\u00fcy\u00fc s\u00fclh t\u0259klifinin reall\u0131\u011fa \u00e7evrilm\u0259si istiqam\u0259tind\u0259 konkret add\u0131mlar at\u0131r. H\u0259r zaman oldu\u011fu kimi, qar\u015f\u0131 t\u0259r\u0259f yen\u0259 d\u0259 himay\u0259darlar\u0131n\u0131n t\u0259klifini g\u00f6zl\u0259yir. M\u00fcxt\u0259lif vasit\u0259l\u0259rl\u0259 s\u00fclh m\u00fcqavil\u0259sinin imzalanmas\u0131 prosesinin uzanmas\u0131nda maraql\u0131 oldu\u011fu diqq\u0259td\u0259n k\u0259narda qalm\u0131r. Amma bir reall\u0131\u011f\u0131 unudur ki, Az\u0259rbaycan qalib \u00f6lk\u0259 olmaqla haz\u0131rk\u0131 d\u00f6vrd\u0259 s\u00fclh g\u00fcnd\u0259liyinin v\u0259 yeni \u0259m\u0259kda\u015fl\u0131q formatlar\u0131n\u0131n m\u00fc\u0259llifi kimi beyn\u0259lxalq al\u0259md\u0259 yeri v\u0259 rolunu m\u00f6hk\u0259ml\u0259ndirir. R\u0259smi Bak\u0131 ilk g\u00fcnd\u0259n bu b\u0259yanat\u0131 da Erm\u0259nistan\u0131n v\u0259 havadarlar\u0131n\u0131n diqq\u0259tin\u0259 \u00e7atd\u0131rd\u0131 ki, s\u00fclh t\u0259klifi uzun m\u00fcdd\u0259t masa \u00fcz\u0259rind\u0259 qalmayacaq. T\u0259bii ki, Erm\u0259nistan ona yarad\u0131lan \u015fansdan istifad\u0259 ed\u0259r\u0259k \u00f6z\u00fcn\u00fcn iqtisadi v\u0259ziyy\u0259tini yax\u015f\u0131la\u015fd\u0131rmaq imkan\u0131 qazana bil\u0259r. \u0130\u015f\u011fal\u00e7\u0131 d\u00f6vl\u0259t 30 il ya\u015fad\u0131\u011f\u0131 as\u0131l\u0131l\u0131q v\u0259ziyy\u0259tini bu g\u00fcn d\u0259 qabar\u0131q \u015f\u0259kild\u0259 b\u00fcruz\u0259 verir. B\u00fct\u00fcn hallarda Az\u0259rbaycan regionda dayan\u0131ql\u0131 inki\u015faf\u0131n v\u0259 t\u0259hl\u00fck\u0259sizliyin t\u0259min edilm\u0259si istiqam\u0259tind\u0259 davaml\u0131 add\u0131mlar\u0131 il\u0259 diqq\u0259td\u0259dir.<\/p>\n<p>D\u00f6vl\u0259t ba\u015f\u00e7\u0131s\u0131 s\u00f6z\u00fcged\u0259n g\u00f6r\u00fc\u015fd\u0259 bir daha Erm\u0259nistan\u0131n s\u00fclh m\u00fcqavil\u0259sinin imzalanmas\u0131 prosesinin uzanmas\u0131nda maraql\u0131 oldu\u011funu t\u0259sdiql\u0259y\u0259n faktlar\u0131 diqq\u0259t\u0259 \u00e7atd\u0131rd\u0131. Baxmayaraq ki, Erm\u0259nistan\u0131n ba\u015f naziri Nikol Pa\u015finyan bu m\u0259s\u0259l\u0259 il\u0259 ba\u011fl\u0131 ke\u00e7iril\u0259n g\u00f6r\u00fc\u015fl\u0259rd\u0259 beyn\u0259lxalq h\u00fcququn 5 \u0259sas prinsipinin \u00f6z\u00fcnd\u0259 ehtiva ed\u0259n s\u00fclh m\u00fcqavil\u0259sin\u0259 t\u0259r\u0259fdar oldu\u011funu bildirs\u0259 d\u0259 \u0259m\u0259ld\u0259 tamamil\u0259 f\u0259rqli yana\u015fma n\u00fcmayi\u015f etdirir. Az\u0259rbaycan\u0131n \u0259razi b\u00fct\u00f6vl\u00fcy\u00fcn\u00fc s\u00f6zd\u0259 v\u0259 ka\u011f\u0131z \u00fcz\u0259rind\u0259 tan\u0131yan Erm\u0259nistan r\u0259hb\u0259rliyi \u0259m\u0259ld\u0259 h\u0259r \u015feyin \u0259ksini edir. C\u0259nab \u0130lham \u018fliyev \u201cT\u0259xribat h\u0259r\u0259k\u0259tl\u0259rin\u0259 son qoymaqla ba\u011fl\u0131 Az\u0259rbaycan\u0131n etdiyi \u00e7oxsayl\u0131 \u00e7a\u011f\u0131r\u0131\u015flar t\u0259\u0259ss\u00fcf ki, b\u00fct\u00fcn ciddiliyi il\u0259 q\u0259bul edilm\u0259di. V\u0259ziyy\u0259t daha da g\u0259rginl\u0259\u015fdi, \u00e7\u00fcnki bu il sentyabr\u0131n 2-d\u0259 Erm\u0259nistan\u0131n ba\u015f naziri qondarma \u201cDa\u011fl\u0131q Qaraba\u011f respublikas\u0131n\u0131n\u201d yarad\u0131lmas\u0131n\u0131n ild\u00f6n\u00fcm\u00fc il\u0259 ba\u011fl\u0131 t\u0259brik m\u0259ktubu g\u00f6nd\u0259rdi. Bu, q\u0131rm\u0131z\u0131 x\u0259tti ke\u00e7m\u0259k dem\u0259k idi v\u0259 t\u0259bii ki, Az\u0259rbaycan buna d\u00f6z\u0259 bilm\u0259zdi\u201d s\u00f6yl\u0259y\u0259r\u0259k onu da \u0259lav\u0259 etdi ki, bu, \u0259razimiz\u0259 qar\u015f\u0131 a\u00e7\u0131q-a\u015fkar iddia ir\u0259li s\u00fcr\u00fclm\u0259si idi. Sentyabr\u0131n 9-da qondarma \u201cDa\u011fl\u0131q Qaraba\u011f\u201d\u0131n qondarma hakimiyy\u0259t orqanlar\u0131 \u201cse\u00e7ki\u201d ke\u00e7irdil\u0259r. Bu is\u0259 m\u00f6vcud reall\u0131qlar\u0131n tam \u015f\u0259kild\u0259 inkar edilm\u0259si dem\u0259k idi. Sentyabr\u0131n 19-da Az\u0259rbaycana antiterror t\u0259dbirl\u0259ri ke\u00e7irm\u0259k v\u0259 \u00f6z suverenliyini tam \u015f\u0259kild\u0259 b\u0259rpa etm\u0259k \u00fc\u00e7\u00fcn ba\u015fqa se\u00e7im yolu qoyulmad\u0131. Bir sutkadan da az davam ed\u0259n t\u0259dbirl\u0259r n\u0259tic\u0259sind\u0259 Erm\u0259nistan\u0131n Qaraba\u011fdak\u0131 ordusu tamamil\u0259 t\u0259rk silah edildi, 10-15 min n\u0259f\u0259rlik \u00e7oxminli kontingent silahs\u0131zla\u015fd\u0131r\u0131ld\u0131 v\u0259 \u0259razimizin \u00fcz\u0259rind\u0259 tam n\u0259zar\u0259t b\u0259rpa olundu.<\/p>\n<p><em><strong>Erm\u0259nistan s\u00fclhd\u0259 maraql\u0131 deyil<\/strong><\/em><\/p>\n<p>Antiterror t\u0259dbirl\u0259rinin n\u0259tic\u0259l\u0259rind\u0259n sonra bel\u0259 q\u0259na\u0259t yarand\u0131 ki, s\u00fclh m\u00fcqavil\u0259sinin imzalanmas\u0131na art\u0131q he\u00e7 bir mane\u0259 qalmay\u0131b. Lakin hadis\u0259l\u0259rin gedi\u015find\u0259n d\u0259 g\u00f6r\u00fcnd\u00fcy\u00fc kimi, Erm\u0259nistan havadarlar\u0131n\u0131n d\u0259st\u0259yi il\u0259 yen\u0259 d\u0259 s\u00fclh m\u00fcqavil\u0259sinin imzalanmas\u0131 prosesinin h\u0259r v\u0259chl\u0259 uzanmas\u0131na \u00e7al\u0131\u015f\u0131r. Eyni d\u0259y\u0259rl\u0259r\u0259 malik olan Erm\u0259nistan-Fransa birliyi \u0259dal\u0259tin, beyn\u0259lxalq h\u00fcququn maraqlar\u0131n arxas\u0131nda \u0259rim\u0259sini \u015f\u0259rtl\u0259ndirir. C\u0259nab \u0130lham \u018fliyev h\u0259min g\u00f6r\u00fc\u015fd\u0259 Fransa r\u0259hb\u0259rliyinin 2020-ci ilin b\u00fct\u00fcn d\u00f6vr\u00fcnd\u0259n ba\u015flayan v\u0259 indi d\u0259 davam ed\u0259n qeyri-konstruktiv v\u0259 t\u0259xribat\u00e7\u0131 rolundan b\u0259hs ed\u0259r\u0259k bildirdi ki, Az\u0259rbaycan\u0131n \u00fcnvan\u0131na \u00e7oxsayl\u0131 ittihamlar, \u0259sass\u0131z t\u0259hdidl\u0259r v\u0259 \u015fantaj he\u00e7 bir s\u0259m\u0259r\u0259 verm\u0259di: \u201cFransa Prezidentinin bu yax\u0131nlarda Az\u0259rbaycan\u0131n beyn\u0259lxalq h\u00fcquqla probleml\u0259ri oldu\u011funa dair verdiyi b\u0259yanat yaln\u0131z g\u00fcl\u00fc\u015f do\u011fura bil\u0259r. \u00c7\u00fcnki Az\u0259rbaycan beyn\u0259lxalq h\u00fcququ pozmay\u0131b. Biz \u00f6z \u0259razimizd\u0259 d\u00f6y\u00fc\u015fm\u00fc\u015f\u00fck, separatizmi aradan qald\u0131rm\u0131\u015f\u0131q, b\u00fct\u00fcn humanitar normalara, Cenevr\u0259 Konvensiyas\u0131na \u0259m\u0259l etmi\u015fik. Beyn\u0259lxalq h\u00fcququ is\u0259 30 il \u0259rzind\u0259 Fransan\u0131n \u0259lalt\u0131s\u0131, bu g\u00fcn onun \u0259sas m\u00fctt\u0259fiqi olan Erm\u0259nistan ba\u015fqa d\u00f6vl\u0259tin \u0259razisini i\u015f\u011fal ed\u0259r\u0259k pozub. Nec\u0259 dey\u0259rl\u0259r, \u00f6z g\u00f6z\u00fcnd\u0259 tiri g\u00f6rm\u0259yib ba\u015fqas\u0131n\u0131n g\u00f6z\u00fcnd\u0259 t\u00fck axtarmaq laz\u0131m deyil.\u201d<\/p>\n<p>D\u00f6vl\u0259t ba\u015f\u00e7\u0131s\u0131 \u0130lham \u018fliyevin h\u0259r bir \u00e7\u0131x\u0131\u015f\u0131, g\u00f6r\u00fc\u015f\u00fc d\u00fcnyaya g\u0259l\u0259c\u0259kl\u0259 ba\u011fl\u0131 bir \u00e7a\u011f\u0131r\u0131\u015fd\u0131r. Bu bax\u0131mdan ki, h\u0259r zaman \u0259dal\u0259tin v\u0259 beyn\u0259lxalq h\u00fcququn yan\u0131nda olan Az\u0259rbaycan d\u00fcnyan\u0131n ikili standartlara \u0259saslanan siyas\u0259tinin yaratd\u0131\u011f\u0131 probleml\u0259ri \u0259sasl\u0131 \u015f\u0259kild\u0259 diqq\u0259t\u0259 \u00e7atd\u0131r\u0131r v\u0259 bunlar\u0131n yolverilm\u0259z oldu\u011funu bildirir. Az\u0259rbaycan s\u00fclh g\u00fcnd\u0259liyinin v\u0259 yeni \u0259m\u0259kda\u015fl\u0131q formatlar\u0131n\u0131n m\u00fc\u0259llifi kimi bu g\u00fcn d\u0259 bu \u00e7a\u011f\u0131r\u0131\u015flar\u0131n\u0131 b\u0259yan edir. Diqq\u0259ti oktyabr\u0131n 12-d\u0259 Rusiya t\u0259r\u0259finin t\u0259klifi il\u0259 Rusiya, Az\u0259rbaycan v\u0259 Erm\u0259nistan xarici i\u015fl\u0259r nazirl\u0259rinin Bi\u015fkekd\u0259 g\u00f6r\u00fc\u015f\u00fcn\u0259 y\u00f6n\u0259ld\u0259n d\u00f6vl\u0259t ba\u015f\u00e7\u0131s\u0131 \u0130lham \u018fliyev bildirdi ki, Rusiya Federasiyas\u0131n\u0131n vasit\u0259\u00e7iliyini minn\u0259tdarl\u0131qla q\u0259bul edirik, \u00e7\u00fcnki Rusiya bizim qon\u015fumuz, m\u00fctt\u0259fiqimiz, h\u0259m\u00e7inin bizim regionda yerl\u0259\u015f\u0259n, minl\u0259rl\u0259 kilometr uzaqda olan \u00f6lk\u0259l\u0259rd\u0259n f\u0259rqli olaraq qon\u015fuluqda yerl\u0259\u015f\u0259n Erm\u0259nistan\u0131n da m\u00fctt\u0259fiqidir. T\u0259bii ki, \u00f6lk\u0259l\u0259rimiz aras\u0131nda m\u00fcnasib\u0259tl\u0259rin tarixi, \u0259lb\u0259tt\u0259, Rusiya t\u0259r\u0259finin vasit\u0259\u00e7iliyini n\u0259z\u0259rd\u0259 tutur. Biz bu t\u0259klifi m\u00fcsb\u0259t qar\u015f\u0131lad\u0131q v\u0259 xarici i\u015fl\u0259r nazirimiz Rusiya v\u0259 erm\u0259ni h\u0259mkarlar\u0131 il\u0259 g\u00f6r\u00fc\u015fm\u0259y\u0259 haz\u0131r idi: \u201cT\u0259\u0259ss\u00fcf ki, erm\u0259ni t\u0259r\u0259fi bu g\u00f6r\u00fc\u015fd\u0259n imtina etdi. \u0130ndi sual yaran\u0131r: Erm\u0259nistan s\u00fclh ist\u0259yirmi? Z\u0259nnimc\u0259, xeyr, \u00e7\u00fcnki \u0259g\u0259r s\u00fclh ist\u0259s\u0259ydi, bu imkandan imtina etm\u0259zdi. Erm\u0259nistan\u0131n ba\u015f naziri 6 saata Qranadaya u\u00e7ur, orada Az\u0259rbaycans\u0131z Az\u0259rbaycan\u0131n m\u00fczakir\u0259 edildiyi m\u0259nas\u0131z g\u00f6r\u00fc\u015fd\u0259 i\u015ftirak edir, amma 2-3 saata Bi\u015fkek\u0259 u\u00e7a bilmir, onun m\u00fch\u00fcm i\u015fl\u0259ri varm\u0131\u015f. Bax, biz b\u00fct\u00fcn bunlar\u0131 a\u00e7\u0131q dem\u0259liyik. B\u00fct\u00fcn bunlar\u0131 ham\u0131 g\u00f6r\u00fcr, ancaq bunu dan\u0131\u015fmaq v\u0259 n\u0259z\u0259r\u0259 almaq laz\u0131md\u0131r.\u201d Az\u0259rbaycan Prezidentinin h\u0259qiq\u0259tl\u0259r\u0259 bir daha i\u015f\u0131q salan bu g\u00f6r\u00fc\u015f\u00fcnd\u0259 Erm\u0259nistana v\u0259 ona d\u0259st\u0259k ver\u0259n d\u00f6vl\u0259tl\u0259r\u0259 ciddi d\u00fc\u015f\u00fcnm\u0259yi bir t\u0259l\u0259b\u0259 \u00e7evir\u0259n mesajlar \u00fcnvanland\u0131.<\/p>\n<p>Regionda dayan\u0131ql\u0131 s\u00fclh\u00fcn v\u0259 t\u0259hl\u00fck\u0259sizliyin t\u0259min edilm\u0259sind\u0259 maraql\u0131 olan d\u00f6vl\u0259tl\u0259r, beyn\u0259lxalq t\u0259\u015fkilatlar d\u0259st\u0259kl\u0259rini s\u00f6zd\u0259 deyil, \u0259m\u0259ld\u0259 n\u00fcmayi\u015f etdirm\u0259lidirl\u0259r. Erm\u0259nistan unudur ki, 30 illik i\u015f\u011fal deyil, postm\u00fcnaqi\u015f\u0259 d\u00f6vr\u00fcn\u00fcn reall\u0131qlar\u0131n\u0131\u0131 ya\u015fay\u0131r\u0131q. Az\u0259rbaycan i\u015f\u011fal d\u00f6vr\u00fcn\u00fcn Az\u0259rbaycan\u0131 deyil. \u018fdal\u0259tin, beyn\u0259lxalq h\u00fcququn qalib g\u0259ldiyi tarixi Z\u0259f\u0259rimiz \u00f6z\u00fcnd\u0259 m\u00fch\u00fcm \u00e7a\u011f\u0131r\u0131\u015flar\u0131 ehtiva edir. Se\u00e7im Erm\u0259nistan\u0131nd\u0131r.<\/p>\n","protected":false},"excerpt":{"rendered":"<p>Art\u0131q Qaraba\u011f m\u00fcnaqi\u015f\u0259si h\u0259ll olundu, Qaraba\u011f Az\u0259rbaycan\u0131n ayr\u0131lmaz hiss\u0259si olaraq qal\u0131r v\u0259 \u0259b\u0259di qalacaq. \u0130\u015f\u011fala art\u0131q son qoyaraq, s\u00fclh\u0259 daha da yax\u0131nla\u015fm\u0131\u015f\u0131q. Az\u0259rbaycanla Erm\u0259nistan aras\u0131nda imzalanacaq s\u00fclh m\u00fcqavil\u0259si art\u0131q s\u00fclh\u00fcn \u0259ld\u0259 edilm\u0259sin\u0259 g\u0259tirib \u00e7\u0131xaracaq. Biz b\u0259lli olan t\u0259klifl\u0259ri ir\u0259li s\u00fcrm\u00fc\u015f\u00fck v\u0259 b\u00fct\u00fcn \u0259zab-\u0259ziyy\u0259tl\u0259r\u0259, b\u00fct\u00fcn da\u011f\u0131nt\u0131lara baxmayaraq, yen\u0259 d\u0259 hesab edirik ki, s\u00fclh m\u00fcqavil\u0259si m\u00fctl\u0259q imzalanmal\u0131d\u0131r. \u018fks t\u0259qdird\u0259, bizim b\u00f6lg\u0259mizd\u0259 t\u0259hl\u00fck\u0259l\u0259r daha da arta bil\u0259r. Q\u0131rm\u0131z\u0131 x\u0259tti ke\u00e7dil\u0259r v\u0259 ba\u015fqa yol qalmad\u0131 Az\u0259rbaycan\u0131n h\u0259rbi-siyasi Q\u0259l\u0259b\u0259sinin v\u0259 Erm\u0259nistan\u0131n kapitulyasiyas\u0131n\u0131n t\u0259sdiqi olan 10 noyabr 2020-ci il tarixli \u00fc\u00e7t\u0259r\u0259fli B\u0259yanat\u0131n imzalanmas\u0131ndan \u00fc\u00e7 il ke\u00e7m\u0259sin\u0259&hellip;<\/p>\n","protected":false},"author":2,"featured_media":644807,"comment_status":"closed","ping_status":"closed","sticky":false,"template":"","format":"standard","meta":{"om_disable_all_campaigns":false,"_monsterinsights_skip_tracking":false,"_monsterinsights_sitenote_active":false,"_monsterinsights_sitenote_note":"","_monsterinsights_sitenote_category":0},"categories":[1],"tags":[],"aioseo_notices":[],"gutentor_comment":0,"rttpg_featured_image_url":{"full":["https:\/\/arantv.az\/wp-content\/uploads\/2023\/10\/3200dca916908752924108443701019639-1.jpg",975,540,false],"landscape":["https:\/\/arantv.az\/wp-content\/uploads\/2023\/10\/3200dca916908752924108443701019639-1.jpg",975,540,false],"portraits":["https:\/\/arantv.az\/wp-content\/uploads\/2023\/10\/3200dca916908752924108443701019639-1.jpg",975,540,false],"thumbnail":["https:\/\/arantv.az\/wp-content\/uploads\/2023\/10\/3200dca916908752924108443701019639-1-500x280.jpg",500,280,true],"medium":["https:\/\/arantv.az\/wp-content\/uploads\/2023\/10\/3200dca916908752924108443701019639-1-660x365.jpg",660,365,true],"large":["https:\/\/arantv.az\/wp-content\/uploads\/2023\/10\/3200dca916908752924108443701019639-1-840x465.jpg",640,354,true],"1536x1536":["https:\/\/arantv.az\/wp-content\/uploads\/2023\/10\/3200dca916908752924108443701019639-1.jpg",975,540,false],"2048x2048":["https:\/\/arantv.az\/wp-content\/uploads\/2023\/10\/3200dca916908752924108443701019639-1.jpg",975,540,false],"post-thumbnail":["https:\/\/arantv.az\/wp-content\/uploads\/2023\/10\/3200dca916908752924108443701019639-1-240x172.jpg",240,172,true],"advps-thumb-one":["https:\/\/arantv.az\/wp-content\/uploads\/2023\/10\/3200dca916908752924108443701019639-1.jpg",975,540,false]},"rttpg_author":{"display_name":"V\u00fcsal Rafiqo\u011flu","author_link":"https:\/\/arantv.az\/?author=2"},"rttpg_comment":0,"rttpg_category":"<a href=\"https:\/\/arantv.az\/?cat=1\" rel=\"category\">C\u0259miyy\u0259t<\/a>","rttpg_excerpt":"Art\u0131q Qaraba\u011f m\u00fcnaqi\u015f\u0259si h\u0259ll olundu, Qaraba\u011f Az\u0259rbaycan\u0131n ayr\u0131lmaz hiss\u0259si olaraq qal\u0131r v\u0259 \u0259b\u0259di qalacaq. \u0130\u015f\u011fala art\u0131q son qoyaraq, s\u00fclh\u0259 daha da yax\u0131nla\u015fm\u0131\u015f\u0131q. Az\u0259rbaycanla Erm\u0259nistan aras\u0131nda imzalanacaq s\u00fclh m\u00fcqavil\u0259si art\u0131q s\u00fclh\u00fcn \u0259ld\u0259 edilm\u0259sin\u0259 g\u0259tirib \u00e7\u0131xaracaq. Biz b\u0259lli olan t\u0259klifl\u0259ri ir\u0259li s\u00fcrm\u00fc\u015f\u00fck v\u0259 b\u00fct\u00fcn \u0259zab-\u0259ziyy\u0259tl\u0259r\u0259, b\u00fct\u00fcn da\u011f\u0131nt\u0131lara baxmayaraq, yen\u0259 d\u0259 hesab edirik ki, s\u00fclh m\u00fcqavil\u0259si m\u00fctl\u0259q imzalanmal\u0131d\u0131r.&hellip;","_links":{"self":[{"href":"https:\/\/arantv.az\/index.php?rest_route=\/wp\/v2\/posts\/644802"}],"collection":[{"href":"https:\/\/arantv.az\/index.php?rest_route=\/wp\/v2\/posts"}],"about":[{"href":"https:\/\/arantv.az\/index.php?rest_route=\/wp\/v2\/types\/post"}],"author":[{"embeddable":true,"href":"https:\/\/arantv.az\/index.php?rest_route=\/wp\/v2\/users\/2"}],"replies":[{"embeddable":true,"href":"https:\/\/arantv.az\/index.php?rest_route=%2Fwp%2Fv2%2Fcomments&post=644802"}],"version-history":[{"count":0,"href":"https:\/\/arantv.az\/index.php?rest_route=\/wp\/v2\/posts\/644802\/revisions"}],"wp:featuredmedia":[{"embeddable":true,"href":"https:\/\/arantv.az\/index.php?rest_route=\/wp\/v2\/media\/644807"}],"wp:attachment":[{"href":"https:\/\/arantv.az\/index.php?rest_route=%2Fwp%2Fv2%2Fmedia&parent=644802"}],"wp:term":[{"taxonomy":"category","embeddable":true,"href":"https:\/\/arantv.az\/index.php?rest_route=%2Fwp%2Fv2%2Fcategories&post=644802"},{"taxonomy":"post_tag","embeddable":true,"href":"https:\/\/arantv.az\/index.php?rest_route=%2Fwp%2Fv2%2Ftags&post=644802"}],"curies":[{"name":"wp","href":"https:\/\/api.w.org\/{rel}","templated":true}]}}