{"id":644816,"date":"2023-10-13T09:34:18","date_gmt":"2023-10-13T05:34:18","guid":{"rendered":"https:\/\/arantv.az\/?p=644816"},"modified":"2023-10-13T09:34:18","modified_gmt":"2023-10-13T05:34:18","slug":"lavrov-dogru-deyir-yoxsa-miller-qafqazi-qarisdiran-%c9%99l","status":"publish","type":"post","link":"https:\/\/arantv.az\/?p=644816","title":{"rendered":"Lavrov do\u011fru deyir, yoxsa Miller &#8211; Qafqaz\u0131 qar\u0131\u015fd\u0131ran \u201c\u0259l\u201d&#8230;"},"content":{"rendered":"<p><strong>Moskva Va\u015finqton v\u0259 Br\u00fcsseli C\u0259nubi Qafqazda sabitliyi pozmaqda ittiham edir, AB\u015e is\u0259 \u0259ksini s\u00f6yl\u0259yir; lakin Prezident uzaq Q\u0259rbin yox, yax\u0131n Rusiyan\u0131n vasit\u0259\u00e7iliyin\u0259 \u00fcst\u00fcnl\u00fck verdi<\/strong><\/p>\n<p><em>AB\u015e-\u0131n Qafqazda dan\u0131\u015f\u0131qlar \u00fczr\u0259 ba\u015f m\u00fc\u015faviri Luis Bono haz\u0131rda s\u00fclh prosesin\u0259 d\u0259st\u0259yi m\u00fczakir\u0259 etm\u0259k \u00fc\u00e7\u00fcn regionda s\u0259f\u0259rd\u0259dir. \u201cTuran\u201d\u0131n Va\u015finqtondak\u0131 m\u00fcxbirinin verdiyi x\u0259b\u0259r\u0259 g\u00f6r\u0259, bu bar\u0259d\u0259 D\u00f6vl\u0259t Departamentinin n\u00fcmay\u0259nd\u0259si bildirib. \u201cBu s\u0259f\u0259rl\u0259r zaman\u0131 c\u0259nab Bono \u0259sas maraql\u0131 t\u0259r\u0259fl\u0259rl\u0259 g\u00f6r\u00fc\u015f\u00fcr\u201d, &#8211; dey\u0259 m\u0259nb\u0259 qeyd edib.<\/em><\/p>\n<p>\u201cBono Bak\u0131 v\u0259 \u0130r\u0259vandan sonra Parisd\u0259 v\u0259 Br\u00fcsseld\u0259 olacaq\u201d dey\u0259n D\u00f6vl\u0259t Departamentinin m\u0259tbuat xidm\u0259tinin n\u00fcmay\u0259nd\u0259si \u0259lav\u0259 edib ki, bu, AB\u015e r\u0259smisinin son bir ayda regiona ikinci s\u0259f\u0259ridir. Bono b\u00f6lg\u0259d\u0259 s\u0259f\u0259rd\u0259 olark\u0259n Rusiya xarici i\u015fl\u0259r naziri Sergey Lavrov \u201cQ\u0259rbin s\u00fclh \u00fc\u00e7\u00fcn deyil, \u00f6z siyasi ambisiyalar\u0131n\u0131 d\u0259st\u0259kl\u0259m\u0259k \u00fc\u00e7\u00fcn vasit\u0259\u00e7ilik xidm\u0259tl\u0259rini Erm\u0259nistana v\u0259 Az\u0259rbaycana zorla q\u0259bul etdirm\u0259k ist\u0259diyin\u0259 dair m\u0259qal\u0259 yaz\u0131b. Lavrov Rusiya X\u0130N-in sayt\u0131nda d\u0259rc olunan m\u0259qal\u0259sind\u0259 qeyd edir ki, Va\u015finqton v\u0259 Br\u00fcssel Qaraba\u011fdak\u0131 v\u0259ziyy\u0259t\u0259 &#8220;m\u00fcdaxil\u0259 ed\u0259r\u0259k C\u0259nubi Qafqazda sabitliyi pozur&#8221;. \u201c\u0130ndi Br\u00fcssel \u00f6z geosiyasi ambisiyalar\u0131n\u0131 d\u00fc\u015f\u00fcn\u0259r\u0259k \u00f6z \u201dvasit\u0259\u00e7ilik xidm\u0259tl\u0259rini&#8221; Az\u0259rbaycan v\u0259 Erm\u0259nistana y\u00fckl\u0259yir, Va\u015finqtonla C\u0259nubi Qafqazda sabitliyin pozulmas\u0131na g\u0259tirib \u00e7\u0131xar\u0131r. \u0130r\u0259van v\u0259 Bak\u0131 liderl\u0259ri iki \u00f6lk\u0259nin suverenliyinin qar\u015f\u0131l\u0131ql\u0131 tan\u0131nmas\u0131 m\u0259s\u0259l\u0259sini h\u0259ll ed\u0259nd\u0259 dinc h\u0259yat\u0131n v\u0259 etimad\u0131n m\u00f6hk\u0259ml\u0259nm\u0259sinin vaxt\u0131 \u00e7at\u0131b. Rusiya s\u00fclhm\u0259raml\u0131 kontingenti buna h\u0259r c\u00fcr t\u00f6hf\u0259 verm\u0259y\u0259 haz\u0131rd\u0131r&#8221;, &#8211; Lavrov yaz\u0131b.<\/p>\n<p><strong>Lavrovun ittihamlar\u0131n\u0131 \u201cTuran\u201da \u015f\u0259rh ed\u0259n D\u00f6vl\u0259t Departamentinin r\u0259smi n\u00fcmay\u0259nd\u0259si Metyu Miller bel\u0259 deyib:<\/strong>\u00a0\u201cBu, tamamil\u0259 yaland\u0131r. Bizim C\u0259nubi Qafqazda yegan\u0259 m\u0259qs\u0259dimiz s\u00fclh\u00fc v\u0259 Erm\u0259nistan-Az\u0259rbaycan m\u00fcnasib\u0259tl\u0259rind\u0259 sabitliyi t\u0259min etm\u0259k v\u0259 \u0259lb\u0259tt\u0259 ki, Da\u011fl\u0131q Qaraba\u011f \u0259halisinin humanitar ehtiyaclar\u0131n\u0131n v\u0259 h\u00fcquqlar\u0131n\u0131 n\u0259z\u0259r\u0259 al\u0131naca\u011f\u0131na v\u0259 m\u00fcdafi\u0259 olunaca\u011f\u0131na z\u0259man\u0259t verm\u0259kdir\u201d. V\u0259 yen\u0259 d\u0259 \u201cDa\u011fl\u0131q Qaraba\u011f \u0259halisi\u201d s\u00f6yl\u0259y\u0259n amerikal\u0131 m\u0259mur h\u0259l\u0259 d\u0259 bilmir ki, bel\u0259 bir inzibati qurulu\u015f v\u0259 q\u00f6vm yoxdur. Var Qaraba\u011f v\u0259 bir d\u0259 var Qaraba\u011f\u0131n sakinl\u0259ri&#8230; S\u00f6zs\u00fcz, bu ayr\u0131 problematikad\u0131r, haz\u0131rda m\u00fch\u00fcm olan Va\u015finqton v\u0259 Moskvan\u0131n m\u00f6vqel\u0259ridir. T\u0259r\u0259fl\u0259r a\u00e7\u0131q \u015f\u0259kild\u0259 yar\u0131\u015f\u0131rlar. B\u0259s onlar\u0131n s\u00fclh dan\u0131\u015f\u0131qlar\u0131nda haz\u0131rk\u0131 m\u00f6vqeyini nec\u0259 d\u0259y\u0259rl\u0259ndirm\u0259k olar? Lavrov do\u011fru deyir, yoxsa Miller?.. \u00dcmumiyy\u0259tl\u0259, Qafqaz\u0131 \u201cqar\u0131\u015fd\u0131ran \u0259l\u201d hans\u0131d\u0131r?<\/p>\n<p><strong>Yeri g\u0259lmi\u015fk\u0259n, d\u00f6vl\u0259t ba\u015f\u00e7\u0131s\u0131 \u0130lham \u018fliyev d\u0259 vasit\u0259\u00e7ilik m\u0259s\u0259l\u0259sind\u0259 se\u00e7imini a\u00e7\u0131q \u015f\u0259kild\u0259 b\u0259yan edib. \u201cOktyabr\u0131n 12-d\u0259, bir g\u00fcn sonra Rusiya t\u0259r\u0259finin t\u0259klifi il\u0259 Rusiya, Az\u0259rbaycan v\u0259 Erm\u0259nistan xarici i\u015fl\u0259r nazirl\u0259rinin Bi\u015fkekd\u0259 g\u00f6r\u00fc\u015f\u00fc olmal\u0131 idi\u201d. Bunu Az\u0259rbaycan Prezidenti \u0130lham \u018fliyev oktyabr\u0131n 11-d\u0259 MDB-y\u0259 \u00fczv d\u00f6vl\u0259tl\u0259rin t\u0259hl\u00fck\u0259sizlik v\u0259 x\u00fcsusi xidm\u0259t orqanlar\u0131 r\u0259hb\u0259rl\u0259ri \u015euras\u0131n\u0131n 53-c\u00fc iclas\u0131n\u0131n i\u015ftirak\u00e7\u0131lar\u0131n\u0131 q\u0259bul ed\u0259rk\u0259n deyib. D\u00f6vl\u0259t ba\u015f\u00e7\u0131s\u0131 bildirib ki, biz Rusiya Federasiyas\u0131n\u0131n vasit\u0259\u00e7iliyini minn\u0259tdarl\u0131qla q\u0259bul edirik, \u00e7\u00fcnki Rusiya bizim qon\u015fumuz, m\u00fctt\u0259fiqimiz, h\u0259m\u00e7inin bizim regionda yerl\u0259\u015f\u0259n, minl\u0259rl\u0259 kilometr uzaqda olan \u00f6lk\u0259l\u0259rd\u0259n f\u0259rqli olaraq qon\u015fuluqda yerl\u0259\u015f\u0259n Erm\u0259nistan\u0131n da m\u00fctt\u0259fiqidir:<\/strong>\u00a0\u201cT\u0259bii ki, \u00f6lk\u0259l\u0259rimiz aras\u0131nda m\u00fcnasib\u0259tl\u0259rin tarixi, \u0259lb\u0259tt\u0259, Rusiya t\u0259r\u0259finin vasit\u0259\u00e7iliyini n\u0259z\u0259rd\u0259 tutur. Biz bu t\u0259klifi m\u00fcsb\u0259t qar\u015f\u0131lad\u0131q v\u0259 xarici i\u015fl\u0259r nazirimiz Rusiya v\u0259 erm\u0259ni h\u0259mkarlar\u0131 il\u0259 g\u00f6r\u00fc\u015fm\u0259y\u0259 haz\u0131r idi. T\u0259\u0259ss\u00fcf ki, erm\u0259ni t\u0259r\u0259fi bu g\u00f6r\u00fc\u015fd\u0259n imtina etdi. \u0130ndi sual yaran\u0131r: Erm\u0259nistan s\u00fclh ist\u0259yirmi? Z\u0259nnimc\u0259, xeyr, \u00e7\u00fcnki \u0259g\u0259r s\u00fclh ist\u0259s\u0259ydi, bu imkandan imtina etm\u0259zdi\u201d.<\/p>\n<p><img src=\"https:\/\/1.bp.blogspot.com\/-zL8XYZ_5aKw\/W3Xv-Nl6pLI\/AAAAAAAACY4\/VHW5Elrh06QdCQv9yuumWeu9TnBNBuO0QCLcBGAs\/w1200-h630-p-k-no-nu\/elxan-sahinoglu.jpg\" alt=\"Elxan \u015eahino\u011flu - Bioqrafiya.com\" \/><\/p>\n<p><strong>Elxan \u015eahino\u011flu<\/strong><\/p>\n<p><strong>Analitik Elxan \u015eahino\u011flu d\u00fc\u015f\u00fcn\u00fcr ki, Az\u0259rbaycan Prezidenti \u0130lham \u018fliyev G\u00fcrc\u00fcstan\u0131n vasit\u0259\u00e7iliyin\u0259 m\u00fcsb\u0259t yana\u015f\u0131r v\u0259 bu haqda fikirl\u0259rini bir ne\u00e7\u0259 d\u0259f\u0259 bildirib:<\/strong>\u00a0\u201cErm\u0259nistan\u0131n ba\u015f naziri Nikol Pa\u015finyan da Az\u0259rbaycan\u0131n d\u00f6vl\u0259t ba\u015f\u00e7\u0131s\u0131 kimi tez-tez G\u00fcrc\u00fcstana s\u0259f\u0259r edir v\u0259 qon\u015fu d\u00f6vl\u0259tl\u0259 strateji t\u0259r\u0259fda\u015fl\u0131qdan dan\u0131\u015f\u0131r, ancaq Tiflisin vasit\u0259\u00e7iliyi il\u0259 ba\u011fl\u0131 fikir bildirm\u0259kd\u0259n yay\u0131n\u0131r. Halbuki haradan baxsaq, G\u00fcrc\u00fcstan\u0131n vasit\u0259\u00e7iliyi h\u0259m Az\u0259rbaycana, h\u0259m d\u0259 Erm\u0259nistana faydal\u0131d\u0131r. G\u0259l\u0259c\u0259k s\u00fclh sazi\u015finin imzalanmas\u0131 \u00fc\u00e7\u00fcn d\u0259 Tiflis \u0259n m\u00fcnasib m\u0259kand\u0131r. Buna Br\u00fcssel, Va\u015finqton, Ankara, h\u0259tta Moskva da etiraz etm\u0259z\u201d.<\/p>\n<p><strong>Ekspertin fikrinc\u0259, Kremld\u0259 sanki Qaraba\u011fla ba\u011fl\u0131 toplant\u0131 ke\u00e7irilib v\u0259 q\u0259rar verilib ki, Rusiya s\u00fclhm\u0259raml\u0131lar\u0131n\u0131n b\u00f6lg\u0259d\u0259n \u00e7\u0131xar\u0131lmas\u0131 l\u0259ngidilsin:<\/strong>\u00a0\u201cBu haqda \u0259vv\u0259lc\u0259 Rusiyan\u0131n xarici i\u015fl\u0259r nazirinin m\u00fcavini RBK televiziya kanal\u0131na m\u00fcsahib\u0259sind\u0259 i\u015far\u0259 vurdu, bir g\u00fcn sonra nazir Sergey Lavrovdan ox\u015far a\u00e7\u0131qlama g\u0259ldi. &#8220;AB\u015e v\u0259 Avropa \u0130ttifaq\u0131n\u0131n qeyri-sabitlik toxumlar\u0131 s\u0259pdiyi bir vaxtda Qaraba\u011fdak\u0131 Rusiya s\u00fclhm\u0259raml\u0131lar\u0131 C\u0259nubi Qafqazda dinc h\u0259yat\u0131n qurulmas\u0131na k\u00f6m\u0259k etm\u0259y\u0259 haz\u0131rd\u0131r&#8221; &#8211; dey\u0259n Lavrov Az\u0259rbaycan v\u0259 Erm\u0259nistan aras\u0131ndak\u0131 dan\u0131\u015f\u0131qlarda Br\u00fcsselin v\u0259 Va\u015finqtonun vasit\u0259\u00e7iliyind\u0259n narahatl\u0131qlar\u0131n\u0131 gizl\u0259tm\u0259dikl\u0259rini bildirdi. Bu narahatl\u0131\u011f\u0131n Qaraba\u011fdak\u0131 Rusiya h\u0259rbi kontingenti il\u0259 n\u0259 \u0259laq\u0259si var? Rusiya h\u0259rbi kontingenti Qaraba\u011fdan \u00e7\u0131xandan sonra ora he\u00e7 bir \u00f6lk\u0259nin h\u0259rbi q\u00fcvv\u0259l\u0259ri daxil olmayacaq, bu, Rusiyadan \u0259vv\u0259l Az\u0259rbaycan\u0131n maraqlar\u0131na cavab vermir. Buna baxmayaraq, Kreml h\u0259rbi kontingentini Az\u0259rbaycan \u0259razisind\u0259 saxlama\u011fa \u00e7al\u0131\u015f\u0131r. Buna yol ver\u0259 bilm\u0259rik&#8221;.<\/p>\n<p><img src=\"https:\/\/respublika-news.az\/uploads\/images\/news\/994fdb034e-Asif-nerimanli-azerbaycan-danisiqlar-prosesinde-fransanin-istirakina-imkan-vermir.jpg\" alt=\"Asif N\u0259rimanl\u0131: Az\u0259rbaycan dan\u0131\u015f\u0131qlar prosesind\u0259 Fransan\u0131n i\u015ftirak\u0131na imkan  vermir\" \/><\/p>\n<p><strong>Asif N\u0259rimanl\u0131\u00a0<\/strong><\/p>\n<p><strong>Siyasi \u015f\u0259rh\u00e7i Asif N\u0259rimanl\u0131 bildirir ki, Pa\u015finyan MDB d\u00f6vl\u0259t ba\u015f\u00e7\u0131lar\u0131n\u0131n Bi\u015fkekd\u0259 ke\u00e7iril\u0259c\u0259k g\u00f6r\u00fc\u015f\u00fcnd\u0259 i\u015ftirak etm\u0259kd\u0259n imtina edib:<\/strong>\u00a0\u201cErm\u0259nistan\u0131n xarici i\u015fl\u0259r naziri Ararat Mirzoyan da Rusiyan\u0131n X\u0130N r\u0259hb\u0259rl\u0259rinin sammit \u00e7\u0259r\u00e7iv\u0259sind\u0259 planla\u015fd\u0131r\u0131lan \u00fc\u00e7t\u0259r\u0259fli g\u00f6r\u00fc\u015f\u00fcn\u0259 qat\u0131lmayacaq. Erm\u0259nistan Rusiyan\u0131n vasit\u0259\u00e7iliyind\u0259n m\u00fcmk\u00fcn q\u0259d\u0259r qa\u00e7\u0131r. Bunun n\u0259 q\u0259d\u0259r m\u00fcmk\u00fcn olaca\u011f\u0131n\u0131 prosesl\u0259rin inki\u015faf\u0131 g\u00f6st\u0259r\u0259c\u0259k, lakin m\u00f6vcud situasiyada Bak\u0131 v\u0259 \u0130r\u0259van\u0131n dan\u0131\u015f\u0131qlar\u0131nda platformalar\u0131n se\u00e7imi il\u0259 ba\u011fl\u0131 problemin yarand\u0131\u011f\u0131 g\u00f6r\u00fcn\u00fcr. Az\u0259rbaycan Fransan\u0131n r\u0259hb\u0259rliyi \u0259l\u0259 almaq ist\u0259diyi Q\u0259rb masas\u0131na getm\u0259k ist\u0259mir: bu masada kommunikasiyan\u0131n a\u00e7\u0131lmas\u0131 v\u0259 s\u0259rh\u0259din delimitasiyas\u0131na yana\u015fma Bak\u0131n\u0131n g\u00fcnd\u0259liyin\u0259 uy\u011fun deyil. \u015earl Mi\u015felin Br\u00fcssel format\u0131na qay\u0131tmaq t\u0259klifi q\u0259bul edils\u0259 bel\u0259, prinsipial m\u0259s\u0259l\u0259l\u0259rd\u0259 raz\u0131la\u015fman\u0131n \u0259ld\u0259 edil\u0259c\u0259yi g\u00f6zl\u0259ntisi azd\u0131r\u201d.<\/p>\n<p><strong>T\u0259hlil\u00e7inin dediyin\u0259 g\u00f6r\u0259, Erm\u0259nistan\u0131n Rusiya masas\u0131na \u0259yl\u0259\u015fm\u0259si kommunikasiya v\u0259 s\u0259rh\u0259din delimitasiyas\u0131 m\u0259s\u0259l\u0259sind\u0259 iddialar\u0131ndan \u0259l \u00e7\u0259km\u0259si il\u0259 n\u0259tic\u0259l\u0259n\u0259 bil\u0259r, eyni zamanda bu, \u0130r\u0259van \u00fcz\u0259rind\u0259n b\u00f6lg\u0259y\u0259 daxil olan Q\u0259rbin d\u0259st\u0259yind\u0259n d\u0259 m\u0259hrum olmaq riski yarad\u0131r:<\/strong>\u00a0\u201cBu situasiyan\u0131n m\u0259nfi t\u0259r\u0259fi s\u00fclh sazi\u015finin arxa plana ke\u00e7m\u0259si, esakalasiya riskinin artmas\u0131d\u0131r. H\u0259r\u00e7\u0259nd m\u00fcsb\u0259t t\u0259r\u0259fi d\u0259 diqq\u0259td\u0259n yay\u0131nm\u0131r: t\u0259r\u0259fl\u0259rin bir araya g\u0259lm\u0259sind\u0259 Q\u0259rb v\u0259 Rusiya masas\u0131 problemlidirs\u0259, o zaman, \u00fc\u00e7\u00fcnc\u00fc variant \u00f6n plana \u00e7\u0131xacaq. G\u00fcrc\u00fcstan Bak\u0131 v\u0259 \u0130r\u0259van\u0131n dan\u0131\u015f\u0131qlar\u0131 \u00fc\u00e7\u00fcn yeni platformaya \u00e7evril\u0259 bil\u0259r. \u018fliyevin Tiflis\u00a0 s\u0259f\u0259ri v\u0259 G\u00fcrc\u00fcstanda g\u00f6r\u00fc\u015f t\u0259klifini ir\u0259li s\u00fcrm\u0259si d\u0259 buna hesablanm\u0131\u015fd\u0131. \u00dc\u00e7\u00fcnc\u00fc t\u0259r\u0259fl\u0259rin &#8211; Q\u0259rb v\u0259 Rusiyan\u0131n prosesd\u0259 i\u015ftirak etm\u0259m\u0259si Tiflis platformas\u0131nda Bak\u0131 v\u0259 \u0130r\u0259van\u0131n anla\u015fa bilm\u0259si imkanlar\u0131n\u0131 da art\u0131r\u0131r\u201d.<\/p>\n","protected":false},"excerpt":{"rendered":"<p>Moskva Va\u015finqton v\u0259 Br\u00fcsseli C\u0259nubi Qafqazda sabitliyi pozmaqda ittiham edir, AB\u015e is\u0259 \u0259ksini s\u00f6yl\u0259yir; lakin Prezident uzaq Q\u0259rbin yox, yax\u0131n Rusiyan\u0131n vasit\u0259\u00e7iliyin\u0259 \u00fcst\u00fcnl\u00fck verdi AB\u015e-\u0131n Qafqazda dan\u0131\u015f\u0131qlar \u00fczr\u0259 ba\u015f m\u00fc\u015faviri Luis Bono haz\u0131rda s\u00fclh prosesin\u0259 d\u0259st\u0259yi m\u00fczakir\u0259 etm\u0259k \u00fc\u00e7\u00fcn regionda s\u0259f\u0259rd\u0259dir. \u201cTuran\u201d\u0131n Va\u015finqtondak\u0131 m\u00fcxbirinin verdiyi x\u0259b\u0259r\u0259 g\u00f6r\u0259, bu bar\u0259d\u0259 D\u00f6vl\u0259t Departamentinin n\u00fcmay\u0259nd\u0259si bildirib. \u201cBu s\u0259f\u0259rl\u0259r zaman\u0131 c\u0259nab Bono \u0259sas maraql\u0131 t\u0259r\u0259fl\u0259rl\u0259 g\u00f6r\u00fc\u015f\u00fcr\u201d, &#8211; dey\u0259 m\u0259nb\u0259 qeyd edib. \u201cBono Bak\u0131 v\u0259 \u0130r\u0259vandan sonra Parisd\u0259 v\u0259 Br\u00fcsseld\u0259 olacaq\u201d dey\u0259n D\u00f6vl\u0259t Departamentinin m\u0259tbuat xidm\u0259tinin n\u00fcmay\u0259nd\u0259si \u0259lav\u0259 edib ki, bu, AB\u015e r\u0259smisinin son bir&hellip;<\/p>\n","protected":false},"author":2,"featured_media":644819,"comment_status":"closed","ping_status":"closed","sticky":false,"template":"","format":"standard","meta":{"om_disable_all_campaigns":false,"_monsterinsights_skip_tracking":false,"_monsterinsights_sitenote_active":false,"_monsterinsights_sitenote_note":"","_monsterinsights_sitenote_category":0},"categories":[4],"tags":[],"aioseo_notices":[],"gutentor_comment":0,"rttpg_featured_image_url":{"full":["https:\/\/arantv.az\/wp-content\/uploads\/2023\/10\/06cf2dc5f1f050d25ab0812259d891dc.jpg",864,486,false],"landscape":["https:\/\/arantv.az\/wp-content\/uploads\/2023\/10\/06cf2dc5f1f050d25ab0812259d891dc.jpg",864,486,false],"portraits":["https:\/\/arantv.az\/wp-content\/uploads\/2023\/10\/06cf2dc5f1f050d25ab0812259d891dc.jpg",864,486,false],"thumbnail":["https:\/\/arantv.az\/wp-content\/uploads\/2023\/10\/06cf2dc5f1f050d25ab0812259d891dc-500x280.jpg",500,280,true],"medium":["https:\/\/arantv.az\/wp-content\/uploads\/2023\/10\/06cf2dc5f1f050d25ab0812259d891dc-649x365.jpg",649,365,true],"large":["https:\/\/arantv.az\/wp-content\/uploads\/2023\/10\/06cf2dc5f1f050d25ab0812259d891dc-840x473.jpg",640,360,true],"1536x1536":["https:\/\/arantv.az\/wp-content\/uploads\/2023\/10\/06cf2dc5f1f050d25ab0812259d891dc.jpg",864,486,false],"2048x2048":["https:\/\/arantv.az\/wp-content\/uploads\/2023\/10\/06cf2dc5f1f050d25ab0812259d891dc.jpg",864,486,false],"post-thumbnail":["https:\/\/arantv.az\/wp-content\/uploads\/2023\/10\/06cf2dc5f1f050d25ab0812259d891dc-240x172.jpg",240,172,true],"advps-thumb-one":["https:\/\/arantv.az\/wp-content\/uploads\/2023\/10\/06cf2dc5f1f050d25ab0812259d891dc.jpg",864,486,false]},"rttpg_author":{"display_name":"V\u00fcsal Rafiqo\u011flu","author_link":"https:\/\/arantv.az\/?author=2"},"rttpg_comment":0,"rttpg_category":"<a href=\"https:\/\/arantv.az\/?cat=4\" rel=\"category\">Siyas\u0259t<\/a>","rttpg_excerpt":"Moskva Va\u015finqton v\u0259 Br\u00fcsseli C\u0259nubi Qafqazda sabitliyi pozmaqda ittiham edir, AB\u015e is\u0259 \u0259ksini s\u00f6yl\u0259yir; lakin Prezident uzaq Q\u0259rbin yox, yax\u0131n Rusiyan\u0131n vasit\u0259\u00e7iliyin\u0259 \u00fcst\u00fcnl\u00fck verdi AB\u015e-\u0131n Qafqazda dan\u0131\u015f\u0131qlar \u00fczr\u0259 ba\u015f m\u00fc\u015faviri Luis Bono haz\u0131rda s\u00fclh prosesin\u0259 d\u0259st\u0259yi m\u00fczakir\u0259 etm\u0259k \u00fc\u00e7\u00fcn regionda s\u0259f\u0259rd\u0259dir. \u201cTuran\u201d\u0131n Va\u015finqtondak\u0131 m\u00fcxbirinin verdiyi x\u0259b\u0259r\u0259 g\u00f6r\u0259, bu bar\u0259d\u0259 D\u00f6vl\u0259t Departamentinin n\u00fcmay\u0259nd\u0259si bildirib. \u201cBu s\u0259f\u0259rl\u0259r&hellip;","_links":{"self":[{"href":"https:\/\/arantv.az\/index.php?rest_route=\/wp\/v2\/posts\/644816"}],"collection":[{"href":"https:\/\/arantv.az\/index.php?rest_route=\/wp\/v2\/posts"}],"about":[{"href":"https:\/\/arantv.az\/index.php?rest_route=\/wp\/v2\/types\/post"}],"author":[{"embeddable":true,"href":"https:\/\/arantv.az\/index.php?rest_route=\/wp\/v2\/users\/2"}],"replies":[{"embeddable":true,"href":"https:\/\/arantv.az\/index.php?rest_route=%2Fwp%2Fv2%2Fcomments&post=644816"}],"version-history":[{"count":0,"href":"https:\/\/arantv.az\/index.php?rest_route=\/wp\/v2\/posts\/644816\/revisions"}],"wp:featuredmedia":[{"embeddable":true,"href":"https:\/\/arantv.az\/index.php?rest_route=\/wp\/v2\/media\/644819"}],"wp:attachment":[{"href":"https:\/\/arantv.az\/index.php?rest_route=%2Fwp%2Fv2%2Fmedia&parent=644816"}],"wp:term":[{"taxonomy":"category","embeddable":true,"href":"https:\/\/arantv.az\/index.php?rest_route=%2Fwp%2Fv2%2Fcategories&post=644816"},{"taxonomy":"post_tag","embeddable":true,"href":"https:\/\/arantv.az\/index.php?rest_route=%2Fwp%2Fv2%2Ftags&post=644816"}],"curies":[{"name":"wp","href":"https:\/\/api.w.org\/{rel}","templated":true}]}}