{"id":644824,"date":"2023-10-13T09:35:52","date_gmt":"2023-10-13T05:35:52","guid":{"rendered":"https:\/\/arantv.az\/?p=644824"},"modified":"2023-10-13T09:35:52","modified_gmt":"2023-10-13T05:35:52","slug":"bes-qardasdir-besi-d%c9%99-p%c9%99r%c9%99st-musyo-prezidentl%c9%99rin-erm%c9%99ni-sevgisi-dastanlara-sigmaz","status":"publish","type":"post","link":"https:\/\/arantv.az\/?p=644824","title":{"rendered":"Be\u015f qarda\u015fd\u0131r, be\u015fi d\u0259 \u2026p\u0259r\u0259st \u2013 M\u00fcsy\u00f6 prezidentl\u0259rin erm\u0259ni sevgisi dastanlara s\u0131\u011fmaz"},"content":{"rendered":"<p><strong>Son aylarda adama el\u0259 g\u0259lir ki, Az\u0259rbaycan d\u00f6vl\u0259ti v\u0259 Qaraba\u011f erm\u0259nil\u0259ri aras\u0131nda 35 ild\u0259n b\u0259ri davam ed\u0259n, \u00f6t\u0259n ay b\u00f6y\u00fck \u00f6l\u00e7\u00fcd\u0259 \u00f6z h\u0259llini tapan m\u00fcnaqi\u015f\u0259nin t\u0259r\u0259f-m\u00fcqabili n\u0259 Erm\u0259nistan d\u00f6vl\u0259ti, n\u0259 d\u0259 indiy\u0259d\u0259k z\u0259nn etdiyimiz kimi Rusiya deyil, Fransad\u0131r.<\/strong><\/p>\n<p>Bu fikr\u0259 g\u0259lm\u0259y\u0259 bu d\u00f6vl\u0259tin siyasi r\u0259hb\u0259rliyinin, deputatlar\u0131n\u0131n, diplomatlar\u0131n\u0131n ard-arda verdikl\u0259ri a\u00e7\u0131qlamalar, tutduqlar\u0131 m\u00f6vqe, m\u0259s\u0259l\u0259ni beyn\u0259lxalq t\u0259\u015fkilatlar\u0131n g\u00fcnd\u0259liyin\u0259 qald\u0131rmaq t\u0259\u015f\u0259bb\u00fcsl\u0259ri \u0259sas verir.<\/p>\n<p>G\u00f6z \u00f6n\u00fcnd\u0259dir ki, Qaraba\u011fdan Rusiya \u0259l \u00e7\u0259kib, Erm\u0259nistan, dem\u0259k olar ki, imtina edib, amma Fransa dinc\u0259lmir ki, dinc\u0259lmir.<\/p>\n<p>Frans\u0131zlar\u0131n erm\u0259nil\u0259r\u0259 sevgisini bu q\u0259d\u0259r fenomenalla\u015fd\u0131ran, platonik ed\u0259n s\u0259b\u0259bl\u0259rd\u0259n b\u0259hs etm\u0259y\u0259k. Uzun s\u00f6hb\u0259tdir. Bunu art\u0131q politologiya elminin bilgi v\u0259 kriteriyalar\u0131 izah ed\u0259 bilmir.<\/p>\n<p>Fransada siyasil\u0259r aras\u0131nda erm\u0259ni m\u0259s\u0259l\u0259sin\u0259 dair bir \u00e7atlaq s\u0259s yoxdur. Onlar iqtidarl\u0131-m\u00fcxalif\u0259tli bu m\u0259s\u0259l\u0259d\u0259 yekdildirl\u0259r. Haz\u0131rda Frans\u0131z siyasil\u0259rin yegan\u0259 ortaq m\u0259xr\u0259ci m\u0259hz erm\u0259ni m\u0259s\u0259l\u0259sidir.<\/p>\n<p>T\u0259kc\u0259 son 30 ild\u0259 Fransan\u0131 idar\u0259 ed\u0259nl\u0259rin Erm\u0259nistana, erm\u0259nil\u0259r\u0259 m\u00fcnasib\u0259tin\u0259 baxaq.<\/p>\n<p><img loading=\"lazy\" src=\"https:\/\/cdn.musavat.com\/news\/thumbnails\/e023bc763cd6f3fd20854c2f20d895d2.jpg\" alt=\"mitter.jpg (31 KB)\" width=\"682\" height=\"451\" \/><\/p>\n<p>1994-c\u00fc ild\u0259 Az\u0259rbaycan prezidenti Heyd\u0259r \u018fliyev Fransaya s\u0259f\u0259r ed\u0259n zaman Fransua Mitteranla s\u00f6hb\u0259tind\u0259 Az\u0259rbaycan\u0131n erm\u0259nil\u0259r t\u0259r\u0259find\u0259n i\u015f\u011fal olunmu\u015f \u0259razil\u0259rinin x\u0259rit\u0259sini g\u00f6st\u0259rib, burada apar\u0131lan etnik t\u0259mizl\u0259m\u0259l\u0259rd\u0259n dan\u0131\u015f\u0131b. D\u00f6vr\u00fcn\u00fcn be\u015f n\u00fcfuzlu siyas\u0259t\u00e7isind\u0259n biri olan F.Mitteran \u018fliyevi dinl\u0259yib, ax\u0131rda \u00e7iyinl\u0259rini \u00e7\u0259k\u0259r\u0259k h\u0259r \u015feyi ba\u015fa d\u00fc\u015fd\u00fcy\u00fcn\u00fc, lakin he\u00e7 n\u0259 ed\u0259 bilm\u0259y\u0259c\u0259yini deyib v\u0259 \u0259lav\u0259 edib ki, \u201c\u00e7\u00fcnki erm\u0259nil\u0259r Fransaya yax\u0131n xalqd\u0131r\u201d. Bu hadis\u0259ni m\u0259rhum politoloq V\u0259fa Quluzad\u0259 jurnalistl\u0259r\u0259 dan\u0131\u015f\u0131b. \u0130ndi t\u0259s\u0259vv\u00fcr edin, d\u00fcnyan\u0131 idar\u0259 ed\u0259n 5 adamdan biri erm\u0259nil\u0259rin xatirin\u0259 beyn\u0259lxalq qanunlar\u0131, o c\u00fcml\u0259d\u0259n 700 mind\u0259n \u00e7ox az\u0259rbaycanl\u0131 qa\u00e7q\u0131n-k\u00f6\u00e7k\u00fcn\u00fcn haqlar\u0131n\u0131 he\u00e7\u0259 say\u0131b, etnik t\u0259mizl\u0259m\u0259y\u0259 g\u00f6z yumub.<\/p>\n<p>Mitteran\u0131 ke\u00e7dik, b\u0259s baxaq, g\u00f6r\u0259k, onun siyasi x\u0259l\u0259fi Jak \u015eirak erm\u0259nil\u0259r\u0259 m\u00fcnasib\u0259td\u0259 nec\u0259 m\u00f6vqe tutub.<\/p>\n<p><img loading=\"lazy\" src=\"https:\/\/cdn.musavat.com\/news\/thumbnails\/bf6810730c14978142c5bdbfb12657db.jpg\" alt=\"f5d8db9259f370_5d8db9259f3b0.thumb.jpg (109 KB)\" width=\"750\" height=\"421\" \/><\/p>\n<p>Jak \u015eirak r\u0259hb\u0259rlik etdiyi d\u00f6vl\u0259tin erm\u0259nip\u0259r\u0259st siyas\u0259tini daha a\u00e7\u0131q \u015f\u0259kild\u0259 izah edib: \u201cBiz onlar\u0131 iki y\u00fcz ildir tan\u0131y\u0131r\u0131q, onlarla dostuq\u201d.<\/p>\n<p>Jak \u015eirak \u0130r\u0259vana s\u0259f\u0259ri \u0259r\u0259f\u0259sind\u0259 erm\u0259ni v\u0259 frans\u0131z xalqlar\u0131 aras\u0131nda m\u00fcnasib\u0259tl\u0259rin tarixinin m\u0259n\u015f\u0259yinin s\u0259lib y\u00fcr\u00fc\u015fl\u0259ri d\u00f6vr\u00fcn\u0259 gedib \u00e7\u0131xd\u0131\u011f\u0131n\u0131 bildirib, Yerus\u0259lim kral\u0131n\u0131n erm\u0259ni \u015fahzad\u0259si Ardai il\u0259 evl\u0259ndiyini misal g\u0259tirib. \u015eirak iki xalq\u0131n m\u00fctt\u0259fiqliyinin I d\u00fcnya m\u00fcharib\u0259si zaman\u0131 s\u0131naqdan \u00e7\u0131xd\u0131\u011f\u0131n\u0131 da deyib. Xat\u0131rladaq ki, frans\u0131zlar v\u0259 erm\u0259nil\u0259r h\u0259min vaxt Osmanl\u0131 t\u00fcrkl\u0259rin\u0259 qar\u015f\u0131 bir s\u0259ng\u0259rd\u0259 d\u00f6y\u00fc\u015f\u00fcbl\u0259r, Antep, Mara\u015f v\u0259 Urfada birlikd\u0259 oyunca h\u00f6kum\u0259tl\u0259r qurublar, ax\u0131rda q\u0259hr\u0259man t\u00fcrk xalq\u0131 t\u0259r\u0259find\u0259n Suriyaya qovulublar.<\/p>\n<p>\u015eirak h\u0259min m\u00fcsahib\u0259sind\u0259 deyib ki, iki xalq aras\u0131nda uzunm\u00fcdd\u0259tli t\u0259maslar n\u0259tic\u0259sind\u0259 onlar aras\u0131nda daxili birlik yaran\u0131b.<\/p>\n<p>Fransa prezidenti s\u00f6z\u00fcn\u0259 davam ed\u0259r\u0259k deyib: \u201c500 min erm\u0259ni \u0259silli frans\u0131z Fransaya \u00f6z c\u0259sar\u0259tini, istedad\u0131n\u0131 v\u0259 alic\u0259nabl\u0131\u011f\u0131n\u0131 verib. Onlar Erm\u0259nistanla da \u0259laq\u0259l\u0259rini qoruyub saxlay\u0131rlar, minl\u0259rl\u0259 layih\u0259d\u0259 i\u015ftirak edirl\u0259r v\u0259 iki xalq aras\u0131nda \u0259laq\u0259l\u0259rin m\u00f6hk\u0259ml\u0259nm\u0259sin\u0259 t\u00f6hf\u0259 verirl\u0259r\u201d.<\/p>\n<p>O vaxt m\u0259hz bel\u0259 a\u00e7\u0131qlamalar\u0131na g\u00f6r\u0259 Az\u0259rbaycan parlamentinin qocaman deputatlar\u0131ndan biri fikrini lakonik \u015f\u0259kild\u0259 ifad\u0259 etmi\u015fdi: \u201cJak \u015eirak qudurub\u201d.<\/p>\n<p><img loading=\"lazy\" src=\"https:\/\/cdn.musavat.com\/news\/thumbnails\/2b5f41ef91e337cec493a31d9ddc4d38.jpg\" alt=\"nikola.jpg (140 KB)\" width=\"750\" height=\"422\" \/><\/p>\n<p>\u015eirak\u0131n x\u0259l\u0259fi Nikola Sarkozi h\u0259l\u0259 2007-ci ild\u0259, prezidentliy\u0259 namiz\u0259d olanda \u201cerm\u0259ni soyq\u0131r\u0131m\u0131\u201dn\u0131n inkar\u0131na g\u00f6r\u0259 cinay\u0259t m\u0259suliyy\u0259ti n\u0259z\u0259rd\u0259 tutan qanunun q\u0259bulunu d\u0259st\u0259kl\u0259y\u0259c\u0259yin\u0259 s\u00f6z vermi\u015f, 2007-ci ili \u201cFransa-Erm\u0259nistan ili\u201d elan etmi\u015fdi.<\/p>\n<p>Prezident se\u00e7ildikd\u0259n sonra is\u0259 o, v\u0259dini yerin\u0259 yetirib, \u201cerm\u0259ni soyq\u0131r\u0131m\u0131\u201dn\u0131n inkar\u0131na g\u00f6r\u0259 cinay\u0259t m\u0259suliyy\u0259ti n\u0259z\u0259rd\u0259 tutan yeni qanun layih\u0259sinin haz\u0131rlanmas\u0131na g\u00f6st\u0259ri\u015f verib.<\/p>\n<p>Sarkozinin d\u0259st\u0259kl\u0259diyi bu qanun Fransa il\u0259 T\u00fcrkiy\u0259 aras\u0131nda m\u00fcnasib\u0259tl\u0259rd\u0259 ciddi f\u0259sadlara s\u0259b\u0259b olsa da, onun erm\u0259nip\u0259r\u0259st komandas\u0131 qanun layih\u0259sini q\u0259bul etdirib. Halbuki bu, qanun s\u00f6z v\u0259 ifad\u0259 azadl\u0131\u011f\u0131 il\u0259 daban-dabana zidd idi.<\/p>\n<p><img loading=\"lazy\" src=\"https:\/\/cdn.musavat.com\/news\/thumbnails\/f5b3ddaafffb96896fa4fb5d438114b8.jpg\" alt=\"699217.jpg (88 KB)\" width=\"698\" height=\"521\" \/><\/p>\n<p>Sarkozinin siyasi varisi Fransua Olland da erm\u0259nil\u0259r\u0259 m\u00fcnasib\u0259td\u0259 f\u0259rqli m\u00f6vqed\u0259 olmay\u0131b. O da s\u0259h\u0259rini erm\u0259nil\u0259rl\u0259 a\u00e7\u0131b, gec\u0259sini erm\u0259nil\u0259rl\u0259 qapay\u0131b. Olland da s\u0259l\u0259fl\u0259ri kimi \u00f6z iqam\u0259tgah\u0131nda Fransadak\u0131 Erm\u0259ni T\u0259\u015fkilatlar\u0131n\u0131n Koordinasiya \u015euras\u0131n\u0131n t\u0259rkibind\u0259 Aleksis Qovciyan, Murad Papazyan v\u0259 Ara Toranyanla g\u00f6r\u00fc\u015fl\u0259r ke\u00e7irib.<\/p>\n<p>\u201cErm\u0259ni soyq\u0131r\u0131m\u0131\u201dn\u0131n 100 illiyi Olland\u0131n d\u00f6vr\u00fcn\u0259 d\u00fc\u015fd\u00fcy\u00fcnd\u0259n o, erm\u0259nil\u0259r\u0259 daha iltifatl\u0131 yana\u015f\u0131b. Onlar Ollandla g\u00f6r\u00fc\u015fd\u0259 \u201cild\u00f6n\u00fcm\u201d\u0259 haz\u0131rl\u0131qla ba\u011fl\u0131 m\u0259lumat verib, \u201cerm\u0259ni soyq\u0131r\u0131m\u0131\u201dn\u0131n inkar\u0131na g\u00f6r\u0259 cinay\u0259t m\u0259suliyy\u0259tini n\u0259z\u0259rd\u0259 tutan qanun layih\u0259si il\u0259 ba\u011fl\u0131 g\u00f6zl\u0259ntil\u0259rind\u0259n dan\u0131\u015f\u0131blar, ayr\u0131ca, T\u00fcrkiy\u0259nin Avropa \u0130ttifaq\u0131na qo\u015fulmas\u0131 prosesi il\u0259 ba\u011fl\u0131 narahatl\u0131qlar\u0131 bar\u0259d\u0259 dan\u0131\u015f\u0131blar.<\/p>\n<p>Fransan\u0131n 60 ild\u0259n b\u0259ridir T\u00fcrkiy\u0259nin Avropa \u0130ttifaq\u0131na qo\u015fulmas\u0131n\u0131n qar\u015f\u0131s\u0131n\u0131 alan iki-\u00fc\u00e7 \u0259sas d\u00f6vl\u0259td\u0259n biri olmas\u0131 \u201cerm\u0259ni faktoru\u201dna ba\u011fl\u0131d\u0131r. Olland T\u00fcrkiy\u0259nin A\u0130 yolunu k\u0259sm\u0259kl\u0259 se\u00e7ki kampaniyas\u0131nda erm\u0259nil\u0259r\u0259 verdiyi s\u00f6z\u00fcn \u00fcst\u00fcnd\u0259 durub.<\/p>\n<p><img loading=\"lazy\" src=\"https:\/\/cdn.musavat.com\/news\/thumbnails\/713472397d646ca5398bb38bd5b79385.jpg\" alt=\"pasmakro.jpg (56 KB)\" width=\"730\" height=\"414\" \/><\/p>\n<p>Olland\u0131n yerin\u0259 g\u0259l\u0259n Emmanuel Makronun erm\u0259ni sevgisini h\u0259r k\u0259s bilir. Bu x\u00fcsusda, n\u0259inki q\u0259zet, sayt m\u0259qal\u0259sin\u0259, he\u00e7 kitablara bel\u0259 s\u0131\u011fmayacaq t\u0259f\u0259rr\u00fcatlar var. Adam r\u0259sm\u0259n \u00f6z\u00fcn\u00fc Erm\u0259nistan\u0131n super-prezidenti kimi apar\u0131r, \u00f6z \u00f6lk\u0259sinin probleml\u0259rind\u0259n \u00e7ox erm\u0259nil\u0259rin qay\u011f\u0131lar\u0131 il\u0259 ya\u015fay\u0131r.<\/p>\n<p>Paris meri Ann Hidalqo da eyni d\u00fc\u015f\u00fcnc\u0259d\u0259 biridir. Bu yax\u0131nlarda o, Az\u0259rbaycan\u0131n \u00f6z \u0259razi b\u00fct\u00f6vl\u00fcy\u00fcn\u00fc b\u0259rpa etm\u0259si hadis\u0259sini \u201cerm\u0259ni xalq\u0131na qar\u015f\u0131 soyq\u0131r\u0131m\u201d adland\u0131r\u0131b. Hidalqo X sosial \u015f\u0259b\u0259k\u0259sind\u0259ki mikrobloqunda yaz\u0131b ki, beyn\u0259lxalq ictimaiyy\u0259tin s\u0259f\u0259rb\u0259r olmas\u0131na baxmayaraq, Az\u0259rbaycan \u201cartsax\u201d erm\u0259nil\u0259rin\u0259 qar\u015f\u0131 \u00f6z plan\u0131n\u0131 h\u0259yata ke\u00e7irir.<\/p>\n<p>D\u00fc\u015f\u00fcnm\u0259k olar ki, bu m\u00f6vqed\u0259 olanlar \u0259sas\u0259n hakimiyy\u0259td\u0259 olan siyasil\u0259rdir, m\u00fcxalif\u0259t\u00e7il\u0259r f\u0259rqlidir. Xeyr. Fransan\u0131n ana m\u00fcxalif\u0259t partiyas\u0131n\u0131n lideri, son president se\u00e7kil\u0259rind\u0259 Makrona ciddi m\u00fcqavim\u0259t g\u00f6st\u0259r\u0259n Marin Le Pen d\u0259 erm\u0259nip\u0259r\u0259stdir.<\/p>\n<p><img loading=\"lazy\" src=\"https:\/\/cdn.musavat.com\/news\/thumbnails\/ee9194058905d0694e120258b6f70b4c.jpg\" alt=\"lepen.jpg (1.62 MB)\" width=\"750\" height=\"500\" \/><\/p>\n<p>O, vaxtil\u0259 \u201cNouvelles Armenie\u201d q\u0259zetin\u0259 m\u00fcsahib\u0259sind\u0259 deyib: \u201cDa\u011fl\u0131q Qaraba\u011f tarix\u0259n v\u0259 m\u0259d\u0259ni bax\u0131mdan erm\u0259ni torpa\u011f\u0131d\u0131r, lakin beyn\u0259lxalq h\u00fcquqi bax\u0131mdan Az\u0259rbaycan\u0131nd\u0131r. B\u00fct\u00fcn problem d\u0259 bundad\u0131r\u201d.<\/p>\n<p>Fransa prezidentliyin\u0259 m\u00fcxalif namiz\u0259dl\u0259rd\u0259n biri olan Valeri Pekres d\u0259 \u00f6z erm\u0259nifilliyini s\u00fcbut etm\u0259k \u00fc\u00e7\u00fcn \u0130r\u0259vana, oradan da qanunsuz olaraq Xank\u0259ndiy\u0259 g\u0259lmi\u015fdi.<\/p>\n<p>Bir s\u00f6zl\u0259, erm\u0259nip\u0259r\u0259st m\u00f6vqe s\u0259rgil\u0259m\u0259k Fransan\u0131n d\u00f6vl\u0259t siyas\u0259tidir. \u0130nd\u0259n bel\u0259 hakimiyy\u0259t\u0259 daha be\u015f prezident g\u0259ls\u0259 d\u0259, bu siyas\u0259t d\u0259yi\u015fm\u0259y\u0259c\u0259k. Namiz\u0259dl\u0259r Fransa se\u00e7icil\u0259rind\u0259n s\u0259s almaq \u00fc\u00e7\u00fcn \u00f6zl\u0259rini m\u00fctl\u0259q erm\u0259nip\u0259r\u0259st g\u00f6st\u0259rm\u0259y\u0259 v\u0259 el\u0259 olma\u011fa m\u0259cburdurlar.<\/p>\n<p><img loading=\"lazy\" src=\"https:\/\/cdn.musavat.com\/news\/thumbnails\/dead05cfe6354bef3e8fa76a25a149de.jpg\" alt=\"jak\u015firak.jpg (8 KB)\" width=\"658\" height=\"497\" \/><\/p>\n<p>Maraql\u0131 bir detal is\u0259 budur ki, Fransa prezidentl\u0259ri il\u0259 Erm\u0259nistan r\u0259hb\u0259rl\u0259rinin son 30 ild\u0259ki g\u0259li\u015f-gedi\u015fl\u0259ri m\u00fcnt\u0259z\u0259m xarakter da\u015f\u0131sa da, Fransa-Erm\u0259nistan \u0259laq\u0259l\u0259ri dinamik x\u0259tl\u0259 inki\u015faf ets\u0259 d\u0259, bu, \u00f6z\u00fcn\u00fc Erm\u0259nistan\u0131n a\u011fas\u0131 sayan v\u0259 el\u0259 d\u0259 olan Rusiyan\u0131 q\u0131c\u0131qland\u0131rmay\u0131b. Ancaq Pa\u015finyan h\u0259min x\u0259tti davam etdir\u0259nd\u0259, Fransa il\u0259 parallel AB\u015e-a yax\u0131nla\u015fanda dostluq z\u0259rb\u0259 ald\u0131.<\/p>\n<p>Bir s\u00f6zl\u0259, biz Fransadan yax\u015f\u0131 he\u00e7 n\u0259 g\u00f6zl\u0259y\u0259 bilm\u0259rik. Vaxtil\u0259 Fransan\u0131n AT\u018fT-in Minsk qrupunun h\u0259ms\u0259dri olmas\u0131na raz\u0131l\u0131q verm\u0259k yanl\u0131\u015f h\u0259r\u0259k\u0259t olub, amma ind\u0259n bel\u0259 bu d\u00f6vl\u0259tin siyas\u0259t\u00e7i v\u0259 diplomatlar\u0131n\u0131n h\u0259r hans\u0131 vasit\u0259\u00e7ilik missiyas\u0131 yerin\u0259 yetirm\u0259sin\u0259 imkan verm\u0259k olmaz.<\/p>\n","protected":false},"excerpt":{"rendered":"<p>Son aylarda adama el\u0259 g\u0259lir ki, Az\u0259rbaycan d\u00f6vl\u0259ti v\u0259 Qaraba\u011f erm\u0259nil\u0259ri aras\u0131nda 35 ild\u0259n b\u0259ri davam ed\u0259n, \u00f6t\u0259n ay b\u00f6y\u00fck \u00f6l\u00e7\u00fcd\u0259 \u00f6z h\u0259llini tapan m\u00fcnaqi\u015f\u0259nin t\u0259r\u0259f-m\u00fcqabili n\u0259 Erm\u0259nistan d\u00f6vl\u0259ti, n\u0259 d\u0259 indiy\u0259d\u0259k z\u0259nn etdiyimiz kimi Rusiya deyil, Fransad\u0131r. Bu fikr\u0259 g\u0259lm\u0259y\u0259 bu d\u00f6vl\u0259tin siyasi r\u0259hb\u0259rliyinin, deputatlar\u0131n\u0131n, diplomatlar\u0131n\u0131n ard-arda verdikl\u0259ri a\u00e7\u0131qlamalar, tutduqlar\u0131 m\u00f6vqe, m\u0259s\u0259l\u0259ni beyn\u0259lxalq t\u0259\u015fkilatlar\u0131n g\u00fcnd\u0259liyin\u0259 qald\u0131rmaq t\u0259\u015f\u0259bb\u00fcsl\u0259ri \u0259sas verir. G\u00f6z \u00f6n\u00fcnd\u0259dir ki, Qaraba\u011fdan Rusiya \u0259l \u00e7\u0259kib, Erm\u0259nistan, dem\u0259k olar ki, imtina edib, amma Fransa dinc\u0259lmir ki, dinc\u0259lmir. Frans\u0131zlar\u0131n erm\u0259nil\u0259r\u0259 sevgisini bu q\u0259d\u0259r fenomenalla\u015fd\u0131ran, platonik ed\u0259n s\u0259b\u0259bl\u0259rd\u0259n b\u0259hs etm\u0259y\u0259k. Uzun&hellip;<\/p>\n","protected":false},"author":2,"featured_media":644826,"comment_status":"closed","ping_status":"closed","sticky":false,"template":"","format":"standard","meta":{"om_disable_all_campaigns":false,"_monsterinsights_skip_tracking":false,"_monsterinsights_sitenote_active":false,"_monsterinsights_sitenote_note":"","_monsterinsights_sitenote_category":0},"categories":[19],"tags":[],"aioseo_notices":[],"gutentor_comment":0,"rttpg_featured_image_url":{"full":["https:\/\/arantv.az\/wp-content\/uploads\/2023\/10\/b5ef035bb9d40303f5d564e065a269c5.jpg",778,407,false],"landscape":["https:\/\/arantv.az\/wp-content\/uploads\/2023\/10\/b5ef035bb9d40303f5d564e065a269c5.jpg",778,407,false],"portraits":["https:\/\/arantv.az\/wp-content\/uploads\/2023\/10\/b5ef035bb9d40303f5d564e065a269c5.jpg",778,407,false],"thumbnail":["https:\/\/arantv.az\/wp-content\/uploads\/2023\/10\/b5ef035bb9d40303f5d564e065a269c5-500x280.jpg",500,280,true],"medium":["https:\/\/arantv.az\/wp-content\/uploads\/2023\/10\/b5ef035bb9d40303f5d564e065a269c5-660x345.jpg",660,345,true],"large":["https:\/\/arantv.az\/wp-content\/uploads\/2023\/10\/b5ef035bb9d40303f5d564e065a269c5.jpg",640,335,false],"1536x1536":["https:\/\/arantv.az\/wp-content\/uploads\/2023\/10\/b5ef035bb9d40303f5d564e065a269c5.jpg",778,407,false],"2048x2048":["https:\/\/arantv.az\/wp-content\/uploads\/2023\/10\/b5ef035bb9d40303f5d564e065a269c5.jpg",778,407,false],"post-thumbnail":["https:\/\/arantv.az\/wp-content\/uploads\/2023\/10\/b5ef035bb9d40303f5d564e065a269c5-240x172.jpg",240,172,true],"advps-thumb-one":["https:\/\/arantv.az\/wp-content\/uploads\/2023\/10\/b5ef035bb9d40303f5d564e065a269c5.jpg",778,407,false]},"rttpg_author":{"display_name":"V\u00fcsal Rafiqo\u011flu","author_link":"https:\/\/arantv.az\/?author=2"},"rttpg_comment":0,"rttpg_category":"<a href=\"https:\/\/arantv.az\/?cat=19\" rel=\"category\">G\u00fcnd\u0259m<\/a>","rttpg_excerpt":"Son aylarda adama el\u0259 g\u0259lir ki, Az\u0259rbaycan d\u00f6vl\u0259ti v\u0259 Qaraba\u011f erm\u0259nil\u0259ri aras\u0131nda 35 ild\u0259n b\u0259ri davam ed\u0259n, \u00f6t\u0259n ay b\u00f6y\u00fck \u00f6l\u00e7\u00fcd\u0259 \u00f6z h\u0259llini tapan m\u00fcnaqi\u015f\u0259nin t\u0259r\u0259f-m\u00fcqabili n\u0259 Erm\u0259nistan d\u00f6vl\u0259ti, n\u0259 d\u0259 indiy\u0259d\u0259k z\u0259nn etdiyimiz kimi Rusiya deyil, Fransad\u0131r. Bu fikr\u0259 g\u0259lm\u0259y\u0259 bu d\u00f6vl\u0259tin siyasi r\u0259hb\u0259rliyinin, deputatlar\u0131n\u0131n, diplomatlar\u0131n\u0131n ard-arda verdikl\u0259ri a\u00e7\u0131qlamalar, tutduqlar\u0131 m\u00f6vqe, m\u0259s\u0259l\u0259ni beyn\u0259lxalq t\u0259\u015fkilatlar\u0131n&hellip;","_links":{"self":[{"href":"https:\/\/arantv.az\/index.php?rest_route=\/wp\/v2\/posts\/644824"}],"collection":[{"href":"https:\/\/arantv.az\/index.php?rest_route=\/wp\/v2\/posts"}],"about":[{"href":"https:\/\/arantv.az\/index.php?rest_route=\/wp\/v2\/types\/post"}],"author":[{"embeddable":true,"href":"https:\/\/arantv.az\/index.php?rest_route=\/wp\/v2\/users\/2"}],"replies":[{"embeddable":true,"href":"https:\/\/arantv.az\/index.php?rest_route=%2Fwp%2Fv2%2Fcomments&post=644824"}],"version-history":[{"count":0,"href":"https:\/\/arantv.az\/index.php?rest_route=\/wp\/v2\/posts\/644824\/revisions"}],"wp:featuredmedia":[{"embeddable":true,"href":"https:\/\/arantv.az\/index.php?rest_route=\/wp\/v2\/media\/644826"}],"wp:attachment":[{"href":"https:\/\/arantv.az\/index.php?rest_route=%2Fwp%2Fv2%2Fmedia&parent=644824"}],"wp:term":[{"taxonomy":"category","embeddable":true,"href":"https:\/\/arantv.az\/index.php?rest_route=%2Fwp%2Fv2%2Fcategories&post=644824"},{"taxonomy":"post_tag","embeddable":true,"href":"https:\/\/arantv.az\/index.php?rest_route=%2Fwp%2Fv2%2Ftags&post=644824"}],"curies":[{"name":"wp","href":"https:\/\/api.w.org\/{rel}","templated":true}]}}