{"id":644832,"date":"2023-10-13T09:37:19","date_gmt":"2023-10-13T05:37:19","guid":{"rendered":"https:\/\/arantv.az\/?p=644832"},"modified":"2023-10-13T09:37:19","modified_gmt":"2023-10-13T05:37:19","slug":"q%c9%99rbin-regiona-mudaxil%c9%99sini-onl%c9%99m%c9%99k-c%c9%99hdi-33-formati-alinacaqmi","status":"publish","type":"post","link":"https:\/\/arantv.az\/?p=644832","title":{"rendered":"Q\u0259rbin regiona m\u00fcdaxil\u0259sini \u00f6nl\u0259m\u0259k c\u0259hdi: \u201c3+3&#8243; format\u0131 al\u0131nacaqm\u0131?"},"content":{"rendered":"<h3><strong>Ekspert hesab edir ki, Rusiya-G\u00fcrc\u00fcstan m\u00fcnasib\u0259tl\u0259rinin d\u00fcz\u0259lm\u0259si y\u00f6n\u00fcnd\u0259 bu format\u0131n b\u00f6y\u00fck rolu ola bil\u0259r<\/strong><\/h3>\n<p><em>\u201cRegional m\u0259s\u0259l\u0259l\u0259rin \u201d3+3&#8243; format\u0131nda h\u0259ll edilm\u0259si vacibdir&#8221;. Az\u0259rbaycan Prezidenti \u0130lham \u018fliyev Rusiya Federasiyas\u0131 T\u0259hl\u00fck\u0259sizlik \u015euras\u0131n\u0131n katibini q\u0259bul ed\u0259rk\u0259n bel\u0259 deyib. D\u00f6vl\u0259timizin ba\u015f\u00e7\u0131s\u0131 regional m\u0259s\u0259l\u0259l\u0259rin \u201c3+3&#8243; format\u0131nda region \u00f6lk\u0259l\u0259rinin i\u015ftirak\u0131 il\u0259 h\u0259ll edilm\u0259sinin vacibliyini vur\u011fulay\u0131b, bu formatda m\u00fcvafiq s\u0259viyy\u0259l\u0259rd\u0259 g\u00f6r\u00fc\u015fl\u0259rin ke\u00e7irilm\u0259sini qeyd edib.<\/em><\/p>\n<p>\u201cBiz &#8220;3+3&#8243; format\u0131nda g\u00f6r\u00fc\u015fl\u0259ri davam etdirm\u0259y\u0259 haz\u0131r\u0131q&#8221;. Erm\u0259nistan\u0131n \u0130ctimai Televiziyas\u0131na m\u00fcsahib\u0259sind\u0259 ba\u015f naziri Nikol Pa\u015finyan bel\u0259 deyib: &#8220;&#8221;3+3&#8221; format\u0131na g\u0259linc\u0259, t\u0259sis y\u0131\u011f\u0131nca\u011f\u0131 ke\u00e7iril\u0259n zaman m\u00fc\u0259yy\u0259n prinsipl\u0259r raz\u0131la\u015fd\u0131r\u0131l\u0131b v\u0259 biz bu formatda i\u015fl\u0259m\u0259y\u0259 v\u0259 buna \u00f6n\u0259m verm\u0259y\u0259 haz\u0131r\u0131q. Bunun vacib olmas\u0131n\u0131n s\u0259b\u0259bi ondan ibar\u0259tdir ki, biz regional g\u00fcnd\u0259liyi tez-tez uzaq yerl\u0259rd\u0259 m\u00fczakir\u0259 edirik v\u0259 bu b\u00f6lg\u0259d\u0259 m\u00fczakir\u0259 etmirik. \u018flb\u0259tt\u0259, beyn\u0259lxalq ictimaiyy\u0259t v\u0259 t\u0259r\u0259fda\u015flar\u0131m\u0131z \u00e7ox \u00f6n\u0259mlidir, lakin bizim region \u00f6lk\u0259l\u0259rin\u0259 v\u0259 m\u00fcnasib\u0259tl\u0259rin\u0259 xor baxd\u0131\u011f\u0131m\u0131z t\u0259\u0259ss\u00fcrat\u0131 yaranmamal\u0131d\u0131r\u201d. Pa\u015finyan qeyd edib ki, Erm\u0259nistan m\u00fc\u0259yy\u0259n m\u00fczakir\u0259l\u0259rd\u0259n sonra Tehranda &#8220;3+3&#8221; format\u0131nda n\u00f6vb\u0259ti g\u00f6r\u00fc\u015f\u0259 haz\u0131rd\u0131r.<\/p>\n<p>Qeyd ed\u0259k ki, &#8220;3+3&#8221; format\u0131 V\u0259t\u0259n m\u00fcharib\u0259sinin ba\u015fa \u00e7atmas\u0131ndan az sonra T\u00fcrkiy\u0259 v\u0259 Az\u0259rbaycan liderl\u0259rinin t\u0259\u015f\u0259bb\u00fcs\u00fc il\u0259 yarad\u0131l\u0131b. Region d\u00f6vl\u0259tl\u0259ri aras\u0131nda s\u0131x \u0259laq\u0259l\u0259ri v\u0259 inteqrasiyan\u0131 n\u0259z\u0259rd\u0259 tutan &#8220;3+3&#8221; format\u0131n\u0131n bir t\u0259r\u0259fi T\u00fcrkiy\u0259, Rusiya v\u0259 \u0130ran, dig\u0259r t\u0259r\u0259fi is\u0259 Az\u0259rbaycan, G\u00fcrc\u00fcstan v\u0259 Erm\u0259nistand\u0131r. Bu formatda ilk g\u00f6r\u00fc\u015f 2021-ci il dekabr\u0131n 10-da Moskvada ke\u00e7irilib. Lakin G\u00fcrc\u00fcstan h\u0259min g\u00f6r\u00fc\u015fd\u0259 i\u015ftirak etm\u0259yib. G\u00fcrc\u00fcstan he\u00e7 c\u00fcr Moskva il\u0259 birg\u0259 bu platformada i\u015ftiraka raz\u0131l\u0131q verm\u0259k ist\u0259mir. G\u00fcrc\u00fc t\u0259r\u0259fi yax\u015f\u0131 ba\u015fa d\u00fc\u015f\u00fcr ki, regional platformalardan k\u0259narda qalmamal\u0131d\u0131r, ancaq ist\u0259yir ki, b\u00fct\u00fcn i\u015ftirak\u00e7\u0131 d\u00f6vl\u0259tl\u0259r ba\u015fqa \u00f6lk\u0259l\u0259rin \u0259razi b\u00fct\u00f6vl\u00fcy\u00fcn\u0259 v\u0259 suverenliyin\u0259 h\u00f6rm\u0259tl\u0259 yana\u015fs\u0131nlar. Maraql\u0131d\u0131r ki, Prezident \u018fliyevin son G\u00fcrc\u00fcstan s\u0259f\u0259rind\u0259 regional \u0259m\u0259kda\u015fl\u0131qla ba\u011fl\u0131 veril\u0259n mesajlarda konkret olaraq &#8220;3+3&#8221; format\u0131 haqda fikir bildirilm\u0259yib. Bu is\u0259 onu g\u00f6st\u0259rir ki, Tiflis Moskva il\u0259 bir masada oturma\u011fa haz\u0131r deyil.<\/p>\n<p><img loading=\"lazy\" src=\"https:\/\/pravda.az\/cdn\/2022\/august\/13\/azerbadamov.jpg\" alt=\"Az\u0259r Badamov: Separat\u00e7\u0131lar silahlar\u0131 yer\u0259 qoyaraq dialoq \u00fc\u00e7\u00fcn  yalvarmasalar, antiterror \u0259m\u0259liyyat\u0131 z\u0259ruri olacaq Pravda.az\" width=\"705\" height=\"429\" \/><\/p>\n<p><strong>Az\u0259r Badamov<\/strong><\/p>\n<p><strong>Deputat Az\u0259r Badamov regionda h\u0259lli vacib olan m\u0259s\u0259l\u0259l\u0259rin h\u0259l\u0259 \u00e7ox oldu\u011funu s\u00f6yl\u0259di:<\/strong>\u00a0\u201cRegional \u0259m\u0259kda\u015fl\u0131q s\u00fclh v\u0259 inki\u015faf g\u0259tirir. Ona g\u00f6r\u0259 d\u0259 regionun m\u0259s\u0259l\u0259l\u0259rini uzaqlarda m\u00fczakir\u0259 etm\u0259kd\u0259ns\u0259, m\u0259hz regionda h\u0259ll etm\u0259k daha do\u011fru olard\u0131. Bu bax\u0131mdan, regionda \u00f6z h\u0259llini g\u00f6zl\u0259y\u0259n \u00e7oxlu m\u0259s\u0259l\u0259l\u0259rin olmas\u0131 reall\u0131qd\u0131r.\u00a0 Regional inki\u015fafda yeni bir format\u0131n t\u0259\u015f\u0259bb\u00fcs\u00e7\u00fcl\u0259ri Az\u0259rbaycan v\u0259 T\u00fcrkiy\u0259dir. Bu format &#8220;3+3&#8221; adland\u0131rmaqla bura C\u0259nubi Qafqaz\u0131n \u00fc\u00e7 respublikas\u0131 il\u0259 yana\u015f\u0131 T\u00fcrkiy\u0259, Rusiya v\u0259 \u0130ran daxildir. Son vaxtlar bu formatda \u0259m\u0259kda\u015fl\u0131\u011f\u0131n davam etdirilm\u0259si il\u0259 ba\u011fl\u0131 region \u00f6lk\u0259l\u0259rind\u0259 tez-tez dan\u0131\u015f\u0131l\u0131r. H\u0259tta \u0130ran\u0131n prezidenti bu \u00f6lk\u0259d\u0259 s\u0259f\u0259rd\u0259 olan Erm\u0259nistan\u0131n T\u0259hl\u00fck\u0259sizlik \u015euras\u0131n\u0131n katibi il\u0259 g\u00f6r\u00fc\u015f\u00fcnd\u0259 d\u0259 &#8220;3+3&#8221; format\u0131nda \u0259m\u0259kda\u015fl\u0131\u011f\u0131n inki\u015faf etdirilm\u0259sinin vacibliyind\u0259n dan\u0131\u015f\u0131b. Bu g\u00fcn yaranan yeni d\u00fcnya nizam\u0131 yeni \u0259m\u0259kda\u015fl\u0131q formatlar\u0131 meydana g\u0259tirir. T\u0259klif olunmu\u015f &#8220;3+3&#8243; format\u0131 yeni d\u00fcnya nizam\u0131nda regionumuza daha xeyirli olaca\u011f\u0131n\u0131 hesab edir\u0259m&#8221;.<\/p>\n<p>Deputat bu \u0259m\u0259kda\u015fl\u0131\u011f\u0131 qa\u00e7\u0131lmaz say\u0131r: \u201c10 oktyabrda Prezident \u0130lham \u018fliyev Rusiya Federasiyas\u0131n\u0131n T\u0259hl\u00fck\u0259sizlik \u015euras\u0131n\u0131n katibi Nikolay Patru\u015fevi q\u0259bul ed\u0259n zaman da regional m\u0259s\u0259l\u0259l\u0259rin &#8220;3+3&#8221; format\u0131nda region \u00f6lk\u0259l\u0259rinin i\u015ftirak\u0131 il\u0259 h\u0259ll edilm\u0259sinin vacibliyini vur\u011fulad\u0131, bu formatda m\u00fcvafiq s\u0259viyy\u0259l\u0259rd\u0259 g\u00f6r\u00fc\u015fl\u0259rin ke\u00e7irilm\u0259sini qeyd etdi. Amma region \u00f6lk\u0259l\u0259ri aras\u0131nda fikir ayr\u0131l\u0131qlar\u0131 v\u0259 ziddiyy\u0259tl\u0259rin qalmas\u0131 bu format\u0131n i\u015fl\u0259k v\u0259ziyy\u0259t\u0259 d\u00fc\u015fm\u0259sin\u0259 mane olur. M\u0259s\u0259l\u0259n, Az\u0259rbaycanla Erm\u0259nistan aras\u0131nda s\u00fclh m\u00fcqavil\u0259sinin imzalanmamas\u0131 v\u0259 Rusiya il\u0259 G\u00fcrc\u00fcstan aras\u0131nda ziddiyy\u0259tli m\u0259s\u0259l\u0259l\u0259rin olmas\u0131 &#8220;3+3&#8221; format\u0131n\u0131n tez bir zamanda i\u015fl\u0259k v\u0259ziyy\u0259t\u0259 d\u00fc\u015fm\u0259sini \u0259ng\u0259ll\u0259yir. Amma ham\u0131 ba\u015fa d\u00fc\u015fm\u0259lidir ki, bu format\u0131n alternativi yoxdur. \u018fg\u0259r bizim taleyimiz\u0259, eyni regionda qon\u015fu olmaq yaz\u0131l\u0131bsa, aralar\u0131m\u0131zdak\u0131 ziddiyy\u0259tl\u0259r d\u0259 tez bir zamanda aradan qalxmal\u0131d\u0131r v\u0259 yeni bir d\u00f6vr\u0259 ba\u015flamaq zaman\u0131 g\u0259lib. B\u00fct\u00fcn bunlar\u0131 n\u0259z\u0259r\u0259 alaraq regional m\u0259s\u0259l\u0259l\u0259rin m\u00fczakir\u0259si v\u0259 \u0259m\u0259kda\u015fl\u0131\u011f\u0131n geni\u015fl\u0259ndirilm\u0259si \u00fc\u00e7\u00fcn &#8220;3+3&#8243; format\u0131nda \u0259m\u0259kda\u015fl\u0131q qa\u00e7\u0131lmazd\u0131r&#8221;.<\/p>\n<p><img src=\"https:\/\/azertag.az\/files\/2022\/3\/1200x630\/16638552634909724063_1200x630.jpg\" alt=\"El\u00e7in Mirz\u0259b\u0259yli: Az\u0259rbaycan b\u00f6lg\u0259y\u0259 davaml\u0131 s\u00fclh\u00fcn g\u0259lm\u0259si \u00fc\u00e7\u00fcn b\u00fct\u00fcn  m\u00fcmk\u00fcn imkanlardan istifad\u0259 edir - AZ\u018fRTAC\" \/><\/p>\n<p><strong>El\u00e7in Mirz\u0259b\u0259yli\u00a0<\/strong><\/p>\n<p><strong>BAXCP s\u0259drinin m\u00fcavini, siyasi \u015f\u0259rh\u00e7i El\u00e7in Mirz\u0259b\u0259yli hesab edir ki, Rusiya-G\u00fcrc\u00fcstan m\u00fcnasib\u0259tl\u0259rinin d\u00fcz\u0259lm\u0259si y\u00f6n\u00fcnd\u0259 bu format\u0131n b\u00f6y\u00fck rolu ola bil\u0259r:<\/strong>\u00a0&#8220;&#8221;3+3&#8221; format\u0131 Prezident \u0130lham \u018fliyevin 44 g\u00fcnl\u00fck m\u00fcharib\u0259d\u0259n sonra regionda v\u0259 d\u00fcnyada yaranm\u0131\u015f reall\u0131qlara uy\u011fun olaraq, Avrasiyan\u0131n \u0259n \u00f6n\u0259mli, strateji enerji v\u0259 n\u0259qliyyat d\u0259hlizl\u0259rinin ke\u00e7diyi bir co\u011frafiyada davaml\u0131 s\u00fclh\u00fcn, t\u0259hl\u00fck\u0259sizliyin, iqtisadi f\u0259all\u0131\u011f\u0131n t\u0259min edilm\u0259si, qar\u015f\u0131l\u0131ql\u0131 etimadl\u0131 m\u00fcnasib\u0259tl\u0259rin formala\u015fd\u0131r\u0131lmas\u0131 m\u0259qs\u0259dil\u0259 ir\u0259li s\u00fcrd\u00fcy\u00fc, \u00d6n Asiyan\u0131n g\u0259l\u0259c\u0259yi \u00fc\u00e7\u00fcn h\u0259yati \u0259h\u0259miyy\u0259t k\u0259sb ed\u0259n bir t\u0259\u015f\u0259bb\u00fcsd\u00fcr. T\u0259\u0259ss\u00fcf ki, t\u0259\u015f\u0259bb\u00fcs\u00fcn ir\u0259li s\u00fcr\u00fcld\u00fcy\u00fc zaman k\u0259siyind\u0259n bu yana s\u00f6z\u00fcged\u0259n konfiqurasiyan\u0131n t\u0259rkib hiss\u0259si olmaqdan b\u0259lli s\u0259b\u0259bl\u0259rd\u0259n yay\u0131nan G\u00fcrc\u00fcstanla yana\u015f\u0131, Erm\u0259nistan da &#8220;3+3&#8221; format\u0131n\u0131n ger\u00e7\u0259kl\u0259\u015fm\u0259m\u0259si \u00fc\u00e7\u00fcn dolay\u0131s\u0131yla t\u0259xribatlar\u0131n\u0131 davam etdirib. \u0130ndiki \u015f\u0259raitd\u0259 d\u0259 \u0130r\u0259van\u0131n s\u00f6z\u00fcged\u0259n formatla ba\u011fl\u0131 nisb\u0259t\u0259n pozitiv a\u00e7\u0131qlamalar verm\u0259sinin \u0259sas s\u0259b\u0259bi Erm\u0259nistan\u0131n b\u00f6lg\u0259y\u0259 xarici g\u00fccl\u0259rin c\u0259lb edilm\u0259si istiqam\u0259tind\u0259 atd\u0131\u011f\u0131 add\u0131mlar\u0131 kompensasiya etm\u0259kd\u0259n v\u0259 manevr imkanlar\u0131n\u0131 geni\u015fl\u0259ndirm\u0259kd\u0259n ibar\u0259tdir. Q\u0259na\u0259tim\u0259 g\u00f6r\u0259, G\u00fcrc\u00fcstan\u0131n bu prosesd\u0259 i\u015ftirak\u0131 olduqca vacib amill\u0259rd\u0259n biridir. R\u0259smi Tiflis \u0259razil\u0259rinin ilhaq\u0131 il\u0259 ba\u011fl\u0131 haql\u0131 m\u00f6vqe s\u0259rgil\u0259s\u0259 d\u0259, G\u00fcrc\u00fcstan\u0131n bu prosesd\u0259 i\u015ftirak\u0131 g\u0259l\u0259c\u0259kd\u0259 onun \u0259razi b\u00fct\u00f6vl\u00fcy\u00fcn\u00fcn t\u0259min edilm\u0259sin\u0259 t\u00f6hf\u0259 d\u0259 ver\u0259 bil\u0259r. Qeyd edim ki, \u00f6t\u0259n il G\u00fcrc\u00fcstanla Rusiya aras\u0131ndak\u0131 ticar\u0259t d\u00f6vriyy\u0259si 2 milyard 636 milyon AB\u015e dollar\u0131 t\u0259\u015fkil edib. Bu g\u00f6st\u0259ricil\u0259r\u0259 g\u00f6r\u0259, Rusiya G\u00fcrc\u00fcstan\u0131n \u0259sas ticar\u0259t t\u0259r\u0259fda\u015f\u0131d\u0131r. Bu ilin son s\u0259kkiz ay\u0131n\u0131n n\u0259tic\u0259l\u0259rin\u0259 g\u00f6r\u0259 is\u0259 iki \u00f6lk\u0259 aras\u0131ndak\u0131 ticar\u0259t d\u00f6vriyy\u0259si 1,7 milyard dollard\u0131r v\u0259 bu, \u00f6t\u0259n ilin yanvar-sentyabr aylar\u0131 il\u0259 m\u00fcqayis\u0259d\u0259 15% \u00e7oxdur. Bu, t\u0259r\u0259fda\u015fl\u0131\u011f\u0131n \u0259n vacib elementini \u0259ks etdir\u0259n g\u00f6st\u0259ricil\u0259rd\u0259n sonra Rusiyan\u0131n i\u015ftirak etdiyi formatdan \u201c\u0259razi b\u00fct\u00f6vl\u00fcy\u00fc\u201d amilini \u0259sas g\u00f6t\u00fcr\u0259r\u0259k yay\u0131nmaq bir q\u0259d\u0259r qeyri-ciddi t\u0259sir ba\u011f\u0131\u015flay\u0131r. \u018frazi b\u00fct\u00f6vl\u00fcy\u00fc faktoruna g\u00f6r\u0259 bir d\u00f6vl\u0259tin nec\u0259 davran\u0131\u015f s\u0259rgil\u0259m\u0259li oldu\u011funu Az\u0259rbaycan torpaqlar\u0131n\u0131n i\u015f\u011fal alt\u0131nda oldu\u011fu zaman k\u0259siyind\u0259 n\u00fcmayi\u015f etdirib v\u0259 Erm\u0259nistanla b\u00fct\u00fcn m\u00fcnasib\u0259tl\u0259rini k\u0259sm\u0259kl\u0259 yana\u015f\u0131, i\u015f\u011fal\u00e7\u0131n\u0131n regional layih\u0259l\u0259rd\u0259n k\u0259narda qalmas\u0131 \u00fc\u00e7\u00fcn haql\u0131 olaraq, b\u00fct\u00fcn m\u00fcmk\u00fcn vasit\u0259l\u0259rd\u0259n istifad\u0259 edib v\u0259 buna nail olub. Hesab edir\u0259m ki, G\u00fcrc\u00fcstan\u0131n &#8220;3+3&#8221; format\u0131 \u00e7\u0259r\u00e7iv\u0259sind\u0259 Rusiya il\u0259 m\u00fcnasib\u0259tl\u0259ri t\u0259nziml\u0259m\u0259k imkan\u0131 yarana bil\u0259r v\u0259 qar\u015f\u0131l\u0131ql\u0131, etimadl\u0131 m\u00fcnasib\u0259tl\u0259rin formala\u015faca\u011f\u0131 t\u0259qdird\u0259 bu, qon\u015fu \u00f6lk\u0259nin \u0259razi b\u00fct\u00f6vl\u00fcy\u00fc il\u0259 ba\u011fl\u0131 probleml\u0259rin h\u0259lli istiqam\u0259tind\u0259 \u0259lveri\u015fli z\u0259min yarada bil\u0259r. &#8220;3+3&#8243; format\u0131n\u0131n f\u0259ls\u0259f\u0259si \u00e7ox ayd\u0131n v\u0259 a\u00e7\u0131qd\u0131r. Regionun probleml\u0259ri b\u00f6lg\u0259 d\u00f6vl\u0259tl\u0259ri aras\u0131nda, dialoq v\u0259 \u0259m\u0259kda\u015fl\u0131q yolu il\u0259 h\u0259ll olunmal\u0131d\u0131r. \u0130ndiki \u015f\u0259raitd\u0259 s\u00f6z\u00fcged\u0259n format regional \u0259m\u0259kda\u015fl\u0131q \u00fc\u00e7\u00fcn \u0259n ideal v\u0259 balansl\u0131 platformad\u0131r&#8221;.<\/p>\n","protected":false},"excerpt":{"rendered":"<p>Ekspert hesab edir ki, Rusiya-G\u00fcrc\u00fcstan m\u00fcnasib\u0259tl\u0259rinin d\u00fcz\u0259lm\u0259si y\u00f6n\u00fcnd\u0259 bu format\u0131n b\u00f6y\u00fck rolu ola bil\u0259r \u201cRegional m\u0259s\u0259l\u0259l\u0259rin \u201d3+3&#8243; format\u0131nda h\u0259ll edilm\u0259si vacibdir&#8221;. Az\u0259rbaycan Prezidenti \u0130lham \u018fliyev Rusiya Federasiyas\u0131 T\u0259hl\u00fck\u0259sizlik \u015euras\u0131n\u0131n katibini q\u0259bul ed\u0259rk\u0259n bel\u0259 deyib. D\u00f6vl\u0259timizin ba\u015f\u00e7\u0131s\u0131 regional m\u0259s\u0259l\u0259l\u0259rin \u201c3+3&#8243; format\u0131nda region \u00f6lk\u0259l\u0259rinin i\u015ftirak\u0131 il\u0259 h\u0259ll edilm\u0259sinin vacibliyini vur\u011fulay\u0131b, bu formatda m\u00fcvafiq s\u0259viyy\u0259l\u0259rd\u0259 g\u00f6r\u00fc\u015fl\u0259rin ke\u00e7irilm\u0259sini qeyd edib. \u201cBiz &#8220;3+3&#8243; format\u0131nda g\u00f6r\u00fc\u015fl\u0259ri davam etdirm\u0259y\u0259 haz\u0131r\u0131q&#8221;. Erm\u0259nistan\u0131n \u0130ctimai Televiziyas\u0131na m\u00fcsahib\u0259sind\u0259 ba\u015f naziri Nikol Pa\u015finyan bel\u0259 deyib: &#8220;&#8221;3+3&#8221; format\u0131na g\u0259linc\u0259, t\u0259sis y\u0131\u011f\u0131nca\u011f\u0131 ke\u00e7iril\u0259n zaman m\u00fc\u0259yy\u0259n prinsipl\u0259r raz\u0131la\u015fd\u0131r\u0131l\u0131b v\u0259 biz bu formatda i\u015fl\u0259m\u0259y\u0259 v\u0259 buna&hellip;<\/p>\n","protected":false},"author":2,"featured_media":644834,"comment_status":"closed","ping_status":"closed","sticky":false,"template":"","format":"standard","meta":{"om_disable_all_campaigns":false,"_monsterinsights_skip_tracking":false,"_monsterinsights_sitenote_active":false,"_monsterinsights_sitenote_note":"","_monsterinsights_sitenote_category":0},"categories":[4],"tags":[],"aioseo_notices":[],"gutentor_comment":0,"rttpg_featured_image_url":{"full":["https:\/\/arantv.az\/wp-content\/uploads\/2023\/10\/d42f7cd40da5dfd7a654e577164d32a2.jpg",734,436,false],"landscape":["https:\/\/arantv.az\/wp-content\/uploads\/2023\/10\/d42f7cd40da5dfd7a654e577164d32a2.jpg",734,436,false],"portraits":["https:\/\/arantv.az\/wp-content\/uploads\/2023\/10\/d42f7cd40da5dfd7a654e577164d32a2.jpg",734,436,false],"thumbnail":["https:\/\/arantv.az\/wp-content\/uploads\/2023\/10\/d42f7cd40da5dfd7a654e577164d32a2-500x280.jpg",500,280,true],"medium":["https:\/\/arantv.az\/wp-content\/uploads\/2023\/10\/d42f7cd40da5dfd7a654e577164d32a2-614x365.jpg",614,365,true],"large":["https:\/\/arantv.az\/wp-content\/uploads\/2023\/10\/d42f7cd40da5dfd7a654e577164d32a2.jpg",640,380,false],"1536x1536":["https:\/\/arantv.az\/wp-content\/uploads\/2023\/10\/d42f7cd40da5dfd7a654e577164d32a2.jpg",734,436,false],"2048x2048":["https:\/\/arantv.az\/wp-content\/uploads\/2023\/10\/d42f7cd40da5dfd7a654e577164d32a2.jpg",734,436,false],"post-thumbnail":["https:\/\/arantv.az\/wp-content\/uploads\/2023\/10\/d42f7cd40da5dfd7a654e577164d32a2-240x172.jpg",240,172,true],"advps-thumb-one":["https:\/\/arantv.az\/wp-content\/uploads\/2023\/10\/d42f7cd40da5dfd7a654e577164d32a2.jpg",734,436,false]},"rttpg_author":{"display_name":"V\u00fcsal Rafiqo\u011flu","author_link":"https:\/\/arantv.az\/?author=2"},"rttpg_comment":0,"rttpg_category":"<a href=\"https:\/\/arantv.az\/?cat=4\" rel=\"category\">Siyas\u0259t<\/a>","rttpg_excerpt":"Ekspert hesab edir ki, Rusiya-G\u00fcrc\u00fcstan m\u00fcnasib\u0259tl\u0259rinin d\u00fcz\u0259lm\u0259si y\u00f6n\u00fcnd\u0259 bu format\u0131n b\u00f6y\u00fck rolu ola bil\u0259r \u201cRegional m\u0259s\u0259l\u0259l\u0259rin \u201d3+3&#8243; format\u0131nda h\u0259ll edilm\u0259si vacibdir&#8221;. Az\u0259rbaycan Prezidenti \u0130lham \u018fliyev Rusiya Federasiyas\u0131 T\u0259hl\u00fck\u0259sizlik \u015euras\u0131n\u0131n katibini q\u0259bul ed\u0259rk\u0259n bel\u0259 deyib. D\u00f6vl\u0259timizin ba\u015f\u00e7\u0131s\u0131 regional m\u0259s\u0259l\u0259l\u0259rin \u201c3+3&#8243; format\u0131nda region \u00f6lk\u0259l\u0259rinin i\u015ftirak\u0131 il\u0259 h\u0259ll edilm\u0259sinin vacibliyini vur\u011fulay\u0131b, bu formatda m\u00fcvafiq s\u0259viyy\u0259l\u0259rd\u0259 g\u00f6r\u00fc\u015fl\u0259rin ke\u00e7irilm\u0259sini qeyd&hellip;","_links":{"self":[{"href":"https:\/\/arantv.az\/index.php?rest_route=\/wp\/v2\/posts\/644832"}],"collection":[{"href":"https:\/\/arantv.az\/index.php?rest_route=\/wp\/v2\/posts"}],"about":[{"href":"https:\/\/arantv.az\/index.php?rest_route=\/wp\/v2\/types\/post"}],"author":[{"embeddable":true,"href":"https:\/\/arantv.az\/index.php?rest_route=\/wp\/v2\/users\/2"}],"replies":[{"embeddable":true,"href":"https:\/\/arantv.az\/index.php?rest_route=%2Fwp%2Fv2%2Fcomments&post=644832"}],"version-history":[{"count":0,"href":"https:\/\/arantv.az\/index.php?rest_route=\/wp\/v2\/posts\/644832\/revisions"}],"wp:featuredmedia":[{"embeddable":true,"href":"https:\/\/arantv.az\/index.php?rest_route=\/wp\/v2\/media\/644834"}],"wp:attachment":[{"href":"https:\/\/arantv.az\/index.php?rest_route=%2Fwp%2Fv2%2Fmedia&parent=644832"}],"wp:term":[{"taxonomy":"category","embeddable":true,"href":"https:\/\/arantv.az\/index.php?rest_route=%2Fwp%2Fv2%2Fcategories&post=644832"},{"taxonomy":"post_tag","embeddable":true,"href":"https:\/\/arantv.az\/index.php?rest_route=%2Fwp%2Fv2%2Ftags&post=644832"}],"curies":[{"name":"wp","href":"https:\/\/api.w.org\/{rel}","templated":true}]}}