{"id":644838,"date":"2023-10-13T09:38:35","date_gmt":"2023-10-13T05:38:35","guid":{"rendered":"https:\/\/arantv.az\/?p=644838"},"modified":"2023-10-13T09:38:35","modified_gmt":"2023-10-13T05:38:35","slug":"milli-m%c9%99clisd%c9%99-muzakir%c9%99-v%c9%99-b%c9%99yanat","status":"publish","type":"post","link":"https:\/\/arantv.az\/?p=644838","title":{"rendered":"Milli M\u0259clisd\u0259 m\u00fczakir\u0259 v\u0259 b\u0259yanat"},"content":{"rendered":"<h3><strong>\u0130lham \u018fliyevin Az\u0259rbaycan Prezidenti se\u00e7ilm\u0259sinin 20-ci ild\u00f6n\u00fcm\u00fc il\u0259 \u0259laq\u0259dar m\u00fczakir\u0259l\u0259rd\u0259 ilginc t\u0259klifl\u0259r<\/strong><\/h3>\n<p><em>12 oktyabrda Milli M\u0259clisin x\u00fcsusi iclas\u0131 ke\u00e7irildi. Spiker Sahib\u0259 Qafarova giri\u015f nitqi il\u0259 \u00e7\u0131x\u0131\u015f ed\u0259r\u0259k bildirdi ki, iclas\u0131n g\u00fcnd\u0259liyind\u0259 bir m\u0259s\u0259l\u0259 var: \u0130lham Heyd\u0259r o\u011flu \u018fliyevin Az\u0259rbaycan Respublikas\u0131n\u0131n Prezidenti se\u00e7ilm\u0259sinin 20-ci ild\u00f6n\u00fcm\u00fc il\u0259 \u0259laq\u0259dar Az\u0259rbaycan Respublikas\u0131 Milli M\u0259clisinin b\u0259yanat\u0131n\u0131n q\u0259bulu.<\/em><\/p>\n<p>Parlament s\u0259dri \u00e7\u0131x\u0131\u015f\u0131nda Prezident \u0130lham \u018fliyevin 20 illik f\u0259aliyy\u0259tind\u0259n, tarixi u\u011furlar\u0131ndan dan\u0131\u015fd\u0131: \u201cAz\u0259rbaycan Respublikas\u0131n\u0131n Prezidenti c\u0259nab \u0130lham \u018fliyev V\u0259t\u0259nimizin bu g\u00fcn\u00fc v\u0259 sabah\u0131 namin\u0259 h\u0259yata ke\u00e7irdiyi m\u00f6ht\u0259\u015f\u0259m i\u015fl\u0259rl\u0259 xalq\u0131m\u0131z\u0131n d\u0259rin h\u00f6rm\u0259t v\u0259 m\u0259h\u0259bb\u0259tini qazanm\u0131\u015fd\u0131r. Son iyirmi il Az\u0259rbaycan\u0131n d\u00f6vl\u0259t\u00e7ilik tarixin\u0259 dinamik v\u0259 h\u0259rt\u0259r\u0259fli inki\u015faf d\u00f6vr\u00fc kimi daxil olmu\u015fdur. \u00d6lk\u0259 h\u0259yat\u0131n\u0131n b\u00fct\u00fcn sah\u0259l\u0259rind\u0259 b\u00f6y\u00fck u\u011furlar, misilsiz v\u0259 q\u00fcrurverici q\u0259l\u0259b\u0259l\u0259r \u0259ld\u0259 edilmi\u015fdir. Az\u0259rbaycan\u0131n z\u0259ngin iqtisadi, siyasi v\u0259 h\u0259rbi potensial\u0131 yarad\u0131lm\u0131\u015fd\u0131r. B\u00fct\u00fcn bu nailiyy\u0259tl\u0259rin t\u0259m\u0259lind\u0259 Ulu \u00f6nd\u0259r Heyd\u0259r \u018fliyevin ba\u015flad\u0131\u011f\u0131 v\u0259 m\u00f6ht\u0259r\u0259m Prezident \u0130lham \u018fliyevin inamla davam etdirdiyi uzaqg\u00f6r\u0259n daxili v\u0259 xarici siyas\u0259t x\u0259tti dayan\u0131r\u201d.<\/p>\n<p>S\u0259dr qeyd etdi ki, Prezident \u0130lham \u018fliyevin h\u0259rbi quruculuq siyas\u0259ti n\u0259tic\u0259sind\u0259 m\u00fcasir d\u00f6vr\u00fcn \u0259n y\u00fcks\u0259k standartlar\u0131na cavab ver\u0259n silahl\u0131 q\u00fcvv\u0259l\u0259r yarad\u0131l\u0131b: \u201cQaraba\u011f\u0131 v\u0259 \u015e\u0259rqi Z\u0259ng\u0259zuru he\u00e7 vaxt g\u00f6rm\u0259y\u0259n, ancaq do\u011fma torpaq yolunda can\u0131ndan ke\u00e7m\u0259y\u0259 haz\u0131r olan g\u0259nc n\u0259sil yeti\u015fdirilmi\u015fdir. Bu is\u0259 xalq\u0131m\u0131z\u0131n v\u0259 d\u00f6vl\u0259timizin m\u00fcq\u0259dd\u0259rat\u0131 il\u0259 ba\u011fl\u0131 olan \u0259n m\u00fch\u00fcm problemi h\u0259ll etm\u0259y\u0259 imkan vermi\u015fdir. M\u00fcz\u0259ff\u0259r Ali Ba\u015f Komandan \u0130lham \u018fliyevin y\u00fcks\u0259k s\u0259rk\u0259rd\u0259lik m\u0259har\u0259ti v\u0259 Az\u0259rbaycan Silahl\u0131 Q\u00fcvv\u0259l\u0259rinin d\u00f6y\u00fc\u015f \u0259zmi v\u0259 r\u0259\u015fad\u0259ti, y\u00fcks\u0259k h\u0259rbi-texniki v\u0259 m\u0259n\u0259vi-psixoloji haz\u0131rl\u0131\u011f\u0131 44 g\u00fcnl\u00fck V\u0259t\u0259n m\u00fcharib\u0259sind\u0259 tarixi q\u0259l\u0259b\u0259ni t\u0259min etmi\u015fdir. 30 il\u0259 yax\u0131n Erm\u0259nistan\u0131n i\u015f\u011fal\u0131 alt\u0131nda qalan Az\u0259rbaycan torpaqlar\u0131 azad edilmi\u015f v\u0259 Ulu \u00f6nd\u0259r Heyd\u0259r \u018fliyev t\u0259r\u0259find\u0259n ba\u015flad\u0131lm\u0131\u015f tarixi missiya layiqinc\u0259 sona \u00e7atd\u0131r\u0131lm\u0131\u015fd\u0131r. D\u00fcnya miqyas\u0131nda az sayda lider\u0259 n\u0259sib olan m\u00f6ht\u0259\u015f\u0259m Z\u0259f\u0259r\u0259 imza atmaqla c\u0259nab \u0130lham \u018fliyev \u00f6z ad\u0131n\u0131 Az\u0259rbaycan tarixin\u0259 \u0259b\u0259di h\u0259kk etmi\u015fdir. H\u00f6rm\u0259tli h\u0259mkarlar! Az\u0259rbaycan d\u00f6vl\u0259tin\u0259 qar\u015f\u0131 t\u0259hdidl\u0259r\u0259 son qoymaq \u00fc\u00e7\u00fcn Ali Ba\u015f Komandan\u0131n r\u0259hb\u0259rliyi il\u0259 bu il sentyabr\u0131n 19-20-d\u0259 Qaraba\u011fda h\u0259yata ke\u00e7iril\u0259n lokal antiterror t\u0259dbirl\u0259ri h\u0259rb tariximizin yeni \u015fanl\u0131 s\u0259hif\u0259sini t\u0259\u015fkil etmi\u015fdir. Az\u0259rbaycan \u0259razisind\u0259 qanunsuz qalan Erm\u0259nistan silahl\u0131 birl\u0259\u015fm\u0259l\u0259ri v\u0259 terror\u00e7u qruplar darmada\u011f\u0131n edilmi\u015f, Erm\u0259nistan\u0131n d\u0259st\u0259yi il\u0259 yarad\u0131lan kriminal xunta rejiminin f\u0259aliyy\u0259tin\u0259 son qoyulmu\u015fdur. Bu g\u00fcn biz q\u00fcrurla s\u00f6yl\u0259yirik ki, Az\u0259rbaycan Prezidentinin siyasi irad\u0259si v\u0259 q\u0259tiyy\u0259ti say\u0259sind\u0259 Az\u0259rbaycan\u0131n suverenliyi onun b\u00fct\u00fcn \u0259razisind\u0259 b\u0259rpa edilmi\u015fdir\u201d. Prezident\u0259 tarixi missiyas\u0131n\u0131 h\u0259yata ke\u00e7irm\u0259kd\u0259 yeni b\u00f6y\u00fck u\u011furlar arzulayan S.Qafarova sonda bildirdi: \u201c\u018fmin etm\u0259k ist\u0259yirik ki, c\u0259nab \u0130lham \u018fliyevin bu missiyas\u0131n\u0131 qanunvericilik f\u0259aliyy\u0259ti sah\u0259sind\u0259 d\u0259st\u0259kl\u0259m\u0259k \u00fc\u00e7\u00fcn Milli M\u0259clis \u00f6hd\u0259sin\u0259 d\u00fc\u015f\u0259n v\u0259zif\u0259l\u0259ri bundan sonra da layiqinc\u0259 yerin\u0259 yetir\u0259c\u0259k\u201d.<\/p>\n<p>Spikerin \u00e7\u0131x\u0131\u015f\u0131ndan sonra Prezident \u0130lham \u018fliyevin 20 illik f\u0259aliyy\u0259ti il\u0259 ba\u011fl\u0131 vide\u00e7arx n\u00fcmayi\u015f etdirildi.<\/p>\n<p>Bunun ard\u0131nca deputatlar\u0131n \u00e7\u0131x\u0131\u015flar\u0131 ba\u015flad\u0131.<\/p>\n<p>\u201cAz\u0259rbaycan Respublikas\u0131n\u0131n prezidenti kimi f\u0259aliyy\u0259tinin 20-ci ild\u00f6n\u00fcm\u00fcn\u00fc qeyd etdiyimiz \u0130lham \u018fliyevin uzun ill\u0259r m\u00fc\u015fahid\u0259 etdiyim b\u0259zi m\u0259ziyy\u0259tl\u0259ri bar\u0259d\u0259 1987-ci ild\u0259n siyas\u0259td\u0259 olan \u015f\u0259xs kimi m\u0259n d\u0259 b\u0259zi fikirl\u0259rimi dem\u0259k ist\u0259yir\u0259m. O, Allah\u0131n se\u00e7dikl\u0259rind\u0259n v\u0259 sevdikl\u0259rind\u0259ndir. Yaln\u0131z Allah\u0131n k\u00f6m\u0259yi il\u0259 bug\u00fcnk\u00fc u\u011furlara imza atmaq olar\u201d.<\/p>\n<p><strong>Bunu deputat, Milli M\u0259clisin h\u00fcquq siyas\u0259ti v\u0259 d\u00f6vl\u0259t quruclu\u011fu komit\u0259sinin s\u0259dr m\u00fcavini Q\u00fcdr\u0259t H\u0259s\u0259nquliyev parlamentin x\u00fcsusi iclas\u0131nda s\u00f6yl\u0259di. O bildirdi ki, \u0130lham \u018fliyevin siyas\u0259t\u00e7i kimi \u0259n \u00fcst\u00fcn x\u00fcsusiyy\u0259ti insanlarla \u00fcnsiyy\u0259t qurmaq, onlar\u0131n etibar\u0131n\u0131 qazanmaq bacar\u0131\u011f\u0131d\u0131r:<\/strong>\u00a0\u201cM\u0259hz bunun n\u0259tic\u0259sind\u0259 o, d\u00fcnyan\u0131n bir \u00e7ox liderl\u0259rini, Az\u0259rbaycan\u0131n dostu v\u0259 m\u00fctt\u0259fiqi edib, s\u00f6z\u00fcn\u00fc tutan siyas\u0259t\u00e7i kimi \u00f6lk\u0259miz\u0259 etibarl\u0131 t\u0259r\u0259fda\u015f imici qazand\u0131r\u0131b. Geosiyasi v\u0259ziyy\u0259ti d\u00fczg\u00fcn qiym\u0259tl\u0259ndirm\u0259k, \u00f6lk\u0259mizin \u0259lveri\u015fli co\u011frafi m\u00f6vqeyind\u0259n s\u0259m\u0259r\u0259li istifad\u0259 etm\u0259k qabiliyy\u0259ti ona \u00f6lk\u0259miz \u00fc\u00e7\u00fcn h\u0259yati \u0259h\u0259miyy\u0259t k\u0259sb ed\u0259n bir \u00e7ox transmilli layih\u0259l\u0259ri h\u0259yata ke\u00e7irm\u0259k imkan\u0131 verib, Az\u0259rbaycan \u015fimal-c\u0259nub, \u015f\u0259rq-q\u0259rb n\u0259qliyyat x\u0259tl\u0259rinin ke\u00e7diyi qov\u015fa\u011fa \u00e7evrilib. Onun T\u00fcrk d\u00f6vl\u0259tl\u0259rinin birliyinin yaranmas\u0131ndak\u0131 x\u00fcsusi rolunu, xidm\u0259tl\u0259rini d\u0259 qeyd etm\u0259k ist\u0259yir\u0259m. \u0130nan\u0131ram ki, \u0130lham \u018fliyev daxili siyas\u0259t\u0259 k\u0259nar t\u0259sirl\u0259rin m\u00f6vcudlu\u011funu v\u0259 xalq\u0131m\u0131z\u0131n sosial inki\u015faf indeksini, demokratik v\u0259rdi\u015fl\u0259rin inki\u015faf s\u0259viyy\u0259sini n\u0259z\u0259r\u0259 alaraq, \u00f6lk\u0259mizi, onun varl\u0131\u011f\u0131n\u0131 \u015f\u00fcbh\u0259 alt\u0131na ala bil\u0259c\u0259k siyasi t\u0259lat\u00fcml\u0259rd\u0259n qorumaq \u00fc\u00e7\u00fcn aya\u011f\u0131n\u0131 \u0259yl\u0259c\u0259 qoyub b\u0259zi prosesl\u0259ri l\u0259ngitm\u0259kl\u0259, s\u0259brl\u0259 geni\u015f islahatlar \u00fc\u00e7\u00fcn \u0259lveri\u015fli regional, geosiyasi v\u0259ziyy\u0259tin yaranmas\u0131n\u0131 g\u00f6zl\u0259m\u0259kd\u0259dir. \u0130n\u015fallah, Uca Tanr\u0131 h\u0259m ona, h\u0259m bizl\u0259r\u0259 h\u0259min islahatlar\u0131n h\u0259yata ke\u00e7irilm\u0259sind\u0259 i\u015ftirak\u00e7\u0131 olma\u011f\u0131 da n\u0259sib ed\u0259r. \u0130lham \u018fliyevin xarici siyas\u0259td\u0259 \u00e7evik, c\u0259sar\u0259tli, vaxt\u0131nda m\u00fcdrik q\u0259rarlar q\u0259bul etm\u0259k qabiliyy\u0259ti h\u0259r k\u0259si Az\u0259rbaycan\u0131n qanuni maraqlar\u0131n\u0131 n\u0259z\u0259r\u0259 alma\u011fa m\u0259cbur edib. Bu keyfiyy\u0259tl\u0259ri il\u0259 o, Az\u0259rbaycan Silahl\u0131 Q\u00fcvv\u0259l\u0259rinin d\u00fc\u015fm\u0259nl\u0259 t\u0259kb\u0259t\u0259k qalmas\u0131n\u0131 v\u0259 torpaqlar\u0131m\u0131z\u0131n i\u015f\u011faldan azad olunmas\u0131n\u0131 t\u0259min ed\u0259n m\u00f6ht\u0259\u015f\u0259m q\u0259l\u0259b\u0259mizi t\u0259min etdi. Onun 20 illik f\u0259aliyy\u0259tinin n\u0259tic\u0259si i\u015f\u011faldan azad edilmi\u015f Qaraba\u011f, region \u00fc\u00e7\u00fcn yarad\u0131lm\u0131\u015f s\u00fclh v\u0259 \u0259m\u0259kda\u015fl\u0131q imkanlar\u0131d\u0131r\u201d.<\/p>\n<p><strong>Q.H\u0259s\u0259nquliyev yekunda t\u0259klifl\u0259rini s\u0259sl\u0259ndirdi:<\/strong>\u00a0\u201cBiz h\u00f6kum\u0259t \u00fc\u00e7\u00fcn icras\u0131 m\u0259cburi olan q\u0259rarlar q\u0259bul ed\u0259 bilm\u0259rik. Amma q\u0259l\u0259b\u0259mizin \u0259sas m\u00fc\u0259llifi kimi \u0130lham \u018fliyevin ad\u0131n\u0131n \u0259b\u0259dil\u0259\u015fdirilm\u0259si haqq\u0131nda qanun q\u0259bul ed\u0259 bil\u0259rik. H\u0259min qanunda Xank\u0259ndid\u0259 onun ad\u0131n\u0131 da\u015f\u0131yacaq m\u00f6ht\u0259\u015f\u0259m bir m\u0259scidin &#8211; \u0259vv\u0259ll\u0259r t\u0259klif etmi\u015fdim ki, bel\u0259 bir m\u0259scid \u015eu\u015fa \u015f\u0259h\u0259rind\u0259 tikilsin &#8211; Qaraba\u011fda is\u0259 yeni bir \u015f\u0259h\u0259rin sal\u0131nmas\u0131 da n\u0259z\u0259rd\u0259 tutula bil\u0259r\u201d.<\/p>\n<p>Deputat Razi Nurullayev \u0130.\u018fliyevin t\u0259cr\u00fcb\u0259sind\u0259n b\u0259hr\u0259l\u0259nm\u0259yi t\u0259klif etdi: \u201cAllah \u015fahiddir ki, bunu b\u00fct\u00fcn s\u0259mimiyy\u0259timl\u0259 deyir\u0259m. Ona g\u00f6r\u0259 d\u0259 bu siyas\u0259ti, diplomatiyan\u0131, regionda v\u0259 d\u00fcnyada ged\u0259n prosesl\u0259ri \u00f6z xeyrin\u0259 h\u0259ll etm\u0259 bacar\u0131\u011f\u0131n\u0131 ayr\u0131ca bir fak\u00fclt\u0259 kimi, m\u0259rk\u0259z kimi \u00f6yr\u0259nm\u0259k laz\u0131md\u0131r. \u00c7oxlu kitablar yaz\u0131l\u0131r, m\u0259qal\u0259l\u0259r d\u0259rc edilir, jurnallar \u00e7\u0131xar\u0131l\u0131r, amma a\u011fr\u0131l\u0131 olsa da dey\u0259c\u0259m ki, ham\u0131s\u0131 az qala biri-birinin t\u0259krar\u0131d\u0131r. \u00d6yr\u0259dici, faktlara v\u0259 Prezidentin atd\u0131\u011f\u0131 gedi\u015fl\u0259r\u0259 s\u00f6yk\u0259n\u0259n, bu g\u00fcn ya\u015fad\u0131\u011f\u0131m\u0131z siyasi ger\u00e7\u0259kliyi indiki v\u0259 g\u0259l\u0259c\u0259k n\u0259sill\u0259r\u0259 \u00e7atd\u0131rmaq \u00fc\u00e7\u00fcn konkret kinolar, s\u0259n\u0259dli filml\u0259r, v\u0259saitl\u0259r \u00e7\u0259km\u0259k v\u0259 yazmaq laz\u0131md\u0131r. M\u0259n xeyli insanlar g\u00f6rm\u00fc\u015f\u0259m ki, onlar bunu etm\u0259k ist\u0259yir, s\u00f6z olaraq deyir v\u0259 v\u0259sait ist\u0259yir. Z\u0259nnimc\u0259, d\u0259y\u0259rli, g\u0259rgin \u0259m\u0259yin v\u0259 ara\u015fd\u0131rman\u0131n m\u0259hsulu olan ssenaril\u0259r, ideyalar ortaya qoyulsa, v\u0259sait ay\u0131ranlar m\u00fctl\u0259q tap\u0131lar. \u0130mkanl\u0131 \u015f\u0259xsl\u0259rimiz \u00e7oxdur, onlar m\u0259mnuniyy\u0259tl\u0259 c\u0259nab Prezident haqq\u0131nda d\u0259y\u0259rli v\u0259 standartlara cavab ver\u0259n ist\u0259nil\u0259n t\u0259\u015f\u0259bb\u00fcs\u00fc d\u0259st\u0259kl\u0259m\u0259y\u0259 haz\u0131rd\u0131r. T\u0259ki layiqli t\u0259\u015f\u0259bb\u00fcsl\u0259r olsun, konkret real ideyalar ir\u0259li s\u00fcr\u00fcls\u00fcn, k\u00f6m\u0259klik m\u00fctl\u0259q olacaq\u201d.<\/p>\n<p><img src=\"https:\/\/img.baki-baku.az\/news\/2023\/10\/photo_8692.jpg\" alt=\"Milli M\u0259clisd\u0259 R\u0259qab\u0259t M\u0259c\u0259ll\u0259si layih\u0259si m\u00fczakir\u0259 edilir | Baki-baku.az\" \/><\/p>\n<p><strong>Birinci vitse-spiker \u018fli H\u00fcseynli dedi ki, b\u0259zi \u00f6lk\u0259l\u0259rd\u0259 hakimiyy\u0259td\u0259 qalmaq \u00fc\u00e7\u00fcn konstitusiya qurulu\u015fu d\u0259yi\u015f\u0259nl\u0259rd\u0259n f\u0259rqli olaraq, Prezident \u0130lham \u018fliyev xalq\u0131n s\u0259sini alaraq hakimiyy\u0259td\u0259 qal\u0131b:<\/strong>\u00a0\u201cBu g\u00fcn b\u00f6lg\u0259mizd\u0259 \u0130lham \u018fliyevin s\u00f6z\u00fc olmadan he\u00e7 bir q\u0259rar q\u0259bul edil\u0259 bilm\u0259z\u201d. \u018f.H\u00fcseynli qeyd etdi ki, indi Qaraba\u011fdak\u0131 q\u0259l\u0259b\u0259mizl\u0259 oradan erm\u0259nil\u0259r t\u0259xliy\u0259 edilirs\u0259, radikal m\u00fcxalif\u0259t d\u0259 Az\u0259rbaycandan t\u0259xliy\u0259 olmaqdad\u0131r: \u201cPrezident \u0130lham \u018fliyev tarixi yenid\u0259n yaz\u0131r. Prezident \u0130lham \u018fliyev \u00f6z q\u0259tiyy\u0259tli \u00e7\u0131x\u0131\u015flar\u0131nda tarixi h\u0259qiq\u0259tl\u0259ri &#8211; AXC-nin \u015eu\u015fan\u0131 verm\u0259si, AXC-nin zor g\u00fcc\u00fcn\u0259 hakimiyy\u0259t\u0259 g\u0259lm\u0259sini \u00e7\u0259kinm\u0259d\u0259n dil\u0259 g\u0259tirdi, c\u0259miyy\u0259td\u0259 populizm\u0259 son qoydu. Regionda m\u0259xm\u0259ri inqilablar\u0131n yeti\u015fdirdiyi marionet liderl\u0259rd\u0259n f\u0259rqli olaraq, \u0130lham \u018fliyev g\u00fccl\u00fc liderdir. Bu g\u00fcn prezident Heyd\u0259r \u018fliyev siyas\u0259tini u\u011furla davam etdirir. Qaraba\u011f\u0131 i\u015f\u011faldan azad edilib, m\u0259hz Heyd\u0259r \u018fliyev siyas\u0259ti Qafqazda s\u00fclh\u00fc daimi ed\u0259c\u0259k\u201d.<\/p>\n<p>Deputat Vahid \u018fhm\u0259dov \u0130lham \u018fliyevin prezidentliyi d\u00f6vr\u00fcnd\u0259 \u0259ld\u0259 olunan iqtisadi u\u011furlara diqq\u0259t \u00e7\u0259kdi: \u201cHakimiyy\u0259tinin ilk ill\u0259rind\u0259n etibar\u0259n y\u00fcks\u0259k idar\u0259\u00e7ilik qabiliyy\u0259ti, xarici v\u0259 daxili siyas\u0259td\u0259 s\u0259ri\u015ft\u0259si il\u0259 f\u0259rql\u0259n\u0259n prezident\u0259 xalq\u0131n inam\u0131 v\u0259 etibar\u0131 g\u00f6r\u00fclm\u0259mi\u015f d\u0259r\u0259c\u0259d\u0259 artd\u0131 v\u0259 \u0130lham \u018fliyev 2008, 2013, 2018-ci ild\u0259 ke\u00e7iril\u0259n prezident se\u00e7kil\u0259rind\u0259 d\u0259 layiqli q\u0259l\u0259b\u0259 qazand\u0131\u201d.<\/p>\n<p>Deputat bildirib ki, Az\u0259rbaycan\u0131n sosial-iqtisadi v\u0259 h\u0259rbi sah\u0259d\u0259 \u0259ld\u0259 etdiyi u\u011furlar\u0131n\u0131n ba\u015f\u0131nda \u0130lham \u018fliyevin apard\u0131\u011f\u0131 siyas\u0259t dayan\u0131r: \u201c20 il \u0259rzind\u0259, \u00f6lk\u0259mizd\u0259 \u00dcDM-in nominal h\u0259cmi 22 d\u0259f\u0259 artaraq, 133,8 milyard manata \u00e7at\u0131b. \u00d6lk\u0259 \u0259halisinin g\u0259lirl\u0259ri 13,7 d\u0259f\u0259, strateji valyuta ehtiyatlar\u0131 is\u0259 41 d\u0259f\u0259d\u0259n \u00e7ox artaraq 1.6 milyard dollardan 65,9 milyard dollara \u00e7at\u0131b. \u00d6lk\u0259d\u0259 n\u0259qliyyat, t\u0259hsil, enerji, turizm v\u0259 dig\u0259r sah\u0259l\u0259r \u00fczr\u0259 infrastuktur yenid\u0259n qurulmu\u015f v\u0259 geni\u015fl\u0259ndirilmi\u015f \u00f6lk\u0259 iqtisadiyyat\u0131na 250 milyard dollardan art\u0131q v\u0259sait yat\u0131r\u0131l\u0131b\u201d. V.\u018fhm\u0259dov deyib ki, prezident \u0130lham \u018fliyevin daxili siyas\u0259t kursunun \u00e7ox m\u00fch\u00fcm istiqam\u0259tl\u0259rind\u0259n birini d\u0259 sosial siyas\u0259t t\u0259\u015fkil edir: \u201cH\u0259yata ke\u00e7iril\u0259n sosialy\u00f6n\u00fcml\u00fc siyas\u0259tin n\u0259tic\u0259sind\u0259 2003-c\u00fc ild\u0259 383.1 manat t\u0259\u015fkil ed\u0259n orta ayl\u0131q \u0259m\u0259k haqq\u0131, haz\u0131rda 900 manatdan art\u0131qd\u0131r. Bu ill\u0259r \u0259rzind\u0259, 2 milyondan art\u0131q i\u015f yeri a\u00e7\u0131l\u0131b. Yoxsulluq h\u0259ddi 49 faizd\u0259n 5 faiz\u0259 q\u0259d\u0259r azal\u0131b. Postm\u00fcharib\u0259 d\u00f6vr\u00fcnd\u0259, \u015f\u0259hid ail\u0259l\u0259ri v\u0259 m\u00fcharib\u0259 il\u0259 \u0259laq\u0259dar \u0259lilliyi olan \u015f\u0259xsl\u0259r\u0259 5250, bu il is\u0259 750 m\u0259nzil v\u0259 f\u0259rdi ev t\u0259qdim olunub\u201d.<\/p>\n<p><strong>\u201cXalq\u0131n \u00dcmummilli lideri Heyd\u0259r \u018fliyev, lideri is\u0259 \u0130lham \u018fliyevdir\u201d. Bu fikri is\u0259 Milli M\u0259clisin deputat\u0131 Siyavu\u015f Novruzov s\u00f6yl\u0259di. Qeyd etdi ki, Prezident \u0130lham \u018fliyevin hakimiyy\u0259td\u0259 oldu\u011fu v\u0259 ondan \u0259vv\u0259lki m\u00fcdd\u0259t hamar olmay\u0131b:<\/strong>\u00a0\u201c\u00c7\u00fcnki Heyd\u0259r \u018fliyevin o\u011flu olmaq h\u0259m \u015f\u0259r\u0259fli, h\u0259m d\u0259 m\u0259suliyy\u0259tlidir. Bu g\u00fcn Ulu \u00f6nd\u0259rin siyas\u0259ti \u0259sas\u0131nda apar\u0131lan i\u015fl\u0259rin n\u0259tic\u0259sind\u0259 nailiyy\u0259tl\u0259rin \u0259ld\u0259 olunmas\u0131n\u0131n \u015fahidiyiq. Prezident \u0130lham \u018fliyev\u0259 qar\u015f\u0131 olan haqs\u0131zl\u0131qlar\u0131n \u00e7oxunu bilirik. H\u0259l\u0259 o vaxt Heyd\u0259r \u018fliyev\u0259 qar\u015f\u0131 Qorba\u00e7ov v\u0259 \u0259traf\u0131nda olan erm\u0259nil\u0259rin \u0259n a\u011fr\u0131 z\u0259rb\u0259l\u0259rini m\u0259hz Prezident al\u0131b. Demokratiya q\u0131r\u0131nt\u0131lar\u0131 Heyd\u0259r \u018fliyevin o\u011flu oldu\u011funa g\u00f6r\u0259 \u0130lham \u018fliyevin Nax\u00e7\u0131vana getm\u0259sinin qar\u015f\u0131s\u0131n\u0131 al\u0131rd\u0131lar. Bax, bu c\u00fcr a\u011fr\u0131l\u0131 v\u0259 \u0259ziyy\u0259tli prosesl\u0259rd\u0259n ke\u00e7ib. Prezident \u0130lham \u018fliyev 5 d\u00f6vl\u0259t \u00e7evrili\u015fin\u0259 c\u0259hdin qar\u015f\u0131s\u0131n\u0131n al\u0131nmas\u0131nda Ulu \u00f6nd\u0259rl\u0259 \u00e7iyin\u0259-\u00e7iyin\u0259 \u00e7al\u0131\u015f\u0131b. Bundan ba\u015fqa, 2003-c\u00fc ild\u0259ki se\u00e7kid\u0259n sonra AXCP-M\u00fcsavat d\u0259st\u0259si Azadl\u0131q meydan\u0131na t\u00f6k\u00fcl\u00fc\u015fd\u00fcl\u0259r. O zaman da \u0130lham \u018fliyevin q\u0259tiyy\u0259ti n\u0259tic\u0259sind\u0259 \u00e7evrili\u015f\u0259 c\u0259hdin qar\u015f\u0131s\u0131 al\u0131nd\u0131. H\u0259m\u00e7inin d\u00f6vl\u0259timizin \u00e7\u00f6r\u0259yini yey\u0259n Prezident Aparat\u0131n\u0131n \u015f\u00f6b\u0259 m\u00fcdirl\u0259ri, dig\u0259r \u015f\u0259xsl\u0259r \u00e7evrili\u015f etm\u0259k ist\u0259yirdil\u0259r. Sonrak\u0131 d\u00f6vrl\u0259rd\u0259 d\u0259 \u0130lham \u018fliyev Az\u0259rbaycana qar\u015f\u0131 t\u0259xribat aparanlar\u0131n qar\u015f\u0131s\u0131n\u0131 ald\u0131 v\u0259 n\u0259tic\u0259 q\u0259l\u0259b\u0259 il\u0259 ba\u015fa \u00e7atd\u0131. Bir s\u00f6zl\u0259, Prezidentin g\u00f6rd\u00fcy\u00fc b\u00fct\u00fcn i\u015fl\u0259r \u00dcmummilli Lider Heyd\u0259r \u018fliyevin siyasi x\u0259ttidir. 1920-ci ild\u0259n bu yana kims\u0259 xalq\u0131n lideri hesab olunmay\u0131b. Xalq\u0131n \u00dcmummilli lideri Heyd\u0259r \u018fliyev, lideri is\u0259 \u0130lham \u018fliyevdir\u201d.<\/p>\n<p>M\u00fczakir\u0259l\u0259rd\u0259n sonra \u0130lham \u018fliyevin Prezident se\u00e7ilm\u0259sinin 20-ci ild\u00f6n\u00fcm\u00fc il\u0259 \u0259laq\u0259dar b\u0259yanat q\u0259bul edildi. B\u0259yanatda deyilir: \u201cAz\u0259rbaycan Respublikas\u0131n\u0131n Milli M\u0259clisi \u0259mindir ki, Prezident \u0130lham \u018fliyev\u0259 xas olan siyasi b\u0259sir\u0259t v\u0259 s\u0259ri\u015ft\u0259 Az\u0259rbaycan\u0131n m\u00fcst\u0259qillik yollar\u0131nda bundan sonra da inamla ir\u0259lil\u0259m\u0259sini t\u0259min ed\u0259c\u0259kdir. Milli M\u0259clis V\u0259t\u0259nimizin v\u0259 xalq\u0131m\u0131z\u0131n bu g\u00fcn\u00fc v\u0259 sabah\u0131 namin\u0259 d\u0259y\u0259rli f\u0259aliyy\u0259tind\u0259 d\u00f6vl\u0259t ba\u015f\u00e7\u0131s\u0131na yeni b\u00f6y\u00fck u\u011furlar arzulayaraq, onun uzaqg\u00f6r\u0259n daxili v\u0259 xarici siyas\u0259tini, h\u0259mi\u015f\u0259 oldu\u011fu kimi, f\u0259al sur\u0259td\u0259 d\u0259st\u0259kl\u0259y\u0259c\u0259yini, h\u0259yata ke\u00e7iril\u0259n quruculuq i\u015fl\u0259rinin qanunvericilik bazas\u0131n\u0131 m\u00f6hk\u0259ml\u0259ndirm\u0259k v\u0259 t\u0259kmill\u0259\u015fdirm\u0259k \u00fc\u00e7\u00fcn \u00f6hd\u0259sin\u0259 d\u00fc\u015f\u0259n v\u0259zif\u0259l\u0259ri layiqinc\u0259 yerin\u0259 yetir\u0259c\u0259yini b\u0259yan edir\u201d.<\/p>\n<p>S\u0259n\u0259d yekdillikl\u0259 q\u0259bul edildi.<\/p>\n","protected":false},"excerpt":{"rendered":"<p>\u0130lham \u018fliyevin Az\u0259rbaycan Prezidenti se\u00e7ilm\u0259sinin 20-ci ild\u00f6n\u00fcm\u00fc il\u0259 \u0259laq\u0259dar m\u00fczakir\u0259l\u0259rd\u0259 ilginc t\u0259klifl\u0259r 12 oktyabrda Milli M\u0259clisin x\u00fcsusi iclas\u0131 ke\u00e7irildi. Spiker Sahib\u0259 Qafarova giri\u015f nitqi il\u0259 \u00e7\u0131x\u0131\u015f ed\u0259r\u0259k bildirdi ki, iclas\u0131n g\u00fcnd\u0259liyind\u0259 bir m\u0259s\u0259l\u0259 var: \u0130lham Heyd\u0259r o\u011flu \u018fliyevin Az\u0259rbaycan Respublikas\u0131n\u0131n Prezidenti se\u00e7ilm\u0259sinin 20-ci ild\u00f6n\u00fcm\u00fc il\u0259 \u0259laq\u0259dar Az\u0259rbaycan Respublikas\u0131 Milli M\u0259clisinin b\u0259yanat\u0131n\u0131n q\u0259bulu. Parlament s\u0259dri \u00e7\u0131x\u0131\u015f\u0131nda Prezident \u0130lham \u018fliyevin 20 illik f\u0259aliyy\u0259tind\u0259n, tarixi u\u011furlar\u0131ndan dan\u0131\u015fd\u0131: \u201cAz\u0259rbaycan Respublikas\u0131n\u0131n Prezidenti c\u0259nab \u0130lham \u018fliyev V\u0259t\u0259nimizin bu g\u00fcn\u00fc v\u0259 sabah\u0131 namin\u0259 h\u0259yata ke\u00e7irdiyi m\u00f6ht\u0259\u015f\u0259m i\u015fl\u0259rl\u0259 xalq\u0131m\u0131z\u0131n d\u0259rin h\u00f6rm\u0259t v\u0259 m\u0259h\u0259bb\u0259tini qazanm\u0131\u015fd\u0131r. Son iyirmi il Az\u0259rbaycan\u0131n&hellip;<\/p>\n","protected":false},"author":2,"featured_media":644841,"comment_status":"closed","ping_status":"closed","sticky":false,"template":"","format":"standard","meta":{"om_disable_all_campaigns":false,"_monsterinsights_skip_tracking":false,"_monsterinsights_sitenote_active":false,"_monsterinsights_sitenote_note":"","_monsterinsights_sitenote_category":0},"categories":[19],"tags":[],"aioseo_notices":[],"gutentor_comment":0,"rttpg_featured_image_url":{"full":["https:\/\/arantv.az\/wp-content\/uploads\/2023\/10\/6f0faf96a16437b6af5f149342d4f192.jpg",800,500,false],"landscape":["https:\/\/arantv.az\/wp-content\/uploads\/2023\/10\/6f0faf96a16437b6af5f149342d4f192.jpg",800,500,false],"portraits":["https:\/\/arantv.az\/wp-content\/uploads\/2023\/10\/6f0faf96a16437b6af5f149342d4f192.jpg",800,500,false],"thumbnail":["https:\/\/arantv.az\/wp-content\/uploads\/2023\/10\/6f0faf96a16437b6af5f149342d4f192-500x280.jpg",500,280,true],"medium":["https:\/\/arantv.az\/wp-content\/uploads\/2023\/10\/6f0faf96a16437b6af5f149342d4f192-584x365.jpg",584,365,true],"large":["https:\/\/arantv.az\/wp-content\/uploads\/2023\/10\/6f0faf96a16437b6af5f149342d4f192.jpg",640,400,false],"1536x1536":["https:\/\/arantv.az\/wp-content\/uploads\/2023\/10\/6f0faf96a16437b6af5f149342d4f192.jpg",800,500,false],"2048x2048":["https:\/\/arantv.az\/wp-content\/uploads\/2023\/10\/6f0faf96a16437b6af5f149342d4f192.jpg",800,500,false],"post-thumbnail":["https:\/\/arantv.az\/wp-content\/uploads\/2023\/10\/6f0faf96a16437b6af5f149342d4f192-240x172.jpg",240,172,true],"advps-thumb-one":["https:\/\/arantv.az\/wp-content\/uploads\/2023\/10\/6f0faf96a16437b6af5f149342d4f192.jpg",800,500,false]},"rttpg_author":{"display_name":"V\u00fcsal Rafiqo\u011flu","author_link":"https:\/\/arantv.az\/?author=2"},"rttpg_comment":0,"rttpg_category":"<a href=\"https:\/\/arantv.az\/?cat=19\" rel=\"category\">G\u00fcnd\u0259m<\/a>","rttpg_excerpt":"\u0130lham \u018fliyevin Az\u0259rbaycan Prezidenti se\u00e7ilm\u0259sinin 20-ci ild\u00f6n\u00fcm\u00fc il\u0259 \u0259laq\u0259dar m\u00fczakir\u0259l\u0259rd\u0259 ilginc t\u0259klifl\u0259r 12 oktyabrda Milli M\u0259clisin x\u00fcsusi iclas\u0131 ke\u00e7irildi. Spiker Sahib\u0259 Qafarova giri\u015f nitqi il\u0259 \u00e7\u0131x\u0131\u015f ed\u0259r\u0259k bildirdi ki, iclas\u0131n g\u00fcnd\u0259liyind\u0259 bir m\u0259s\u0259l\u0259 var: \u0130lham Heyd\u0259r o\u011flu \u018fliyevin Az\u0259rbaycan Respublikas\u0131n\u0131n Prezidenti se\u00e7ilm\u0259sinin 20-ci ild\u00f6n\u00fcm\u00fc il\u0259 \u0259laq\u0259dar Az\u0259rbaycan Respublikas\u0131 Milli M\u0259clisinin b\u0259yanat\u0131n\u0131n q\u0259bulu. Parlament s\u0259dri \u00e7\u0131x\u0131\u015f\u0131nda&hellip;","_links":{"self":[{"href":"https:\/\/arantv.az\/index.php?rest_route=\/wp\/v2\/posts\/644838"}],"collection":[{"href":"https:\/\/arantv.az\/index.php?rest_route=\/wp\/v2\/posts"}],"about":[{"href":"https:\/\/arantv.az\/index.php?rest_route=\/wp\/v2\/types\/post"}],"author":[{"embeddable":true,"href":"https:\/\/arantv.az\/index.php?rest_route=\/wp\/v2\/users\/2"}],"replies":[{"embeddable":true,"href":"https:\/\/arantv.az\/index.php?rest_route=%2Fwp%2Fv2%2Fcomments&post=644838"}],"version-history":[{"count":0,"href":"https:\/\/arantv.az\/index.php?rest_route=\/wp\/v2\/posts\/644838\/revisions"}],"wp:featuredmedia":[{"embeddable":true,"href":"https:\/\/arantv.az\/index.php?rest_route=\/wp\/v2\/media\/644841"}],"wp:attachment":[{"href":"https:\/\/arantv.az\/index.php?rest_route=%2Fwp%2Fv2%2Fmedia&parent=644838"}],"wp:term":[{"taxonomy":"category","embeddable":true,"href":"https:\/\/arantv.az\/index.php?rest_route=%2Fwp%2Fv2%2Fcategories&post=644838"},{"taxonomy":"post_tag","embeddable":true,"href":"https:\/\/arantv.az\/index.php?rest_route=%2Fwp%2Fv2%2Ftags&post=644838"}],"curies":[{"name":"wp","href":"https:\/\/api.w.org\/{rel}","templated":true}]}}