{"id":644847,"date":"2023-10-13T09:52:09","date_gmt":"2023-10-13T05:52:09","guid":{"rendered":"https:\/\/arantv.az\/?p=644847"},"modified":"2023-10-13T09:52:09","modified_gmt":"2023-10-13T05:52:09","slug":"bmt-%c9%99fqanistandaki-z%c9%99lz%c9%99l%c9%99-il%c9%99-bagli-dunya-ictimaiyy%c9%99tin%c9%99-muraci%c9%99t-edib","status":"publish","type":"post","link":"https:\/\/arantv.az\/?p=644847","title":{"rendered":"BMT \u018ffqan\u0131standak\u0131 z\u0259lz\u0259l\u0259 il\u0259 ba\u011fl\u0131 d\u00fcnya ictimaiyy\u0259tin\u0259 m\u00fcraci\u0259t edib"},"content":{"rendered":"<p>Birl\u0259\u015fmi\u015f Mill\u0259tl\u0259r T\u0259\u015fkilat\u0131 (BMT) \u018ffqan\u0131standa bir ne\u00e7\u0259 g\u00fcn \u0259rzind\u0259 ba\u015f vermi\u015f ard\u0131c\u0131l z\u0259lz\u0259l\u0259l\u0259rl\u0259 \u0259laq\u0259dar d\u00fcnya ictimaiyy\u0259tin\u0259 m\u00fcraci\u0259t \u00fcnvanlay\u0131b.<\/p>\n<p>T\u0259\u015fkilat \u018ffqan\u0131stan\u0131n Herat vilay\u0259tind\u0259 ba\u015f vermi\u015f z\u0259lz\u0259l\u0259d\u0259n z\u0259r\u0259r\u00e7\u0259k\u0259nl\u0259r\u0259 humanitar yard\u0131m\u0131n art\u0131r\u0131lmas\u0131na \u00e7a\u011f\u0131r\u0131r.<\/p>\n<p>BMT-nin Qa\u00e7q\u0131nlar \u00fczr\u0259 Ali Komissar\u0131 Filippo Qrandini z\u0259lz\u0259l\u0259d\u0259n sonra x\u00fcsus\u0259n u\u015faqlar\u0131n v\u0259 qad\u0131nlar\u0131n \u00e7\u0259tinlikl\u0259 \u00fczl\u0259\u015fdikl\u0259rini qeyd edib.<\/p>\n<p>Xat\u0131rladaq ki, \u018ffqan\u0131standa bir ne\u00e7\u0259 g\u00fcn \u0259rzind\u0259 iki ard\u0131c\u0131l g\u00fccl\u00fc z\u0259lz\u0259l\u0259 olub.<\/p>\n<p>Haz\u0131rda \u018ffqan\u0131stan\u0131 idar\u0259 ed\u0259n \u201cTaliban\u201d h\u00f6kum\u0259ti z\u0259lz\u0259l\u0259l\u0259r n\u0259tic\u0259sind\u0259 2 mind\u0259n \u00e7ox insan\u0131n \u00f6ld\u00fcy\u00fcn\u00fc a\u00e7\u0131qlasa da, z\u0259lz\u0259l\u0259 qurbanlar\u0131n\u0131n say\u0131n\u0131n daha \u00e7ox oldu\u011fu bildirilir.<\/p>\n<p>M\u0259nb\u0259: Sputnik \u018ffqan\u0131stan<\/p>\n","protected":false},"excerpt":{"rendered":"<p>Birl\u0259\u015fmi\u015f Mill\u0259tl\u0259r T\u0259\u015fkilat\u0131 (BMT) \u018ffqan\u0131standa bir ne\u00e7\u0259 g\u00fcn \u0259rzind\u0259 ba\u015f vermi\u015f ard\u0131c\u0131l z\u0259lz\u0259l\u0259l\u0259rl\u0259 \u0259laq\u0259dar d\u00fcnya ictimaiyy\u0259tin\u0259 m\u00fcraci\u0259t \u00fcnvanlay\u0131b. T\u0259\u015fkilat \u018ffqan\u0131stan\u0131n Herat vilay\u0259tind\u0259 ba\u015f vermi\u015f z\u0259lz\u0259l\u0259d\u0259n z\u0259r\u0259r\u00e7\u0259k\u0259nl\u0259r\u0259 humanitar yard\u0131m\u0131n art\u0131r\u0131lmas\u0131na \u00e7a\u011f\u0131r\u0131r. BMT-nin Qa\u00e7q\u0131nlar \u00fczr\u0259 Ali Komissar\u0131 Filippo Qrandini z\u0259lz\u0259l\u0259d\u0259n sonra x\u00fcsus\u0259n u\u015faqlar\u0131n v\u0259 qad\u0131nlar\u0131n \u00e7\u0259tinlikl\u0259 \u00fczl\u0259\u015fdikl\u0259rini qeyd edib. Xat\u0131rladaq ki, \u018ffqan\u0131standa bir ne\u00e7\u0259 g\u00fcn \u0259rzind\u0259 iki ard\u0131c\u0131l g\u00fccl\u00fc z\u0259lz\u0259l\u0259 olub. Haz\u0131rda \u018ffqan\u0131stan\u0131 idar\u0259 ed\u0259n \u201cTaliban\u201d h\u00f6kum\u0259ti z\u0259lz\u0259l\u0259l\u0259r n\u0259tic\u0259sind\u0259 2 mind\u0259n \u00e7ox insan\u0131n \u00f6ld\u00fcy\u00fcn\u00fc a\u00e7\u0131qlasa da, z\u0259lz\u0259l\u0259 qurbanlar\u0131n\u0131n say\u0131n\u0131n daha \u00e7ox oldu\u011fu bildirilir. M\u0259nb\u0259: Sputnik \u018ffqan\u0131stan<\/p>\n","protected":false},"author":2,"featured_media":644851,"comment_status":"closed","ping_status":"closed","sticky":false,"template":"","format":"standard","meta":{"om_disable_all_campaigns":false,"_monsterinsights_skip_tracking":false,"_monsterinsights_sitenote_active":false,"_monsterinsights_sitenote_note":"","_monsterinsights_sitenote_category":0},"categories":[7],"tags":[],"aioseo_notices":[],"gutentor_comment":0,"rttpg_featured_image_url":{"full":["https:\/\/arantv.az\/wp-content\/uploads\/2023\/10\/FotoJet-2023-10-13T091026.199.jpg",620,413,false],"landscape":["https:\/\/arantv.az\/wp-content\/uploads\/2023\/10\/FotoJet-2023-10-13T091026.199.jpg",620,413,false],"portraits":["https:\/\/arantv.az\/wp-content\/uploads\/2023\/10\/FotoJet-2023-10-13T091026.199.jpg",620,413,false],"thumbnail":["https:\/\/arantv.az\/wp-content\/uploads\/2023\/10\/FotoJet-2023-10-13T091026.199-500x280.jpg",500,280,true],"medium":["https:\/\/arantv.az\/wp-content\/uploads\/2023\/10\/FotoJet-2023-10-13T091026.199-548x365.jpg",548,365,true],"large":["https:\/\/arantv.az\/wp-content\/uploads\/2023\/10\/FotoJet-2023-10-13T091026.199.jpg",620,413,false],"1536x1536":["https:\/\/arantv.az\/wp-content\/uploads\/2023\/10\/FotoJet-2023-10-13T091026.199.jpg",620,413,false],"2048x2048":["https:\/\/arantv.az\/wp-content\/uploads\/2023\/10\/FotoJet-2023-10-13T091026.199.jpg",620,413,false],"post-thumbnail":["https:\/\/arantv.az\/wp-content\/uploads\/2023\/10\/FotoJet-2023-10-13T091026.199-240x172.jpg",240,172,true],"advps-thumb-one":["https:\/\/arantv.az\/wp-content\/uploads\/2023\/10\/FotoJet-2023-10-13T091026.199.jpg",620,413,false]},"rttpg_author":{"display_name":"V\u00fcsal Rafiqo\u011flu","author_link":"https:\/\/arantv.az\/?author=2"},"rttpg_comment":0,"rttpg_category":"<a href=\"https:\/\/arantv.az\/?cat=7\" rel=\"category\">D\u00fcnya<\/a>","rttpg_excerpt":"Birl\u0259\u015fmi\u015f Mill\u0259tl\u0259r T\u0259\u015fkilat\u0131 (BMT) \u018ffqan\u0131standa bir ne\u00e7\u0259 g\u00fcn \u0259rzind\u0259 ba\u015f vermi\u015f ard\u0131c\u0131l z\u0259lz\u0259l\u0259l\u0259rl\u0259 \u0259laq\u0259dar d\u00fcnya ictimaiyy\u0259tin\u0259 m\u00fcraci\u0259t \u00fcnvanlay\u0131b. T\u0259\u015fkilat \u018ffqan\u0131stan\u0131n Herat vilay\u0259tind\u0259 ba\u015f vermi\u015f z\u0259lz\u0259l\u0259d\u0259n z\u0259r\u0259r\u00e7\u0259k\u0259nl\u0259r\u0259 humanitar yard\u0131m\u0131n art\u0131r\u0131lmas\u0131na \u00e7a\u011f\u0131r\u0131r. BMT-nin Qa\u00e7q\u0131nlar \u00fczr\u0259 Ali Komissar\u0131 Filippo Qrandini z\u0259lz\u0259l\u0259d\u0259n sonra x\u00fcsus\u0259n u\u015faqlar\u0131n v\u0259 qad\u0131nlar\u0131n \u00e7\u0259tinlikl\u0259 \u00fczl\u0259\u015fdikl\u0259rini qeyd edib. Xat\u0131rladaq ki, \u018ffqan\u0131standa bir ne\u00e7\u0259 g\u00fcn \u0259rzind\u0259 iki&hellip;","_links":{"self":[{"href":"https:\/\/arantv.az\/index.php?rest_route=\/wp\/v2\/posts\/644847"}],"collection":[{"href":"https:\/\/arantv.az\/index.php?rest_route=\/wp\/v2\/posts"}],"about":[{"href":"https:\/\/arantv.az\/index.php?rest_route=\/wp\/v2\/types\/post"}],"author":[{"embeddable":true,"href":"https:\/\/arantv.az\/index.php?rest_route=\/wp\/v2\/users\/2"}],"replies":[{"embeddable":true,"href":"https:\/\/arantv.az\/index.php?rest_route=%2Fwp%2Fv2%2Fcomments&post=644847"}],"version-history":[{"count":0,"href":"https:\/\/arantv.az\/index.php?rest_route=\/wp\/v2\/posts\/644847\/revisions"}],"wp:featuredmedia":[{"embeddable":true,"href":"https:\/\/arantv.az\/index.php?rest_route=\/wp\/v2\/media\/644851"}],"wp:attachment":[{"href":"https:\/\/arantv.az\/index.php?rest_route=%2Fwp%2Fv2%2Fmedia&parent=644847"}],"wp:term":[{"taxonomy":"category","embeddable":true,"href":"https:\/\/arantv.az\/index.php?rest_route=%2Fwp%2Fv2%2Fcategories&post=644847"},{"taxonomy":"post_tag","embeddable":true,"href":"https:\/\/arantv.az\/index.php?rest_route=%2Fwp%2Fv2%2Ftags&post=644847"}],"curies":[{"name":"wp","href":"https:\/\/api.w.org\/{rel}","templated":true}]}}