{"id":644858,"date":"2023-10-13T09:59:59","date_gmt":"2023-10-13T05:59:59","guid":{"rendered":"https:\/\/arantv.az\/?p=644858"},"modified":"2023-10-13T09:59:59","modified_gmt":"2023-10-13T05:59:59","slug":"heyd%c9%99r-%c9%99liyev-v%c9%99-az%c9%99rbaycan-tarixi-umumrespublika-bilik-yarisi-keciril%c9%99c%c9%99k","status":"publish","type":"post","link":"https:\/\/arantv.az\/?p=644858","title":{"rendered":"\u201cHeyd\u0259r \u018fliyev v\u0259 Az\u0259rbaycan tarixi\u201d \u00fcmumrespublika bilik yar\u0131\u015f\u0131 ke\u00e7iril\u0259c\u0259k"},"content":{"rendered":"<p>Oktyabr\u0131n 18-d\u0259 Heyd\u0259r \u018fliyev M\u0259rk\u0259zind\u0259 n\u00f6vb\u0259ti \u00fcmumrespublika bilik yar\u0131\u015f\u0131 ke\u00e7iril\u0259c\u0259k.<\/p>\n<p>\u201cHeyd\u0259r \u018fliyev v\u0259 Az\u0259rbaycan tarixi\u201d IX \u00fcmumrespublika bilik yar\u0131\u015f\u0131 Heyd\u0259r \u018fliyev M\u0259rk\u0259zinin t\u0259\u015fkilat\u00e7\u0131l\u0131\u011f\u0131, Elm v\u0259 T\u0259hsil Nazirliyinin d\u0259st\u0259yi il\u0259 ba\u015f tutacaq.<\/p>\n<p>Art\u0131q \u0259n\u0259n\u0259y\u0259 \u00e7evril\u0259n bu layih\u0259 Az\u0259rbaycan tarixinin v\u0259 bu il 100 illiyi qeyd edil\u0259n \u00fcmummilli lider Heyd\u0259r \u018fliyevin h\u0259yat\u0131n\u0131n, \u00e7ox\u015fax\u0259li f\u0259aliyy\u0259tinin v\u0259 irsinin t\u0259dqiqi, \u00f6yr\u0259nilm\u0259si v\u0259 t\u0259bli\u011fi m\u0259qs\u0259di da\u015f\u0131y\u0131r.<\/p>\n<p>\u0130\u015ftirak\u00e7\u0131lar \u201cHeyd\u0259r \u018fliyevin u\u015faql\u0131q v\u0259 g\u0259nclik ill\u0259ri\u201d, \u201cHeyd\u0259r \u018fliyev v\u0259 Az\u0259rbaycan\u0131n m\u00fcst\u0259qillik ill\u0259ri\u201d, \u201cHeyd\u0259r \u018fliyev v\u0259 Qaraba\u011f h\u0259qiq\u0259tl\u0259ri\u201d, \u201cAz\u0259rbaycan Ordusunun V\u0259t\u0259n m\u00fcharib\u0259sind\u0259 z\u0259f\u0259r y\u00fcr\u00fc\u015f\u00fc\u201d v\u0259 dig\u0259r m\u00f6vzularda bilikl\u0259rini s\u0131nayacaqlar.<\/p>\n<p>Qeyd ed\u0259k ki, komandalar yar\u0131\u015fa haz\u0131rl\u0131q m\u0259rh\u0259l\u0259sind\u0259 Heyd\u0259r \u018fliyev M\u0259rk\u0259zind\u0259 t\u0259\u015fkil olunan t\u0259liml\u0259rd\u0259 i\u015ftirak edib, Heyd\u0259r \u018fliyev Muzeyind\u0259 saxlan\u0131lan arxiv materiallarla tan\u0131\u015f olub.<\/p>\n<p>Yar\u0131\u015fda h\u0259r ali t\u0259hsil m\u00fc\u0259ssis\u0259sini 6 n\u0259f\u0259rd\u0259n ibar\u0259t komanda t\u0259msil ed\u0259c\u0259k. M\u00fcnsifl\u0259r hey\u0259tinin qiym\u0259tl\u0259ndirm\u0259sin\u0259 \u0259sas\u0259n, I, II v\u0259 III yerl\u0259ri tutan komandalar m\u00fckafatland\u0131r\u0131lacaq.<\/p>\n","protected":false},"excerpt":{"rendered":"<p>Oktyabr\u0131n 18-d\u0259 Heyd\u0259r \u018fliyev M\u0259rk\u0259zind\u0259 n\u00f6vb\u0259ti \u00fcmumrespublika bilik yar\u0131\u015f\u0131 ke\u00e7iril\u0259c\u0259k. \u201cHeyd\u0259r \u018fliyev v\u0259 Az\u0259rbaycan tarixi\u201d IX \u00fcmumrespublika bilik yar\u0131\u015f\u0131 Heyd\u0259r \u018fliyev M\u0259rk\u0259zinin t\u0259\u015fkilat\u00e7\u0131l\u0131\u011f\u0131, Elm v\u0259 T\u0259hsil Nazirliyinin d\u0259st\u0259yi il\u0259 ba\u015f tutacaq. Art\u0131q \u0259n\u0259n\u0259y\u0259 \u00e7evril\u0259n bu layih\u0259 Az\u0259rbaycan tarixinin v\u0259 bu il 100 illiyi qeyd edil\u0259n \u00fcmummilli lider Heyd\u0259r \u018fliyevin h\u0259yat\u0131n\u0131n, \u00e7ox\u015fax\u0259li f\u0259aliyy\u0259tinin v\u0259 irsinin t\u0259dqiqi, \u00f6yr\u0259nilm\u0259si v\u0259 t\u0259bli\u011fi m\u0259qs\u0259di da\u015f\u0131y\u0131r. \u0130\u015ftirak\u00e7\u0131lar \u201cHeyd\u0259r \u018fliyevin u\u015faql\u0131q v\u0259 g\u0259nclik ill\u0259ri\u201d, \u201cHeyd\u0259r \u018fliyev v\u0259 Az\u0259rbaycan\u0131n m\u00fcst\u0259qillik ill\u0259ri\u201d, \u201cHeyd\u0259r \u018fliyev v\u0259 Qaraba\u011f h\u0259qiq\u0259tl\u0259ri\u201d, \u201cAz\u0259rbaycan Ordusunun V\u0259t\u0259n m\u00fcharib\u0259sind\u0259 z\u0259f\u0259r y\u00fcr\u00fc\u015f\u00fc\u201d v\u0259 dig\u0259r m\u00f6vzularda bilikl\u0259rini s\u0131nayacaqlar. Qeyd&hellip;<\/p>\n","protected":false},"author":2,"featured_media":644859,"comment_status":"closed","ping_status":"closed","sticky":false,"template":"","format":"standard","meta":{"om_disable_all_campaigns":false,"_monsterinsights_skip_tracking":false,"_monsterinsights_sitenote_active":false,"_monsterinsights_sitenote_note":"","_monsterinsights_sitenote_category":0},"categories":[1],"tags":[],"aioseo_notices":[],"gutentor_comment":0,"rttpg_featured_image_url":{"full":["https:\/\/arantv.az\/wp-content\/uploads\/2023\/10\/Presreliz-HA-Az-Tarix.jpg",620,413,false],"landscape":["https:\/\/arantv.az\/wp-content\/uploads\/2023\/10\/Presreliz-HA-Az-Tarix.jpg",620,413,false],"portraits":["https:\/\/arantv.az\/wp-content\/uploads\/2023\/10\/Presreliz-HA-Az-Tarix.jpg",620,413,false],"thumbnail":["https:\/\/arantv.az\/wp-content\/uploads\/2023\/10\/Presreliz-HA-Az-Tarix-500x280.jpg",500,280,true],"medium":["https:\/\/arantv.az\/wp-content\/uploads\/2023\/10\/Presreliz-HA-Az-Tarix-548x365.jpg",548,365,true],"large":["https:\/\/arantv.az\/wp-content\/uploads\/2023\/10\/Presreliz-HA-Az-Tarix.jpg",620,413,false],"1536x1536":["https:\/\/arantv.az\/wp-content\/uploads\/2023\/10\/Presreliz-HA-Az-Tarix.jpg",620,413,false],"2048x2048":["https:\/\/arantv.az\/wp-content\/uploads\/2023\/10\/Presreliz-HA-Az-Tarix.jpg",620,413,false],"post-thumbnail":["https:\/\/arantv.az\/wp-content\/uploads\/2023\/10\/Presreliz-HA-Az-Tarix-240x172.jpg",240,172,true],"advps-thumb-one":["https:\/\/arantv.az\/wp-content\/uploads\/2023\/10\/Presreliz-HA-Az-Tarix.jpg",620,413,false]},"rttpg_author":{"display_name":"V\u00fcsal Rafiqo\u011flu","author_link":"https:\/\/arantv.az\/?author=2"},"rttpg_comment":0,"rttpg_category":"<a href=\"https:\/\/arantv.az\/?cat=1\" rel=\"category\">C\u0259miyy\u0259t<\/a>","rttpg_excerpt":"Oktyabr\u0131n 18-d\u0259 Heyd\u0259r \u018fliyev M\u0259rk\u0259zind\u0259 n\u00f6vb\u0259ti \u00fcmumrespublika bilik yar\u0131\u015f\u0131 ke\u00e7iril\u0259c\u0259k. \u201cHeyd\u0259r \u018fliyev v\u0259 Az\u0259rbaycan tarixi\u201d IX \u00fcmumrespublika bilik yar\u0131\u015f\u0131 Heyd\u0259r \u018fliyev M\u0259rk\u0259zinin t\u0259\u015fkilat\u00e7\u0131l\u0131\u011f\u0131, Elm v\u0259 T\u0259hsil Nazirliyinin d\u0259st\u0259yi il\u0259 ba\u015f tutacaq. Art\u0131q \u0259n\u0259n\u0259y\u0259 \u00e7evril\u0259n bu layih\u0259 Az\u0259rbaycan tarixinin v\u0259 bu il 100 illiyi qeyd edil\u0259n \u00fcmummilli lider Heyd\u0259r \u018fliyevin h\u0259yat\u0131n\u0131n, \u00e7ox\u015fax\u0259li f\u0259aliyy\u0259tinin v\u0259 irsinin t\u0259dqiqi,&hellip;","_links":{"self":[{"href":"https:\/\/arantv.az\/index.php?rest_route=\/wp\/v2\/posts\/644858"}],"collection":[{"href":"https:\/\/arantv.az\/index.php?rest_route=\/wp\/v2\/posts"}],"about":[{"href":"https:\/\/arantv.az\/index.php?rest_route=\/wp\/v2\/types\/post"}],"author":[{"embeddable":true,"href":"https:\/\/arantv.az\/index.php?rest_route=\/wp\/v2\/users\/2"}],"replies":[{"embeddable":true,"href":"https:\/\/arantv.az\/index.php?rest_route=%2Fwp%2Fv2%2Fcomments&post=644858"}],"version-history":[{"count":0,"href":"https:\/\/arantv.az\/index.php?rest_route=\/wp\/v2\/posts\/644858\/revisions"}],"wp:featuredmedia":[{"embeddable":true,"href":"https:\/\/arantv.az\/index.php?rest_route=\/wp\/v2\/media\/644859"}],"wp:attachment":[{"href":"https:\/\/arantv.az\/index.php?rest_route=%2Fwp%2Fv2%2Fmedia&parent=644858"}],"wp:term":[{"taxonomy":"category","embeddable":true,"href":"https:\/\/arantv.az\/index.php?rest_route=%2Fwp%2Fv2%2Fcategories&post=644858"},{"taxonomy":"post_tag","embeddable":true,"href":"https:\/\/arantv.az\/index.php?rest_route=%2Fwp%2Fv2%2Ftags&post=644858"}],"curies":[{"name":"wp","href":"https:\/\/api.w.org\/{rel}","templated":true}]}}