{"id":644868,"date":"2023-10-13T12:14:01","date_gmt":"2023-10-13T08:14:01","guid":{"rendered":"https:\/\/arantv.az\/?p=644868"},"modified":"2023-10-13T12:14:01","modified_gmt":"2023-10-13T08:14:01","slug":"beyn%c9%99lxalq-huquq-isl%c9%99mir-%c9%99ks-halda-bmt-v%c9%99-at%c9%99t-erm%c9%99nistani-sulh%c9%99-m%c9%99cbur-ed%c9%99rdil%c9%99r-s%c9%99rh","status":"publish","type":"post","link":"https:\/\/arantv.az\/?p=644868","title":{"rendered":"\u201cBeyn\u0259lxalq h\u00fcquq i\u015fl\u0259mir, \u0259ks halda BMT v\u0259 AT\u018fT Erm\u0259nistan\u0131 s\u00fclh\u0259 m\u0259cbur ed\u0259rdil\u0259r\u201d &#8211; \u015e\u018fRH"},"content":{"rendered":"<p>\u201c44 g\u00fcnl\u00fck V\u0259t\u0259n m\u00fcharib\u0259sind\u0259 torpaqlar\u0131m\u0131z\u0131n i\u015f\u011faldan azad edilm\u0259sind\u0259n sonra Az\u0259rbaycan d\u00f6vl\u0259ti C\u0259nubi Qafqaz regionunun s\u00fclh v\u0259 \u0259m\u0259kda\u015fl\u0131q m\u0259kan\u0131na \u00e7evrilm\u0259si \u00fc\u00e7\u00fcn t\u0259\u015f\u0259bb\u00fcsl\u0259rl\u0259 \u00e7\u0131x\u0131\u015f edib. Erm\u0259nistanla s\u00fclh sazi\u015fi imzalamaq t\u0259klifi d\u0259 ilk olaraq Az\u0259rbaycan t\u0259r\u0259find\u0259n verilib. M\u00fcnaqi\u015f\u0259 ba\u015fa \u00e7atd\u0131qdan sonra xalq\u0131m\u0131z\u0131n uzun ill\u0259r \u0259rzind\u0259 m\u0259ruz qald\u0131\u011f\u0131 \u0259zab-\u0259ziyy\u0259t\u0259, m\u0259hrumiyy\u0259tl\u0259r\u0259 v\u0259 da\u011f\u0131nt\u0131lara baxmayaraq, Az\u0259rbaycan t\u0259r\u0259find\u0259n Erm\u0259nistanla davaml\u0131 s\u00fclh\u00fcn t\u0259min edilm\u0259si istiqam\u0259tind\u0259 f\u0259al i\u015f apar\u0131l\u0131r. M\u0259qs\u0259d regionun s\u00fclh v\u0259 \u0259m\u0259kda\u015fl\u0131q m\u0259kan\u0131na \u00e7evrilm\u0259sidir\u201d.<\/p>\n<p>Bu fikirl\u0259ri\u00a0<strong>Oxu.Az<\/strong>-a a\u00e7\u0131qlamas\u0131nda Milli M\u0259clisin Beyn\u0259lxalq m\u00fcnasib\u0259tl\u0259r v\u0259 parlamentl\u0259raras\u0131 \u0259laq\u0259l\u0259r komit\u0259sinin s\u0259dr m\u00fcavini<strong>\u00a0Sevinc F\u0259t\u0259liyeva<\/strong>\u00a0deyib.<\/p>\n<p>Deputat bildirib ki, sentyabr ay\u0131nda ordumuzun Qaraba\u011fda h\u0259yata ke\u00e7irdiyi lokal antiterror t\u0259dbirl\u0259rind\u0259n sonra suverenliyimiz t\u0259min olunub:<\/p>\n<p>\u201cAntiterror t\u0259dbirl\u0259ri n\u0259tic\u0259sind\u0259 d\u00f6vl\u0259t suverenliyimizin tam b\u0259rpa olunmas\u0131 \u00fcmumilikd\u0259 regionda t\u0259hl\u00fck\u0259sizliyin m\u00f6hk\u0259ml\u0259nm\u0259si v\u0259 s\u00fclh\u0259 nail olunmas\u0131 \u00fc\u00e7\u00fcn imkanlar yarad\u0131r. Az\u0259rbaycan h\u0259mi\u015f\u0259 s\u00fclh t\u0259r\u0259fdar\u0131 oldu\u011funu b\u0259yan edir. Haz\u0131rda b\u00f6lg\u0259d\u0259 s\u00fclh\u00fcn t\u0259min olunmas\u0131 m\u0259qs\u0259dil\u0259 bir s\u0131ra beyn\u0259lxalq platformalar \u00e7\u0259r\u00e7iv\u0259sind\u0259 m\u00fczakir\u0259l\u0259r apar\u0131l\u0131r. Az\u0259rbaycan regionda s\u00fclh\u00fcn b\u0259rq\u0259rar olmas\u0131 namin\u0259 ir\u0259li s\u00fcr\u00fcl\u0259n, real n\u0259tic\u0259y\u0259 y\u00f6n\u0259ldilmi\u015f beyn\u0259lxalq t\u0259\u015f\u0259bb\u00fcsl\u0259ri d\u0259st\u0259kl\u0259yir. Sad\u0259c\u0259, Erm\u0259nistan hakimiyy\u0259ti \u00f6z\u00fcnd\u0259 irad\u0259 tap\u0131b regionumuzun g\u0259l\u0259c\u0259yi namin\u0259 s\u00fclh sazi\u015fini imzalamal\u0131d\u0131r. T\u0259\u0259ss\u00fcf ki, biz h\u0259l\u0259 d\u0259 bunu m\u00fc\u015fahid\u0259 etmirik\u201d.<\/p>\n<p>Mill\u0259t v\u0259kilinin s\u00f6zl\u0259rin\u0259 g\u00f6r\u0259, Erm\u0259nistan 28 il AT\u018fT-in ke\u00e7mi\u015f Minsk qrupunun vasit\u0259\u00e7iliyi il\u0259 davam ed\u0259n dan\u0131\u015f\u0131qlar prosesini daim pozurdu. Bu da onu g\u00f6st\u0259rirdi ki, r\u0259smi \u0130r\u0259van s\u00fclh ist\u0259mir, sad\u0259c\u0259, dan\u0131\u015f\u0131qlar\u0131n imitasiyas\u0131 il\u0259 m\u0259\u015f\u011ful olur:<\/p>\n<p>\u201cOna g\u00f6r\u0259 d\u0259 Az\u0259rbaycan d\u00f6vl\u0259ti m\u00fcnaqi\u015f\u0259ni \u00f6z g\u00fcc\u00fc il\u0259 h\u0259ll etm\u0259y\u0259 m\u0259cbur oldu. D\u00f6vl\u0259timiz t\u0259kba\u015f\u0131na BMT T\u0259hl\u00fck\u0259sizlik \u015euras\u0131n\u0131n d\u00f6rd q\u0259tnam\u0259sini icra etdi. \u018flb\u0259tt\u0259 ki, h\u0259m BMT T\u0259hl\u00fck\u0259sizlik \u015euras\u0131, h\u0259m d\u0259 AT\u018fT ist\u0259s\u0259ydil\u0259r, Erm\u0259nistan\u0131 s\u00fclh\u0259 m\u0259cbur ed\u0259rdil\u0259r. AT\u018fT-in ke\u00e7mi\u015f Minsk qrupunun h\u0259ms\u0259drl\u0259ri olmu\u015f AB\u015e, Rusiya v\u0259 Fransa BMT T\u015e-nin daimi \u00fczvl\u0259ridir. Problemin s\u00fclh yolu il\u0259 h\u0259ll olunmamas\u0131 bu qurumlar\u0131n Az\u0259rbaycana qar\u015f\u0131 ikili standartlar\u0131n\u0131n t\u0259zah\u00fcr\u00fc idi. 30 illik dan\u0131\u015f\u0131qlar prosesinin iflasa u\u011framas\u0131 g\u00f6st\u0259rdi ki, beyn\u0259lxalq t\u0259\u015fkilatlarda, o c\u00fcml\u0259d\u0259n AT\u018fT v\u0259 BMT-d\u0259 k\u00f6kl\u00fc d\u0259yi\u015fiklikl\u0259r, islahatlar apar\u0131lmal\u0131d\u0131r.<\/p>\n<p>\u018flb\u0259tt\u0259 ki, beyn\u0259lxalq t\u0259\u015fkilatlar\u0131n d\u00fcnyada s\u00fclh\u0259, sabitliy\u0259 t\u00f6hf\u0259 verm\u0259si z\u0259ruridir. Amma t\u0259\u0259ss\u00fcf ki, bu g\u00fcn beyn\u0259lxalq h\u00fcquq i\u015fl\u0259mir. Ona g\u00f6r\u0259 d\u0259 beyn\u0259lxalq t\u0259\u015fkilatlar \u00f6z funksiyalar\u0131n\u0131 yerin\u0259 yetir\u0259 bilmirl\u0259r. \u018fn ac\u0131nacaql\u0131s\u0131 odur ki, bu qurumlar m\u00fc\u0259yy\u0259n beyn\u0259lxalq g\u00fccl\u0259rin \u0259lind\u0259 al\u0259t\u0259 \u00e7evrilibl\u0259r. Bu s\u0259b\u0259bd\u0259n d\u0259, beyn\u0259lxalq qurumlarda islahatlar\u0131n apar\u0131lmas\u0131 olduqca z\u0259ruridir. Onlar prosesl\u0259r\u0259 yana\u015fmada hans\u0131sa q\u00fcvv\u0259l\u0259rin maraqlar\u0131na uy\u011fun \u00e7\u0131x\u0131\u015f etm\u0259m\u0259li, yaln\u0131z beyn\u0259lxalq h\u00fcquq normalar\u0131n\u0131 \u0259sas g\u00f6t\u00fcrm\u0259lidirl\u0259r. Bilirsiniz ki, AT\u018fT-in Minsk qrupu art\u0131q f\u0259aliyy\u0259t g\u00f6st\u0259rmir, 44 g\u00fcnl\u00fck m\u00fcharib\u0259d\u0259n sonra ona ehtiyac qalmay\u0131b. Amma \u00f6lk\u0259miz BMT v\u0259 AT\u018fT-in \u00fczv\u00fc olaraq bu t\u0259sisatlarla \u0259m\u0259kda\u015fl\u0131q etm\u0259lidir v\u0259 edir. D\u00f6vl\u0259timiz b\u00f6lg\u0259d\u0259 s\u00fclh\u00fcn t\u0259min olunmas\u0131na y\u00f6n\u0259lmi\u015f beyn\u0259lxalq t\u0259\u015f\u0259bb\u00fcsl\u0259ri d\u0259st\u0259kl\u0259yir. Bu qurumlar da \u0259g\u0259r Az\u0259rbaycanla Erm\u0259nistan aras\u0131nda m\u00fcnasib\u0259tl\u0259rin normalla\u015fd\u0131r\u0131lmas\u0131 prosesin\u0259 t\u00f6hf\u0259 verm\u0259k ist\u0259yirl\u0259rs\u0259, \u0259dal\u0259tli v\u0259 beyn\u0259lxalq h\u00fcquqa \u0259saslanan m\u00f6vqe n\u00fcmayi\u015f etdirm\u0259lidirl\u0259r\u201d.<\/p>\n","protected":false},"excerpt":{"rendered":"<p>\u201c44 g\u00fcnl\u00fck V\u0259t\u0259n m\u00fcharib\u0259sind\u0259 torpaqlar\u0131m\u0131z\u0131n i\u015f\u011faldan azad edilm\u0259sind\u0259n sonra Az\u0259rbaycan d\u00f6vl\u0259ti C\u0259nubi Qafqaz regionunun s\u00fclh v\u0259 \u0259m\u0259kda\u015fl\u0131q m\u0259kan\u0131na \u00e7evrilm\u0259si \u00fc\u00e7\u00fcn t\u0259\u015f\u0259bb\u00fcsl\u0259rl\u0259 \u00e7\u0131x\u0131\u015f edib. Erm\u0259nistanla s\u00fclh sazi\u015fi imzalamaq t\u0259klifi d\u0259 ilk olaraq Az\u0259rbaycan t\u0259r\u0259find\u0259n verilib. M\u00fcnaqi\u015f\u0259 ba\u015fa \u00e7atd\u0131qdan sonra xalq\u0131m\u0131z\u0131n uzun ill\u0259r \u0259rzind\u0259 m\u0259ruz qald\u0131\u011f\u0131 \u0259zab-\u0259ziyy\u0259t\u0259, m\u0259hrumiyy\u0259tl\u0259r\u0259 v\u0259 da\u011f\u0131nt\u0131lara baxmayaraq, Az\u0259rbaycan t\u0259r\u0259find\u0259n Erm\u0259nistanla davaml\u0131 s\u00fclh\u00fcn t\u0259min edilm\u0259si istiqam\u0259tind\u0259 f\u0259al i\u015f apar\u0131l\u0131r. M\u0259qs\u0259d regionun s\u00fclh v\u0259 \u0259m\u0259kda\u015fl\u0131q m\u0259kan\u0131na \u00e7evrilm\u0259sidir\u201d. Bu fikirl\u0259ri\u00a0Oxu.Az-a a\u00e7\u0131qlamas\u0131nda Milli M\u0259clisin Beyn\u0259lxalq m\u00fcnasib\u0259tl\u0259r v\u0259 parlamentl\u0259raras\u0131 \u0259laq\u0259l\u0259r komit\u0259sinin s\u0259dr m\u00fcavini\u00a0Sevinc F\u0259t\u0259liyeva\u00a0deyib. Deputat bildirib ki, sentyabr ay\u0131nda ordumuzun Qaraba\u011fda h\u0259yata ke\u00e7irdiyi&hellip;<\/p>\n","protected":false},"author":2,"featured_media":644870,"comment_status":"closed","ping_status":"closed","sticky":false,"template":"","format":"standard","meta":{"om_disable_all_campaigns":false,"_monsterinsights_skip_tracking":false,"_monsterinsights_sitenote_active":false,"_monsterinsights_sitenote_note":"","_monsterinsights_sitenote_category":0},"categories":[4],"tags":[],"aioseo_notices":[],"gutentor_comment":0,"rttpg_featured_image_url":{"full":["https:\/\/arantv.az\/wp-content\/uploads\/2023\/10\/sevinccccc.jpg",620,413,false],"landscape":["https:\/\/arantv.az\/wp-content\/uploads\/2023\/10\/sevinccccc.jpg",620,413,false],"portraits":["https:\/\/arantv.az\/wp-content\/uploads\/2023\/10\/sevinccccc.jpg",620,413,false],"thumbnail":["https:\/\/arantv.az\/wp-content\/uploads\/2023\/10\/sevinccccc-500x280.jpg",500,280,true],"medium":["https:\/\/arantv.az\/wp-content\/uploads\/2023\/10\/sevinccccc-548x365.jpg",548,365,true],"large":["https:\/\/arantv.az\/wp-content\/uploads\/2023\/10\/sevinccccc.jpg",620,413,false],"1536x1536":["https:\/\/arantv.az\/wp-content\/uploads\/2023\/10\/sevinccccc.jpg",620,413,false],"2048x2048":["https:\/\/arantv.az\/wp-content\/uploads\/2023\/10\/sevinccccc.jpg",620,413,false],"post-thumbnail":["https:\/\/arantv.az\/wp-content\/uploads\/2023\/10\/sevinccccc-240x172.jpg",240,172,true],"advps-thumb-one":["https:\/\/arantv.az\/wp-content\/uploads\/2023\/10\/sevinccccc.jpg",620,413,false]},"rttpg_author":{"display_name":"V\u00fcsal Rafiqo\u011flu","author_link":"https:\/\/arantv.az\/?author=2"},"rttpg_comment":0,"rttpg_category":"<a href=\"https:\/\/arantv.az\/?cat=4\" rel=\"category\">Siyas\u0259t<\/a>","rttpg_excerpt":"\u201c44 g\u00fcnl\u00fck V\u0259t\u0259n m\u00fcharib\u0259sind\u0259 torpaqlar\u0131m\u0131z\u0131n i\u015f\u011faldan azad edilm\u0259sind\u0259n sonra Az\u0259rbaycan d\u00f6vl\u0259ti C\u0259nubi Qafqaz regionunun s\u00fclh v\u0259 \u0259m\u0259kda\u015fl\u0131q m\u0259kan\u0131na \u00e7evrilm\u0259si \u00fc\u00e7\u00fcn t\u0259\u015f\u0259bb\u00fcsl\u0259rl\u0259 \u00e7\u0131x\u0131\u015f edib. Erm\u0259nistanla s\u00fclh sazi\u015fi imzalamaq t\u0259klifi d\u0259 ilk olaraq Az\u0259rbaycan t\u0259r\u0259find\u0259n verilib. M\u00fcnaqi\u015f\u0259 ba\u015fa \u00e7atd\u0131qdan sonra xalq\u0131m\u0131z\u0131n uzun ill\u0259r \u0259rzind\u0259 m\u0259ruz qald\u0131\u011f\u0131 \u0259zab-\u0259ziyy\u0259t\u0259, m\u0259hrumiyy\u0259tl\u0259r\u0259 v\u0259 da\u011f\u0131nt\u0131lara baxmayaraq, Az\u0259rbaycan t\u0259r\u0259find\u0259n Erm\u0259nistanla davaml\u0131 s\u00fclh\u00fcn t\u0259min&hellip;","_links":{"self":[{"href":"https:\/\/arantv.az\/index.php?rest_route=\/wp\/v2\/posts\/644868"}],"collection":[{"href":"https:\/\/arantv.az\/index.php?rest_route=\/wp\/v2\/posts"}],"about":[{"href":"https:\/\/arantv.az\/index.php?rest_route=\/wp\/v2\/types\/post"}],"author":[{"embeddable":true,"href":"https:\/\/arantv.az\/index.php?rest_route=\/wp\/v2\/users\/2"}],"replies":[{"embeddable":true,"href":"https:\/\/arantv.az\/index.php?rest_route=%2Fwp%2Fv2%2Fcomments&post=644868"}],"version-history":[{"count":0,"href":"https:\/\/arantv.az\/index.php?rest_route=\/wp\/v2\/posts\/644868\/revisions"}],"wp:featuredmedia":[{"embeddable":true,"href":"https:\/\/arantv.az\/index.php?rest_route=\/wp\/v2\/media\/644870"}],"wp:attachment":[{"href":"https:\/\/arantv.az\/index.php?rest_route=%2Fwp%2Fv2%2Fmedia&parent=644868"}],"wp:term":[{"taxonomy":"category","embeddable":true,"href":"https:\/\/arantv.az\/index.php?rest_route=%2Fwp%2Fv2%2Fcategories&post=644868"},{"taxonomy":"post_tag","embeddable":true,"href":"https:\/\/arantv.az\/index.php?rest_route=%2Fwp%2Fv2%2Ftags&post=644868"}],"curies":[{"name":"wp","href":"https:\/\/api.w.org\/{rel}","templated":true}]}}