{"id":644869,"date":"2023-10-13T12:14:06","date_gmt":"2023-10-13T08:14:06","guid":{"rendered":"https:\/\/arantv.az\/?p=644869"},"modified":"2023-10-13T12:14:06","modified_gmt":"2023-10-13T08:14:06","slug":"ekspertd%c9%99n-irad-bu-gun-direktorlar-sagird%c9%99-soz-dem%c9%99y%c9%99-ehtiyat-edirl%c9%99r","status":"publish","type":"post","link":"https:\/\/arantv.az\/?p=644869","title":{"rendered":"Ekspertd\u0259n \u0130RAD: \u201cBu g\u00fcn direktorlar \u015fagird\u0259 s\u00f6z dem\u0259y\u0259 ehtiyat edirl\u0259r\u201d"},"content":{"rendered":"<p>Bu g\u00fcn h\u0259ssas, bir o q\u0259d\u0259r d\u0259 m\u00fch\u00fcm sah\u0259 say\u0131lan t\u0259hsild\u0259 dinamik d\u0259yi\u015fiklikl\u0259r, m\u00fcasir islahatlar apar\u0131l\u0131r. H\u0259min islahatlarda t\u0259hsilin keyfiyy\u0259tinin v\u0259 s\u0259m\u0259r\u0259liliyinin art\u0131r\u0131lmas\u0131 il\u0259 ba\u011fl\u0131 yeni yana\u015fmalar m\u00f6vcuddur. Eyni zamanda, valideynl\u0259ri t\u0259lim-t\u0259dris prosesin\u0259 c\u0259lb etm\u0259k \u00fc\u00e7\u00fcn yeni modullar d\u00fc\u015f\u00fcn\u00fcl\u00fcr.<\/p>\n<p>B\u0259s\u00a0bu inki\u015faf valideyn-m\u00fc\u0259llim, m\u00fc\u0259llim-\u015fagird m\u00fcnasib\u0259tl\u0259rin\u0259 n\u0259 d\u0259r\u0259c\u0259d\u0259 m\u00fcsb\u0259t t\u0259sir g\u00f6st\u0259r\u0259 bilib?<\/p>\n<p>T\u0259hsil eksperti \u0130lqar Orucov\u00a0Bizim.media-ya a\u00e7\u0131qlamas\u0131nda bildirib ki, valideynl\u0259r travmal\u0131 u\u015faqlar\u0131n\u0131 m\u0259kt\u0259b\u0259 g\u0259tirirl\u0259r:<\/p>\n<p>\u201cValideyn-m\u00fc\u0259llim, m\u00fc\u0259llim-\u015fagird m\u00fcnasib\u0259tl\u0259rinin \u0259slind\u0259 bug\u00fcnk\u00fc durumu h\u0259qiq\u0259t\u0259n d\u0259 m\u00fczakir\u0259 m\u00f6vzusudur v\u0259 bu istiqam\u0259td\u0259 kifay\u0259t q\u0259d\u0259r probleml\u0259r var. M\u0259n birm\u0259nal\u0131 olaraq \u015fagirdin m\u00fc\u0259llimd\u0259n qorxma\u011f\u0131n\u0131n \u0259leyhin\u0259y\u0259m.<\/p>\n<p>Amma b\u00fct\u00fcn hallarda \u015fagird m\u00fc\u0259llim\u0259, m\u00fc\u0259llim d\u0259 \u015fagird\u0259 h\u00f6rm\u0259t etm\u0259lidir. M\u00fc\u0259llim-\u015fagird m\u00fcnasib\u0259tl\u0259rinin z\u0259d\u0259l\u0259nm\u0259sinin s\u0259b\u0259bi ail\u0259l\u0259rd\u0259n qaynaqlan\u0131r. Valideyn \u00f6vlad\u0131na d\u00fczg\u00fcn t\u0259rbiy\u0259 verm\u0259y\u0259nd\u0259 bu kimi hallar ba\u015f verir.<\/p>\n<p>Direktor \u015fagird\u0259 s\u00f6z dey\u0259 bilmir&#8230;<\/p>\n<p>T\u0259\u0259ss\u00fcf ki, valideynl\u0259r bir \u00e7ox hallarda travmal\u0131 u\u015faqlar\u0131 m\u0259kt\u0259b\u0259 g\u0259tirirl\u0259r. \u018flb\u0259tt\u0259 ki, m\u0259kt\u0259b h\u0259m d\u0259 h\u0259min u\u015faqlar \u00fc\u00e7\u00fcnd\u00fcr. Lakin valideynl\u0259r \u00f6vladlar\u0131n\u0131n t\u0259rbiy\u0259sind\u0259n m\u0259suliyy\u0259t da\u015f\u0131mal\u0131d\u0131r. T\u0259bii ki, b\u0259zi hallarda m\u00fc\u0259lliml\u0259rd\u0259 d\u0259 probleml\u0259r olur.<\/p>\n<p>Lakin do\u011frudan da \u00e7ox \u00e7\u0259tin t\u0259rbiy\u0259 olunan u\u015faqlar var. Bu g\u00fcn sinifd\u0259 s\u0259s salan u\u015fa\u011fa m\u0259kt\u0259b direktoru bel\u0259 s\u00f6z dey\u0259 bilmir, \u00e7\u00fcnki ehtiyat edir. \u018fks\u0259r hallarda sosial \u015f\u0259b\u0259k\u0259l\u0259rd\u0259 bel\u0259 hallar ictimail\u0259\u015f\u0259nd\u0259 g\u00fcnahkar m\u00fc\u0259llim v\u0259 m\u0259kt\u0259b r\u0259hb\u0259rliyi g\u00f6st\u0259rilir.<\/p>\n<p>Bel\u0259 v\u0259ziyy\u0259td\u0259 \u00f6mr\u00fcnd\u0259 bir kitab oxumayan v\u0259 ya davran\u0131\u015f\u0131 il\u0259 n\u00fcmun\u0259 olmayan hans\u0131sa valideyn g\u0259lib m\u00fc\u0259llim\u0259 qar\u015f\u0131 aqressiya n\u00fcmayi\u015f etdirir. M\u0259n d\u00fc\u015f\u00fcn\u00fcr\u0259m ki, bu c\u00fcr m\u0259s\u0259l\u0259l\u0259rd\u0259 biz m\u00fc\u0259lliml\u0259rimizi, m\u0259kt\u0259bi qorumal\u0131y\u0131q. \u0130ctimai q\u0131naq, maarifl\u0259ndirici verili\u015fl\u0259r m\u00fctl\u0259q \u015f\u0259kild\u0259 olmal\u0131d\u0131r. C\u0259miyy\u0259timiz \u00f6z\u00fc valideynl\u0259ri t\u0259nbeh etm\u0259li, haqq\u0131n yan\u0131nda olmal\u0131d\u0131r.<\/p>\n<p>Savads\u0131z valideyn ordusu yaran\u0131b v\u0259 qeyd etdiyim kimi travmal\u0131 ail\u0259l\u0259r var. M\u0259kt\u0259b m\u00fchitind\u0259, eyni zamanda ail\u0259l\u0259rd\u0259 z\u0259d\u0259l\u0259nmi\u015f m\u00fcnasib\u0259tl\u0259r sistemi b\u0259rpa edilm\u0259lidir\u201d.<\/p>\n","protected":false},"excerpt":{"rendered":"<p>Bu g\u00fcn h\u0259ssas, bir o q\u0259d\u0259r d\u0259 m\u00fch\u00fcm sah\u0259 say\u0131lan t\u0259hsild\u0259 dinamik d\u0259yi\u015fiklikl\u0259r, m\u00fcasir islahatlar apar\u0131l\u0131r. H\u0259min islahatlarda t\u0259hsilin keyfiyy\u0259tinin v\u0259 s\u0259m\u0259r\u0259liliyinin art\u0131r\u0131lmas\u0131 il\u0259 ba\u011fl\u0131 yeni yana\u015fmalar m\u00f6vcuddur. Eyni zamanda, valideynl\u0259ri t\u0259lim-t\u0259dris prosesin\u0259 c\u0259lb etm\u0259k \u00fc\u00e7\u00fcn yeni modullar d\u00fc\u015f\u00fcn\u00fcl\u00fcr. B\u0259s\u00a0bu inki\u015faf valideyn-m\u00fc\u0259llim, m\u00fc\u0259llim-\u015fagird m\u00fcnasib\u0259tl\u0259rin\u0259 n\u0259 d\u0259r\u0259c\u0259d\u0259 m\u00fcsb\u0259t t\u0259sir g\u00f6st\u0259r\u0259 bilib? T\u0259hsil eksperti \u0130lqar Orucov\u00a0Bizim.media-ya a\u00e7\u0131qlamas\u0131nda bildirib ki, valideynl\u0259r travmal\u0131 u\u015faqlar\u0131n\u0131 m\u0259kt\u0259b\u0259 g\u0259tirirl\u0259r: \u201cValideyn-m\u00fc\u0259llim, m\u00fc\u0259llim-\u015fagird m\u00fcnasib\u0259tl\u0259rinin \u0259slind\u0259 bug\u00fcnk\u00fc durumu h\u0259qiq\u0259t\u0259n d\u0259 m\u00fczakir\u0259 m\u00f6vzusudur v\u0259 bu istiqam\u0259td\u0259 kifay\u0259t q\u0259d\u0259r probleml\u0259r var. M\u0259n birm\u0259nal\u0131 olaraq \u015fagirdin m\u00fc\u0259llimd\u0259n qorxma\u011f\u0131n\u0131n \u0259leyhin\u0259y\u0259m. Amma b\u00fct\u00fcn hallarda \u015fagird&hellip;<\/p>\n","protected":false},"author":2,"featured_media":644872,"comment_status":"closed","ping_status":"closed","sticky":false,"template":"","format":"standard","meta":{"om_disable_all_campaigns":false,"_monsterinsights_skip_tracking":false,"_monsterinsights_sitenote_active":false,"_monsterinsights_sitenote_note":"","_monsterinsights_sitenote_category":0},"categories":[1],"tags":[],"aioseo_notices":[],"gutentor_comment":0,"rttpg_featured_image_url":{"full":["https:\/\/arantv.az\/wp-content\/uploads\/2023\/10\/338451.jpg",620,413,false],"landscape":["https:\/\/arantv.az\/wp-content\/uploads\/2023\/10\/338451.jpg",620,413,false],"portraits":["https:\/\/arantv.az\/wp-content\/uploads\/2023\/10\/338451.jpg",620,413,false],"thumbnail":["https:\/\/arantv.az\/wp-content\/uploads\/2023\/10\/338451-500x280.jpg",500,280,true],"medium":["https:\/\/arantv.az\/wp-content\/uploads\/2023\/10\/338451-548x365.jpg",548,365,true],"large":["https:\/\/arantv.az\/wp-content\/uploads\/2023\/10\/338451.jpg",620,413,false],"1536x1536":["https:\/\/arantv.az\/wp-content\/uploads\/2023\/10\/338451.jpg",620,413,false],"2048x2048":["https:\/\/arantv.az\/wp-content\/uploads\/2023\/10\/338451.jpg",620,413,false],"post-thumbnail":["https:\/\/arantv.az\/wp-content\/uploads\/2023\/10\/338451-240x172.jpg",240,172,true],"advps-thumb-one":["https:\/\/arantv.az\/wp-content\/uploads\/2023\/10\/338451.jpg",620,413,false]},"rttpg_author":{"display_name":"V\u00fcsal Rafiqo\u011flu","author_link":"https:\/\/arantv.az\/?author=2"},"rttpg_comment":0,"rttpg_category":"<a href=\"https:\/\/arantv.az\/?cat=1\" rel=\"category\">C\u0259miyy\u0259t<\/a>","rttpg_excerpt":"Bu g\u00fcn h\u0259ssas, bir o q\u0259d\u0259r d\u0259 m\u00fch\u00fcm sah\u0259 say\u0131lan t\u0259hsild\u0259 dinamik d\u0259yi\u015fiklikl\u0259r, m\u00fcasir islahatlar apar\u0131l\u0131r. H\u0259min islahatlarda t\u0259hsilin keyfiyy\u0259tinin v\u0259 s\u0259m\u0259r\u0259liliyinin art\u0131r\u0131lmas\u0131 il\u0259 ba\u011fl\u0131 yeni yana\u015fmalar m\u00f6vcuddur. Eyni zamanda, valideynl\u0259ri t\u0259lim-t\u0259dris prosesin\u0259 c\u0259lb etm\u0259k \u00fc\u00e7\u00fcn yeni modullar d\u00fc\u015f\u00fcn\u00fcl\u00fcr. B\u0259s\u00a0bu inki\u015faf valideyn-m\u00fc\u0259llim, m\u00fc\u0259llim-\u015fagird m\u00fcnasib\u0259tl\u0259rin\u0259 n\u0259 d\u0259r\u0259c\u0259d\u0259 m\u00fcsb\u0259t t\u0259sir g\u00f6st\u0259r\u0259 bilib? T\u0259hsil eksperti \u0130lqar Orucov\u00a0Bizim.media-ya a\u00e7\u0131qlamas\u0131nda&hellip;","_links":{"self":[{"href":"https:\/\/arantv.az\/index.php?rest_route=\/wp\/v2\/posts\/644869"}],"collection":[{"href":"https:\/\/arantv.az\/index.php?rest_route=\/wp\/v2\/posts"}],"about":[{"href":"https:\/\/arantv.az\/index.php?rest_route=\/wp\/v2\/types\/post"}],"author":[{"embeddable":true,"href":"https:\/\/arantv.az\/index.php?rest_route=\/wp\/v2\/users\/2"}],"replies":[{"embeddable":true,"href":"https:\/\/arantv.az\/index.php?rest_route=%2Fwp%2Fv2%2Fcomments&post=644869"}],"version-history":[{"count":0,"href":"https:\/\/arantv.az\/index.php?rest_route=\/wp\/v2\/posts\/644869\/revisions"}],"wp:featuredmedia":[{"embeddable":true,"href":"https:\/\/arantv.az\/index.php?rest_route=\/wp\/v2\/media\/644872"}],"wp:attachment":[{"href":"https:\/\/arantv.az\/index.php?rest_route=%2Fwp%2Fv2%2Fmedia&parent=644869"}],"wp:term":[{"taxonomy":"category","embeddable":true,"href":"https:\/\/arantv.az\/index.php?rest_route=%2Fwp%2Fv2%2Fcategories&post=644869"},{"taxonomy":"post_tag","embeddable":true,"href":"https:\/\/arantv.az\/index.php?rest_route=%2Fwp%2Fv2%2Ftags&post=644869"}],"curies":[{"name":"wp","href":"https:\/\/api.w.org\/{rel}","templated":true}]}}